{"id":155642,"date":"2025-04-01T18:08:57","date_gmt":"2025-04-01T15:08:57","guid":{"rendered":"https:\/\/www.tgrthaber.com\/mavikadin\/?p=155642"},"modified":"2025-04-01T18:08:56","modified_gmt":"2025-04-01T15:08:56","slug":"muhabir-dizisi-sete-cikti-kadroya-surpriz-isim-dahil-oldu","status":"publish","type":"post","link":"https:\/\/www.tgrthaber.com\/mavikadin\/muhabir-dizisi-sete-cikti-kadroya-surpriz-isim-dahil-oldu\/","title":{"rendered":"Muhabir dizisi sete \u00e7\u0131kt\u0131! Kadroya s\u00fcrpriz isim dahil oldu"},"content":{"rendered":"<p>Televizyon d\u00fcnyas\u0131nda heyecanla beklenen projelerden biri olan Muhabir dizisi, nihayet sete \u00e7\u0131kt\u0131. Medya sekt\u00f6r\u00fcn\u00fcn perde arkas\u0131na \u0131\u015f\u0131k tutacak olan yap\u0131m, g\u00fc\u00e7l\u00fc kadrosu ve iddial\u0131 senaryosuyla dikkat \u00e7ekiyor. Bas\u0131n d\u00fcnyas\u0131n\u0131n dinamiklerini ve kulislerde ya\u015fanan olaylar\u0131 ele alacak olan dizi, hem s\u00fcr\u00fckleyici hikayesi hem de usta oyuncu kadrosuyla \u015fimdiden b\u00fcy\u00fck merak uyand\u0131rm\u0131\u015f durumda. \u0130\u015fte &#8216;Muhabir&#8217; dizisine dair merak edilen her \u015fey&#8230;<\/p>\n<h3>HAKAN BOYAV&#8217;IN KADROSUNA KATILDI\u011eI &#8216;MUHAB\u0130R&#8217; D\u0130Z\u0130S\u0130 SETE \u00c7IKTI<\/h3>\n<p>Diziye kat\u0131lan en yeni isim ise, T\u00fcrk televizyon ve sinema d\u00fcnyas\u0131n\u0131n usta isimlerinden Hakan Boyav oldu. Daha \u00f6nce bir\u00e7ok ba\u015far\u0131l\u0131 projede yer alan deneyimli oyuncu, \u201cMuhabir\u201d dizisinde \u201c\u015eof\u00f6r Ahmet\u201d karakterini canland\u0131racak. Boyav\u2019\u0131n diziye kat\u0131lmas\u0131, projeye duyulan ilgiyi daha da art\u0131rd\u0131.<\/p>\n<p><img loading=\"lazy\" decoding=\"async\" class=\"alignnone wp-image-155644\" src=\"https:\/\/www.tgrthaber.com\/mavikadin\/wp-content\/uploads\/2-596.png\" alt=\"\" width=\"1208\" height=\"680\" title=\"\" srcset=\"https:\/\/www.tgrthaber.com\/mavikadin\/wp-content\/uploads\/2-596.png 1280w, https:\/\/www.tgrthaber.com\/mavikadin\/wp-content\/uploads\/2-596-300x169.png 300w, https:\/\/www.tgrthaber.com\/mavikadin\/wp-content\/uploads\/2-596-1024x576.png 1024w, https:\/\/www.tgrthaber.com\/mavikadin\/wp-content\/uploads\/2-596-768x432.png 768w\" sizes=\"(max-width: 1208px) 100vw, 1208px\" \/><\/p>\n<hr \/>\n<h3>MEDYA D\u00dcNYASININ PERDE D\u00dcNYASI ANLATILACAK<\/h3>\n<p>SO Medya\u2019n\u0131n TRT Tabii i\u00e7in haz\u0131rlad\u0131\u011f\u0131 ve 10 b\u00f6l\u00fcmden olu\u015fan dizi, medya sekt\u00f6r\u00fcndeki dinamikleri, perde arkas\u0131nda ya\u015fanan \u00e7eki\u015fmeleri ve gazetecilerin zorlu \u00e7al\u0131\u015fma ko\u015fullar\u0131n\u0131 ekrana ta\u015f\u0131yacak. \u201cMuhabir\u201d dizisi, izleyicilere bir haber kanal\u0131n\u0131n i\u00e7 y\u00fcz\u00fcn\u00fc g\u00f6stererek, gazetecili\u011fin sadece ekrana yans\u0131yan k\u0131sm\u0131ndan ibaret olmad\u0131\u011f\u0131n\u0131 g\u00f6zler \u00f6n\u00fcne serecek.<\/p>\n<p><img loading=\"lazy\" decoding=\"async\" class=\"alignnone wp-image-155643\" src=\"https:\/\/www.tgrthaber.com\/mavikadin\/wp-content\/uploads\/1-558.png\" alt=\"\" width=\"1208\" height=\"680\" title=\"\" srcset=\"https:\/\/www.tgrthaber.com\/mavikadin\/wp-content\/uploads\/1-558.png 1280w, https:\/\/www.tgrthaber.com\/mavikadin\/wp-content\/uploads\/1-558-300x169.png 300w, https:\/\/www.tgrthaber.com\/mavikadin\/wp-content\/uploads\/1-558-1024x576.png 1024w, https:\/\/www.tgrthaber.com\/mavikadin\/wp-content\/uploads\/1-558-768x432.png 768w\" sizes=\"(max-width: 1208px) 100vw, 1208px\" \/><\/p>\n<hr \/>\n<h3>USTA OYUNCU HAKAN BOYAV DA KADROYA DAH\u0130L OLDU<\/h3>\n<p>Dizinin ba\u015frollerinde, ba\u015far\u0131l\u0131 oyuncular Furkan And\u0131\u00e7 (U\u011fur Candemir), Ahmet K\u00fcr\u015fat \u00d6\u00e7alan (Bekir \u00c7olak), Cem \u00d6zer (Halim \u00c7ift\u00e7i), Y\u0131lmaz Bayraktar (Eray Y\u0131lmaz) ve Ba\u015fak G\u00fcm\u00fclcinelio\u011flu (Duygu Bilgin) yer al\u0131yor. Kadrosundaki g\u00fc\u00e7l\u00fc isimlerle dikkat \u00e7eken \u201cMuhabir\u201d, izleyicilere s\u00fcr\u00fckleyici bir hik\u00e2ye sunmay\u0131 hedefliyor.<\/p>\n<p><img loading=\"lazy\" decoding=\"async\" class=\"alignnone wp-image-155646\" src=\"https:\/\/www.tgrthaber.com\/mavikadin\/wp-content\/uploads\/4-486.png\" alt=\"\" width=\"1208\" height=\"680\" title=\"\" srcset=\"https:\/\/www.tgrthaber.com\/mavikadin\/wp-content\/uploads\/4-486.png 1280w, https:\/\/www.tgrthaber.com\/mavikadin\/wp-content\/uploads\/4-486-300x169.png 300w, https:\/\/www.tgrthaber.com\/mavikadin\/wp-content\/uploads\/4-486-1024x576.png 1024w, https:\/\/www.tgrthaber.com\/mavikadin\/wp-content\/uploads\/4-486-768x432.png 768w\" sizes=\"(max-width: 1208px) 100vw, 1208px\" \/><\/p>\n<hr \/>\n<h3>\u00c7EK\u0130MLER T\u00dcM HIZIYLA DEVAM ED\u0130YOR<\/h3>\n<p>Yap\u0131m ekibinin titizlikle \u00fczerinde \u00e7al\u0131\u015ft\u0131\u011f\u0131 dizinin \u00e7ekimleri, Engin \u00d6zkaya\u2019n\u0131n g\u00f6r\u00fcnt\u00fc y\u00f6netmenli\u011finde devam ediyor. \u0130lk b\u00f6l\u00fcm\u00fcn yay\u0131n tarihi hen\u00fcz netle\u015fmemi\u015f olsa da, dizinin \u00f6n\u00fcm\u00fczdeki aylarda izleyiciyle bulu\u015fmas\u0131 bekleniyor. \u201cMuhabir\u201d dizisi, medya d\u00fcnyas\u0131n\u0131n ger\u00e7eklerini ve perde arkas\u0131ndaki olaylar\u0131 ekrana ta\u015f\u0131yarak izleyicilere farkl\u0131 bir perspektif sunacak.<\/p>\n","protected":false},"excerpt":{"rendered":"<p>Televizyon d\u00fcnyas\u0131n\u0131n merakla bekledi\u011fi Muhabir dizisi \u00e7ekimlere ba\u015flad\u0131! Medya sekt\u00f6r\u00fcn\u00fcn perde arkas\u0131n\u0131 anlatacak olan dizinin kadrosuna son olarak usta oyuncu Hakan Boyav kat\u0131ld\u0131. \u0130\u015fte diziden ilk detaylar\u2026<\/p>\n","protected":false},"author":28,"featured_media":155649,"comment_status":"closed","ping_status":"closed","sticky":false,"template":"","format":"standard","meta":{"rank_math_lock_modified_date":true,"footnotes":""},"categories":[602],"tags":[16300,4273,6203],"class_list":["post-155642","post","type-post","status-publish","format-standard","has-post-thumbnail","hentry","category-diziler","tag-hakan-boyav","tag-muhabir","tag-tabii"],"_links":{"self":[{"href":"https:\/\/www.tgrthaber.com\/mavikadin\/wp-json\/wp\/v2\/posts\/155642"}],"collection":[{"href":"https:\/\/www.tgrthaber.com\/mavikadin\/wp-json\/wp\/v2\/posts"}],"about":[{"href":"https:\/\/www.tgrthaber.com\/mavikadin\/wp-json\/wp\/v2\/types\/post"}],"author":[{"embeddable":true,"href":"https:\/\/www.tgrthaber.com\/mavikadin\/wp-json\/wp\/v2\/users\/28"}],"replies":[{"embeddable":true,"href":"https:\/\/www.tgrthaber.com\/mavikadin\/wp-json\/wp\/v2\/comments?post=155642"}],"version-history":[{"count":2,"href":"https:\/\/www.tgrthaber.com\/mavikadin\/wp-json\/wp\/v2\/posts\/155642\/revisions"}],"predecessor-version":[{"id":155651,"href":"https:\/\/www.tgrthaber.com\/mavikadin\/wp-json\/wp\/v2\/posts\/155642\/revisions\/155651"}],"wp:featuredmedia":[{"embeddable":true,"href":"https:\/\/www.tgrthaber.com\/mavikadin\/wp-json\/wp\/v2\/media\/155649"}],"wp:attachment":[{"href":"https:\/\/www.tgrthaber.com\/mavikadin\/wp-json\/wp\/v2\/media?parent=155642"}],"wp:term":[{"taxonomy":"category","embeddable":true,"href":"https:\/\/www.tgrthaber.com\/mavikadin\/wp-json\/wp\/v2\/categories?post=155642"},{"taxonomy":"post_tag","embeddable":true,"href":"https:\/\/www.tgrthaber.com\/mavikadin\/wp-json\/wp\/v2\/tags?post=155642"}],"curies":[{"name":"wp","href":"https:\/\/api.w.org\/{rel}","templated":true}]}}