{"id":155653,"date":"2025-04-01T18:29:05","date_gmt":"2025-04-01T15:29:05","guid":{"rendered":"https:\/\/www.tgrthaber.com\/mavikadin\/?p=155653"},"modified":"2025-04-01T18:29:04","modified_gmt":"2025-04-01T15:29:04","slug":"bulent-ersoy-gozyaslari-icinde-volkan-konaki-andi-sahnedeki-sozleri-duygusal-anlara-sahne-oldu","status":"publish","type":"post","link":"https:\/\/www.tgrthaber.com\/mavikadin\/bulent-ersoy-gozyaslari-icinde-volkan-konaki-andi-sahnedeki-sozleri-duygusal-anlara-sahne-oldu\/","title":{"rendered":"B\u00fclent Ersoy g\u00f6zya\u015flar\u0131 i\u00e7inde Volkan Konak&#8217;\u0131 and\u0131! Sahnedeki s\u00f6zleri duygusal anlara sahne oldu"},"content":{"rendered":"<p>T\u00fcrk m\u00fczi\u011finin g\u00fc\u00e7l\u00fc sesi Volkan Konak, Kuzey K\u0131br\u0131s T\u00fcrk Cumhuriyeti\u2019nde verdi\u011fi konser s\u0131ras\u0131nda aniden fenala\u015ft\u0131. Sanat\u00e7\u0131ya hemen sa\u011fl\u0131k ekipleri taraf\u0131ndan m\u00fcdahale edildi ve 40 dakika boyunca kalp masaj\u0131 yap\u0131ld\u0131. Ancak t\u00fcm \u00e7abalara ra\u011fmen sanat\u00e7\u0131 hayata veda etti. 58 ya\u015f\u0131ndaki Volkan Konak\u2019\u0131n ani kayb\u0131, sanat camias\u0131n\u0131 ve sevenlerini derinden etkiledi.<\/p>\n<h3>B\u00dcLENT ERSOY VOLKAN KONAK&#8217;I ANDI, G\u00d6ZYA\u015eLARINA HAK\u0130M OLAMADI<\/h3>\n<p>\u00dcnl\u00fc sanat\u00e7\u0131n\u0131n beklenmedik vedas\u0131, sanat d\u00fcnyas\u0131nda b\u00fcy\u00fck yank\u0131 uyand\u0131r\u0131rken, yak\u0131n dostlar\u0131 ve meslekta\u015flar\u0131 taziye mesajlar\u0131 payla\u015farak \u00fcz\u00fcnt\u00fclerini dile getirdi. Konak\u2019\u0131n vefat\u0131ndan k\u0131sa s\u00fcre sonra sahne alan B\u00fclent Ersoy, sanat\u00e7\u0131y\u0131 g\u00f6zya\u015flar\u0131 i\u00e7inde and\u0131. Diva, duygu dolu anlar ya\u015fad\u0131\u011f\u0131 konserinde, \u201cHepimizin bir s\u0131ras\u0131 var, belki de s\u0131ra bende\u201d diyerek hayranlar\u0131n\u0131 derinden etkiledi.<\/p>\n<p><img loading=\"lazy\" decoding=\"async\" class=\"alignnone wp-image-155654\" src=\"https:\/\/www.tgrthaber.com\/mavikadin\/wp-content\/uploads\/1-559.png\" alt=\"\" width=\"1208\" height=\"680\" title=\"\" srcset=\"https:\/\/www.tgrthaber.com\/mavikadin\/wp-content\/uploads\/1-559.png 1280w, https:\/\/www.tgrthaber.com\/mavikadin\/wp-content\/uploads\/1-559-300x169.png 300w, https:\/\/www.tgrthaber.com\/mavikadin\/wp-content\/uploads\/1-559-1024x576.png 1024w, https:\/\/www.tgrthaber.com\/mavikadin\/wp-content\/uploads\/1-559-768x432.png 768w\" sizes=\"(max-width: 1208px) 100vw, 1208px\" \/><\/p>\n<hr \/>\n<h3>VOLKAN KONAK&#8217;IN ARDINDAN SORU\u015eTURMA BA\u015eLATILDI<\/h3>\n<p>Sanat\u00e7\u0131n\u0131n ani \u00f6l\u00fcm\u00fcyle ilgili yetkililer taraf\u0131ndan resmi soru\u015fturma ba\u015flat\u0131ld\u0131. Konak\u2019\u0131n e\u015fi Selma Konak, s\u00fcre\u00e7le yak\u0131ndan ilgilendi\u011fini ve sanat\u00e7\u0131n\u0131n sa\u011fl\u0131k durumuna dair detaylar\u0131n incelendi\u011fini belirtti. Sanat\u00e7\u0131n\u0131n \u00f6l\u00fcm sebebiyle ilgili resmi a\u00e7\u0131klaman\u0131n ilerleyen g\u00fcnlerde yap\u0131lmas\u0131 bekleniyor.<\/p>\n<p>Konak\u2019\u0131n ailesi ve yak\u0131n dostlar\u0131, sanat\u00e7\u0131n\u0131n \u00f6l\u00fcm\u00fcne dair merak edilen sorulara yan\u0131t ararken, m\u00fczik d\u00fcnyas\u0131 da b\u00fcy\u00fck bir kay\u0131pla sars\u0131ld\u0131. Sevenleri, sosyal medya platformlar\u0131nda \u00fcz\u00fcnt\u00fclerini dile getirirken, sanat\u00e7\u0131n\u0131n eserlerinin uzun y\u0131llar boyunca dinlenmeye devam edece\u011fini ifade etti.<\/p>\n<div style=\"width: 480px;\" class=\"wp-video\"><!--[if lt IE 9]><script>document.createElement('video');<\/script><![endif]-->\n<video class=\"wp-video-shortcode\" id=\"video-155653-1\" width=\"480\" height=\"528\" preload=\"metadata\" controls=\"controls\"><source type=\"video\/mp4\" src=\"https:\/\/www.tgrthaber.com\/mavikadin\/wp-content\/uploads\/WhatsApp-Video-2025-04-01-at-18.27.44.mp4?_=1\" \/><a href=\"https:\/\/www.tgrthaber.com\/mavikadin\/wp-content\/uploads\/WhatsApp-Video-2025-04-01-at-18.27.44.mp4\">https:\/\/www.tgrthaber.com\/mavikadin\/wp-content\/uploads\/WhatsApp-Video-2025-04-01-at-18.27.44.mp4<\/a><\/video><\/div>\n<hr \/>\n<h3>B\u00dcLENT ERSOY&#8217;UN SAHNEDEK\u0130 DUYGUSAL KONU\u015eMASI G\u00dcNDEM OLDU<\/h3>\n<p>B\u00fclent Ersoy\u2019un Volkan Konak i\u00e7in sahnede yapt\u0131\u011f\u0131 konu\u015fma, sosyal medyada geni\u015f yank\u0131 uyand\u0131rd\u0131. Diva\u2019n\u0131n, \u201cS\u0131ra bende\u201d \u015feklindeki ifadesi, hayranlar\u0131n\u0131 tedirgin etti. Bir\u00e7ok ki\u015fi, Ersoy\u2019un bu s\u00f6zleriyle derin bir duygusal yo\u011funluk ya\u015fad\u0131\u011f\u0131n\u0131 ve Volkan Konak\u2019\u0131n vefat\u0131n\u0131n kendisini derinden etkiledi\u011fini dile getirdi.<\/p>\n<p><img loading=\"lazy\" decoding=\"async\" class=\"alignnone wp-image-155655\" src=\"https:\/\/www.tgrthaber.com\/mavikadin\/wp-content\/uploads\/2-597.png\" alt=\"\" width=\"1208\" height=\"680\" title=\"\" srcset=\"https:\/\/www.tgrthaber.com\/mavikadin\/wp-content\/uploads\/2-597.png 1280w, https:\/\/www.tgrthaber.com\/mavikadin\/wp-content\/uploads\/2-597-300x169.png 300w, https:\/\/www.tgrthaber.com\/mavikadin\/wp-content\/uploads\/2-597-1024x576.png 1024w, https:\/\/www.tgrthaber.com\/mavikadin\/wp-content\/uploads\/2-597-768x432.png 768w\" sizes=\"(max-width: 1208px) 100vw, 1208px\" \/><\/p>\n<hr \/>\n<h3>SANAT D\u00dcNYASINDAN VOLKAN KONAK \u0130\u00c7\u0130N PE\u015e PE\u015eE TAZ\u0130YE MESAJLARI<\/h3>\n<p>Volkan Konak\u2019\u0131n vefat\u0131, sanat camias\u0131nda b\u00fcy\u00fck bir bo\u015fluk yarat\u0131rken, bir\u00e7ok \u00fcnl\u00fc isim taziye mesajlar\u0131 payla\u015ft\u0131. M\u00fczik ve sanat d\u00fcnyas\u0131ndan bir\u00e7ok isim, \u00fcnl\u00fc sanat\u00e7\u0131n\u0131n sanat hayat\u0131na katt\u0131\u011f\u0131 de\u011feri vurgulayarak, onun unutulmaz eserleriyle her zaman an\u0131laca\u011f\u0131n\u0131 dile getirdi.<\/p>\n<p>Taziye mesaj\u0131 payla\u015fan isimler aras\u0131nda Ferhat G\u00f6\u00e7er, Buse Varol, Merve \u00d6zbey, Asena, \u0130lker \u0130nano\u011flu ve Sinan Ak\u00e7\u0131l gibi \u00fcnl\u00fc isimler yer ald\u0131. \u00d6zellikle Sinan Ak\u00e7\u0131l, sosyal medya hesab\u0131ndan yapt\u0131\u011f\u0131 payla\u015f\u0131mda, Volkan Konak\u2019\u0131n m\u00fczik d\u00fcnyas\u0131na b\u00fcy\u00fck katk\u0131larda bulundu\u011funu ve onun \u015fark\u0131lar\u0131n\u0131n her zaman kalplerde ya\u015fayaca\u011f\u0131n\u0131 ifade etti.<\/p>\n","protected":false},"excerpt":{"rendered":"<p>T\u00fcrk m\u00fczi\u011finin sevilen ismi Volkan Konak, Kuzey K\u0131br\u0131s\u2019ta sahne ald\u0131\u011f\u0131 s\u0131rada fenala\u015farak hayat\u0131n\u0131 kaybetti. Sanat\u00e7\u0131n\u0131n ani \u00f6l\u00fcm\u00fc sevenlerini ve sanat camias\u0131n\u0131 derinden etkilerken, sahnede g\u00f6zya\u015flar\u0131 i\u00e7inde konu\u015fan B\u00fclent Ersoy\u2019un \u201cS\u0131ra bende\u201d s\u00f6zleri b\u00fcy\u00fck yank\u0131 uyand\u0131rd\u0131. \u0130\u015fte detaylar&#8230;<\/p>\n","protected":false},"author":28,"featured_media":155656,"comment_status":"closed","ping_status":"closed","sticky":false,"template":"","format":"standard","meta":{"rank_math_lock_modified_date":true,"footnotes":""},"categories":[76],"tags":[3768,16102],"class_list":["post-155653","post","type-post","status-publish","format-standard","has-post-thumbnail","hentry","category-magazin","tag-bulent-ersoy","tag-volkan-konak"],"_links":{"self":[{"href":"https:\/\/www.tgrthaber.com\/mavikadin\/wp-json\/wp\/v2\/posts\/155653"}],"collection":[{"href":"https:\/\/www.tgrthaber.com\/mavikadin\/wp-json\/wp\/v2\/posts"}],"about":[{"href":"https:\/\/www.tgrthaber.com\/mavikadin\/wp-json\/wp\/v2\/types\/post"}],"author":[{"embeddable":true,"href":"https:\/\/www.tgrthaber.com\/mavikadin\/wp-json\/wp\/v2\/users\/28"}],"replies":[{"embeddable":true,"href":"https:\/\/www.tgrthaber.com\/mavikadin\/wp-json\/wp\/v2\/comments?post=155653"}],"version-history":[{"count":3,"href":"https:\/\/www.tgrthaber.com\/mavikadin\/wp-json\/wp\/v2\/posts\/155653\/revisions"}],"predecessor-version":[{"id":155661,"href":"https:\/\/www.tgrthaber.com\/mavikadin\/wp-json\/wp\/v2\/posts\/155653\/revisions\/155661"}],"wp:featuredmedia":[{"embeddable":true,"href":"https:\/\/www.tgrthaber.com\/mavikadin\/wp-json\/wp\/v2\/media\/155656"}],"wp:attachment":[{"href":"https:\/\/www.tgrthaber.com\/mavikadin\/wp-json\/wp\/v2\/media?parent=155653"}],"wp:term":[{"taxonomy":"category","embeddable":true,"href":"https:\/\/www.tgrthaber.com\/mavikadin\/wp-json\/wp\/v2\/categories?post=155653"},{"taxonomy":"post_tag","embeddable":true,"href":"https:\/\/www.tgrthaber.com\/mavikadin\/wp-json\/wp\/v2\/tags?post=155653"}],"curies":[{"name":"wp","href":"https:\/\/api.w.org\/{rel}","templated":true}]}}