{"id":155664,"date":"2025-04-01T18:50:48","date_gmt":"2025-04-01T15:50:48","guid":{"rendered":"https:\/\/www.tgrthaber.com\/mavikadin\/?p=155664"},"modified":"2025-04-01T18:53:04","modified_gmt":"2025-04-01T15:53:04","slug":"tuba-buyukustun-ve-baris-arductan-bomba-proje-dehset-bey-geliyor","status":"publish","type":"post","link":"https:\/\/www.tgrthaber.com\/mavikadin\/tuba-buyukustun-ve-baris-arductan-bomba-proje-dehset-bey-geliyor\/","title":{"rendered":"Tuba B\u00fcy\u00fck\u00fcst\u00fcn ve Bar\u0131\u015f Ardu\u00e7&#8217;tan bomba proje! Deh\u015fet Bey yay\u0131n tarihi netle\u015fti"},"content":{"rendered":"<p>Y\u0131l\u0131n en bomba projelerinden biri geliyor! Bar\u0131\u015f Ardu\u00e7 ile Tuba B\u00fcy\u00fck\u00fcst\u00fcn\u2019\u00fc ilk kez ayn\u0131 projede bulu\u015fturan Deh\u015fet Bey filminin \u00e7ekimleri bu Pazar, yani 6 Nisan\u2019da resmen ba\u015fl\u0131yor! \u00dcnl\u00fc yazar Murat Mente\u015f\u2019in \u00e7izgi roman d\u00fcnyas\u0131ndan f\u0131rlayan efsanevi karakteri Deh\u015fet Bey, sinema perdesinde hayat bulmaya haz\u0131rlan\u0131yor. Yap\u0131mc\u0131l\u0131\u011f\u0131n\u0131 O3 Medya\u2019n\u0131n \u00fcstlendi\u011fi ve y\u00f6netmen koltu\u011funda usta isim Mehmet Ada \u00d6ztekin\u2019in oturdu\u011fu bu dev prod\u00fcksiyon, daha sete \u00e7\u0131kmadan konu\u015fulmaya ba\u015fland\u0131 bile. Yak\u0131\u015f\u0131kl\u0131 oyuncu Bar\u0131\u015f Ardu\u00e7, entelekt\u00fcel ve kibar bir eski polisi canland\u0131rarak hayranlar\u0131na yepyeni bir karakter deneyimi sunacak. Tuba B\u00fcy\u00fck\u00fcst\u00fcn ise g\u00fczelli\u011fi ve zarafetiyle ekranlara damga vuracak. Oyuncu kadrosu da adeta y\u0131ld\u0131zlar ge\u00e7idi! Filmin ad\u0131 da kendisi kadar iddial\u0131: Deh\u015fet Bey! Aksiyon, dram ve entrikay\u0131 bir araya getiren bu yap\u0131m, 2025\u2019in en \u00e7ok konu\u015fulacak filmleri aras\u0131na ad\u0131n\u0131 \u015fimdiden yazd\u0131rd\u0131.<\/p>\n<h3>BARI\u015e ARDU\u00c7 DEH\u015eET BEY&#8217;\u0130 CANLANDIRACAK<\/h3>\n<p>Ba\u015far\u0131l\u0131 oyuncu Bar\u0131\u015f Ardu\u00e7, filmde Deh\u015fet Bey karakterine hayat verecek. Ardu\u00e7, son olarak R\u00fczgara B\u0131rak filmiyle hem Netflix&#8217;te hem de uluslararas\u0131 sinema arenas\u0131nda b\u00fcy\u00fck bir \u00e7\u0131k\u0131\u015f yakalam\u0131\u015ft\u0131.<\/p>\n<p><img loading=\"lazy\" decoding=\"async\" class=\"alignnone wp-image-155667 \" src=\"https:\/\/www.tgrthaber.com\/mavikadin\/wp-content\/uploads\/674435decf3ea62c9040be53.webp\" alt=\"BARI\u015e ARDU\u00c7 DEH\u015eET BEY\" width=\"834\" height=\"469\" title=\"\" srcset=\"https:\/\/www.tgrthaber.com\/mavikadin\/wp-content\/uploads\/674435decf3ea62c9040be53.webp 750w, https:\/\/www.tgrthaber.com\/mavikadin\/wp-content\/uploads\/674435decf3ea62c9040be53-300x169.webp 300w\" sizes=\"(max-width: 834px) 100vw, 834px\" \/><\/p>\n<hr \/>\n<p>Yeni projesinde korumal\u0131k yapan eski bir polis rol\u00fcyle izleyici kar\u015f\u0131s\u0131na \u00e7\u0131kacak olan Ardu\u00e7, farkl\u0131 bir karakter deneyimi sunmaya haz\u0131rlan\u0131yor. Fiziksel performans\u0131, oyunculuk derinli\u011fi ve karizmas\u0131yla bu karaktere yeni bir soluk getirecek.<\/p>\n<h3>KADIN BA\u015eROLDE TUBA B\u00dcY\u00dcK\u00dcST\u00dcN YER ALIYOR<\/h3>\n<p>Ardu\u00e7\u2019un filmdeki partneri ise g\u00fc\u00e7l\u00fc duru\u015fu ve uluslararas\u0131 projelerdeki ba\u015far\u0131s\u0131yla tan\u0131nan Tuba B\u00fcy\u00fck\u00fcst\u00fcn olacak. B\u00fcy\u00fck\u00fcst\u00fcn, daha \u00f6nce rol ald\u0131\u011f\u0131 diziler ve filmlerle geni\u015f bir hayran kitlesine ula\u015fm\u0131\u015f, yurt i\u00e7i ve yurt d\u0131\u015f\u0131nda takdir toplayan bir oyunculuk kariyerine imza atm\u0131\u015ft\u0131. Deh\u015fet Bey filminde de etkileyici bir rolle kamera kar\u015f\u0131s\u0131na ge\u00e7ecek olan oyuncunun performans\u0131 \u015fimdiden merak konusu.<\/p>\n<p><img loading=\"lazy\" decoding=\"async\" class=\"alignnone wp-image-155666 \" src=\"https:\/\/www.tgrthaber.com\/mavikadin\/wp-content\/uploads\/tbuyukustun-2isv.webp\" alt=\"\" width=\"835\" height=\"1014\" title=\"\" srcset=\"https:\/\/www.tgrthaber.com\/mavikadin\/wp-content\/uploads\/tbuyukustun-2isv.webp 615w, https:\/\/www.tgrthaber.com\/mavikadin\/wp-content\/uploads\/tbuyukustun-2isv-247x300.webp 247w\" sizes=\"(max-width: 835px) 100vw, 835px\" \/><\/p>\n<hr \/>\n<h3>Y\u00d6NETMEN KOLTU\u011eUNDA MEHMET ADA \u00d6ZTEK\u0130N<\/h3>\n<p>Filmin y\u00f6netmenli\u011fini ise bu alandaki deneyimiyle g\u00fcven veren bir isim, Mehmet Ada \u00d6ztekin \u00fcstleniyor. Daha \u00f6nce bir\u00e7ok ba\u015far\u0131l\u0131 projeye imza atan \u00d6ztekin, sinematografik dili ve g\u00fc\u00e7l\u00fc anlat\u0131m\u0131yla tan\u0131n\u0131yor. Deh\u015fet Bey gibi karakter odakl\u0131 bir hikayeyi perdeye aktarmakta olduk\u00e7a iddial\u0131 bir y\u00f6netmen olarak projeye y\u00f6n verecek.<\/p>\n<h3>DEH\u015eET BEY F\u0130LM\u0130 OYUNCU KADROSUNDA K\u0130MLER VAR?<\/h3>\n<p>Mehmet Ada \u00d6ztekin\u2019in y\u00f6netece\u011fi filmde kadro olduk\u00e7a iddial\u0131. Musa Uzunlar, Dolunay Soysert, Sayg\u0131n Soysal, Onur \u00d6zayd\u0131n, Y\u0131ld\u0131ray \u015eahinler, Hilmicem \u0130ntepe, Mehmet Ayka\u015f, Kemal Burak Alper, Ayberk Aladar gibi bir\u00e7ok tan\u0131nm\u0131\u015f oyuncu filmde yer alacak. Ayr\u0131ca Cemal H\u00fcnal da Kudret Karada\u011f rol\u00fcyle konuk oyuncu olarak projede bulunacak.<\/p>\n<p><img loading=\"lazy\" decoding=\"async\" class=\"alignnone wp-image-155669 \" src=\"https:\/\/www.tgrthaber.com\/mavikadin\/wp-content\/uploads\/i-36.webp\" alt=\"\" width=\"837\" height=\"490\" title=\"\" srcset=\"https:\/\/www.tgrthaber.com\/mavikadin\/wp-content\/uploads\/i-36.webp 480w, https:\/\/www.tgrthaber.com\/mavikadin\/wp-content\/uploads\/i-36-300x176.webp 300w\" sizes=\"(max-width: 837px) 100vw, 837px\" \/><\/p>\n<hr \/>\n<h3>DEH\u015eET BEY, 2025 S\u0130NEMA SEZONUNA DAMGA VURMAYA HAZIRLANIYOR<\/h3>\n<p>Aksiyon ve dram\u0131 ayn\u0131 potada eriten senaryosu, \u00e7izgi roman tutkunlar\u0131n\u0131 sinema izleyicisiyle bulu\u015fturan yap\u0131s\u0131yla Deh\u015fet Bey filmi, 2025&#8217;in en \u00e7ok konu\u015fulacak projelerinden biri olmaya aday. O3 Medya\u2019n\u0131n titizlikle haz\u0131rlad\u0131\u011f\u0131 yap\u0131m, g\u00fc\u00e7l\u00fc oyunculuklar\u0131n ve kaliteli prod\u00fcksiyonun bir araya geldi\u011fi iddial\u0131 bir sinema deneyimi vadediyor.<\/p>\n","protected":false},"excerpt":{"rendered":"<p>Bar\u0131\u015f Ardu\u00e7 ile Tuba B\u00fcy\u00fck\u00fcst\u00fcn\u2019\u00fc ayn\u0131 projede bulu\u015fturan Deh\u015fet Bey filmi, 6 Nisan Pazar g\u00fcn\u00fc sete \u00e7\u0131k\u0131yor. O3 Medya imzas\u0131 ta\u015f\u0131yan film, usta yazar Murat Mente\u015f\u2019in fenomen karakterini beyazperdeye ta\u015f\u0131yacak olmas\u0131yla \u015fimdiden b\u00fcy\u00fck ses getirdi. Proje, g\u00fc\u00e7l\u00fc kadrosu ve \u00e7arp\u0131c\u0131 hikayesiyle y\u0131l\u0131n en \u00e7ok konu\u015fulacak yap\u0131mlar\u0131 aras\u0131nda g\u00f6steriliyor. T\u00fcm detaylar ise haberimizde&#8230;<\/p>\n","protected":false},"author":35,"featured_media":155671,"comment_status":"closed","ping_status":"closed","sticky":false,"template":"","format":"standard","meta":{"rank_math_lock_modified_date":false,"footnotes":""},"categories":[78],"tags":[2392,2898,16303,15370,16305,16304,16306],"class_list":["post-155664","post","type-post","status-publish","format-standard","has-post-thumbnail","hentry","category-yasam","tag-baris-arduc","tag-dehset-bey","tag-dehset-bey-cekimleri","tag-dehset-bey-filmi","tag-murat-mentes","tag-o3-medya","tag-tuba-buyukustun-basrol"],"_links":{"self":[{"href":"https:\/\/www.tgrthaber.com\/mavikadin\/wp-json\/wp\/v2\/posts\/155664"}],"collection":[{"href":"https:\/\/www.tgrthaber.com\/mavikadin\/wp-json\/wp\/v2\/posts"}],"about":[{"href":"https:\/\/www.tgrthaber.com\/mavikadin\/wp-json\/wp\/v2\/types\/post"}],"author":[{"embeddable":true,"href":"https:\/\/www.tgrthaber.com\/mavikadin\/wp-json\/wp\/v2\/users\/35"}],"replies":[{"embeddable":true,"href":"https:\/\/www.tgrthaber.com\/mavikadin\/wp-json\/wp\/v2\/comments?post=155664"}],"version-history":[{"count":3,"href":"https:\/\/www.tgrthaber.com\/mavikadin\/wp-json\/wp\/v2\/posts\/155664\/revisions"}],"predecessor-version":[{"id":155681,"href":"https:\/\/www.tgrthaber.com\/mavikadin\/wp-json\/wp\/v2\/posts\/155664\/revisions\/155681"}],"wp:featuredmedia":[{"embeddable":true,"href":"https:\/\/www.tgrthaber.com\/mavikadin\/wp-json\/wp\/v2\/media\/155671"}],"wp:attachment":[{"href":"https:\/\/www.tgrthaber.com\/mavikadin\/wp-json\/wp\/v2\/media?parent=155664"}],"wp:term":[{"taxonomy":"category","embeddable":true,"href":"https:\/\/www.tgrthaber.com\/mavikadin\/wp-json\/wp\/v2\/categories?post=155664"},{"taxonomy":"post_tag","embeddable":true,"href":"https:\/\/www.tgrthaber.com\/mavikadin\/wp-json\/wp\/v2\/tags?post=155664"}],"curies":[{"name":"wp","href":"https:\/\/api.w.org\/{rel}","templated":true}]}}