{"id":155680,"date":"2025-04-01T19:06:12","date_gmt":"2025-04-01T16:06:12","guid":{"rendered":"https:\/\/www.tgrthaber.com\/mavikadin\/?p=155680"},"modified":"2025-04-01T19:06:11","modified_gmt":"2025-04-01T16:06:11","slug":"iste-benim-stilim-kardelen-kimdir-kardelen-kac-yasinda-aslen-nereli","status":"publish","type":"post","link":"https:\/\/www.tgrthaber.com\/mavikadin\/iste-benim-stilim-kardelen-kimdir-kardelen-kac-yasinda-aslen-nereli\/","title":{"rendered":"\u0130\u015fte Benim Stilim Kardelen kimdir? Kardelen ka\u00e7 ya\u015f\u0131nda, aslen nereli?"},"content":{"rendered":"<p>\u0130\u015fte Benim Stilim yar\u0131\u015fmac\u0131s\u0131 Kardelen Akbay, kendine \u00f6zg\u00fc tarz\u0131 ve enerjisiyle dikkatleri \u00fczerine \u00e7ekiyor. Moda ve stil \u00fczerine yapt\u0131\u011f\u0131 cesur se\u00e7imlerle j\u00fcriyi etkilemeye \u00e7al\u0131\u015fan gen\u00e7 yar\u0131\u015fmac\u0131, k\u0131sa s\u00fcrede sosyal medyada da ad\u0131ndan s\u00f6z ettirmeye ba\u015flad\u0131. Peki, \u0130\u015fte Benim Stilim yar\u0131\u015fmas\u0131 nedir ve Kardelen Akbay kimdir? \u0130\u015fte detaylar\u2026<\/p>\n<h3>\u0130\u015eTE BEN\u0130M ST\u0130L\u0130M YARI\u015eMASI BA\u015eLADI<\/h3>\n<p>T\u00fcrk televizyonlar\u0131n\u0131n en \u00e7ok konu\u015fulan moda yar\u0131\u015fmalar\u0131ndan biri olan \u0130\u015fte Benim Stilim, birbirinden iddial\u0131 yar\u0131\u015fmac\u0131lar\u0131yla y\u0131llard\u0131r ekranlarda b\u00fcy\u00fck ilgi g\u00f6r\u00fcyor. Kat\u0131l\u0131mc\u0131lar, belirlenen konseptlere uygun k\u0131yafetler se\u00e7erek j\u00fcrinin kar\u015f\u0131s\u0131na \u00e7\u0131k\u0131yor ve moda bilgileriyle puan toplamaya \u00e7al\u0131\u015f\u0131yor.<\/p>\n<p><img loading=\"lazy\" decoding=\"async\" class=\"alignnone wp-image-155683\" src=\"https:\/\/www.tgrthaber.com\/mavikadin\/wp-content\/uploads\/2-599.png\" alt=\"\" width=\"1208\" height=\"680\" title=\"\" srcset=\"https:\/\/www.tgrthaber.com\/mavikadin\/wp-content\/uploads\/2-599.png 1280w, https:\/\/www.tgrthaber.com\/mavikadin\/wp-content\/uploads\/2-599-300x169.png 300w, https:\/\/www.tgrthaber.com\/mavikadin\/wp-content\/uploads\/2-599-1024x576.png 1024w, https:\/\/www.tgrthaber.com\/mavikadin\/wp-content\/uploads\/2-599-768x432.png 768w\" sizes=\"(max-width: 1208px) 100vw, 1208px\" \/><\/p>\n<hr \/>\n<p>J\u00fcri \u00fcyeleri, yar\u0131\u015fmac\u0131lar\u0131n kombinlerini titizlikle de\u011ferlendirirken sadece \u015f\u0131kl\u0131k de\u011fil, tarz uyumu, \u00f6zg\u00fcnl\u00fck ve do\u011fru aksesuar se\u00e7imleri gibi kriterleri de g\u00f6z \u00f6n\u00fcnde bulunduruyor. Seyircilerin b\u00fcy\u00fck bir ilgiyle takip etti\u011fi program, zaman zaman yar\u0131\u015fmac\u0131lar aras\u0131ndaki tart\u0131\u015fmalar ve rekabet dolu anlarla da g\u00fcndem oluyor.<\/p>\n<p><img loading=\"lazy\" decoding=\"async\" class=\"alignnone wp-image-155682\" src=\"https:\/\/www.tgrthaber.com\/mavikadin\/wp-content\/uploads\/1-561.png\" alt=\"\" width=\"1208\" height=\"680\" title=\"\" srcset=\"https:\/\/www.tgrthaber.com\/mavikadin\/wp-content\/uploads\/1-561.png 1280w, https:\/\/www.tgrthaber.com\/mavikadin\/wp-content\/uploads\/1-561-300x169.png 300w, https:\/\/www.tgrthaber.com\/mavikadin\/wp-content\/uploads\/1-561-1024x576.png 1024w, https:\/\/www.tgrthaber.com\/mavikadin\/wp-content\/uploads\/1-561-768x432.png 768w\" sizes=\"(max-width: 1208px) 100vw, 1208px\" \/><\/p>\n<hr \/>\n<h3>KARDELEN AKBAY K\u0130MD\u0130R?<\/h3>\n<p>\u0130\u015fte Benim Stilim 2025 sezonunda yar\u0131\u015fmac\u0131 olarak yer alan Kardelen Akbay, \u00f6zg\u00fcn tarz\u0131 ve iddial\u0131 kombinleriyle yar\u0131\u015fmada dikkat \u00e7ekiyor. \u015eu an hakk\u0131nda \u00e7ok fazla bilgi bulunmasa da, yar\u0131\u015fma s\u00fcrecinde daha fazla detay ortaya \u00e7\u0131kmas\u0131 bekleniyor.<\/p>\n<p>Kardelen Akbay, program\u0131n ilk b\u00f6l\u00fcmlerinde enerjik yap\u0131s\u0131 ve farkl\u0131 giyim tarz\u0131yla j\u00fcriyi etkilemeyi ba\u015fard\u0131. Moda konusunda cesur se\u00e7imler yaparak rakiplerinden ayr\u0131\u015fan yar\u0131\u015fmac\u0131, sosyal medyada da takip\u00e7ilerini art\u0131rmaya ba\u015flad\u0131. \u00d6zellikle j\u00fcri \u00fcyeleriyle olan diyaloglar\u0131 ve sahne performans\u0131, izleyiciler taraf\u0131ndan s\u0131k\u00e7a konu\u015fuluyor.<\/p>\n<p><img loading=\"lazy\" decoding=\"async\" class=\"alignnone wp-image-155684\" src=\"https:\/\/www.tgrthaber.com\/mavikadin\/wp-content\/uploads\/3-591.png\" alt=\"\" width=\"1208\" height=\"680\" title=\"\" srcset=\"https:\/\/www.tgrthaber.com\/mavikadin\/wp-content\/uploads\/3-591.png 1280w, https:\/\/www.tgrthaber.com\/mavikadin\/wp-content\/uploads\/3-591-300x169.png 300w, https:\/\/www.tgrthaber.com\/mavikadin\/wp-content\/uploads\/3-591-1024x576.png 1024w, https:\/\/www.tgrthaber.com\/mavikadin\/wp-content\/uploads\/3-591-768x432.png 768w\" sizes=\"(max-width: 1208px) 100vw, 1208px\" \/><\/p>\n<hr \/>\n<p>Moda d\u00fcnyas\u0131na ad\u0131m atmay\u0131 hedefleyen Kardelen, \u0130\u015fte Benim Stilim\u2019de g\u00f6sterdi\u011fi performansla modaya olan ilgisini g\u00f6zler \u00f6n\u00fcne serdi. Yar\u0131\u015fman\u0131n ilerleyen b\u00f6l\u00fcmlerinde nas\u0131l bir performans sergileyece\u011fi ise merak konusu.<\/p>\n<p>\u0130\u015fte Benim Stilim\u2019in yeni sezonunda Kardelen Akbay gibi birbirinden iddial\u0131 yar\u0131\u015fmac\u0131lar yer al\u0131rken, program\u0131n kimin \u015fampiyon olaca\u011f\u0131 konusunda b\u00fcy\u00fck bir rekabete sahne olaca\u011f\u0131 \u015fimdiden belli oldu. Yar\u0131\u015fma her ge\u00e7en g\u00fcn daha da heyecanl\u0131 hale gelirken, moda severler Kardelen Akbay\u2019\u0131n tarz\u0131n\u0131 ve kombinlerini merakla takip etmeye devam ediyor.<\/p>\n","protected":false},"excerpt":{"rendered":"<p>\u0130\u015fte Benim Stilim yar\u0131\u015fmas\u0131n\u0131n dikkat \u00e7eken yar\u0131\u015fmac\u0131lar\u0131ndan Kardelen Akbay, \u00f6zg\u00fcn tarz\u0131 ve cesur kombinleriyle izleyicileri b\u00fcy\u00fcl\u00fcyor. Peki, gen\u00e7 yar\u0131\u015fmac\u0131 kimdir, hangi \u00f6zellikleriyle \u00f6ne \u00e7\u0131k\u0131yor? \u0130\u015fte Kardelen Akbay hakk\u0131nda merak edilenler\u2026<\/p>\n","protected":false},"author":28,"featured_media":155685,"comment_status":"closed","ping_status":"closed","sticky":false,"template":"","format":"standard","meta":{"rank_math_lock_modified_date":true,"footnotes":""},"categories":[491],"tags":[7559,16307],"class_list":["post-155680","post","type-post","status-publish","format-standard","has-post-thumbnail","hentry","category-biyografi","tag-iste-benim-stilim","tag-kardelen"],"_links":{"self":[{"href":"https:\/\/www.tgrthaber.com\/mavikadin\/wp-json\/wp\/v2\/posts\/155680"}],"collection":[{"href":"https:\/\/www.tgrthaber.com\/mavikadin\/wp-json\/wp\/v2\/posts"}],"about":[{"href":"https:\/\/www.tgrthaber.com\/mavikadin\/wp-json\/wp\/v2\/types\/post"}],"author":[{"embeddable":true,"href":"https:\/\/www.tgrthaber.com\/mavikadin\/wp-json\/wp\/v2\/users\/28"}],"replies":[{"embeddable":true,"href":"https:\/\/www.tgrthaber.com\/mavikadin\/wp-json\/wp\/v2\/comments?post=155680"}],"version-history":[{"count":2,"href":"https:\/\/www.tgrthaber.com\/mavikadin\/wp-json\/wp\/v2\/posts\/155680\/revisions"}],"predecessor-version":[{"id":155687,"href":"https:\/\/www.tgrthaber.com\/mavikadin\/wp-json\/wp\/v2\/posts\/155680\/revisions\/155687"}],"wp:featuredmedia":[{"embeddable":true,"href":"https:\/\/www.tgrthaber.com\/mavikadin\/wp-json\/wp\/v2\/media\/155685"}],"wp:attachment":[{"href":"https:\/\/www.tgrthaber.com\/mavikadin\/wp-json\/wp\/v2\/media?parent=155680"}],"wp:term":[{"taxonomy":"category","embeddable":true,"href":"https:\/\/www.tgrthaber.com\/mavikadin\/wp-json\/wp\/v2\/categories?post=155680"},{"taxonomy":"post_tag","embeddable":true,"href":"https:\/\/www.tgrthaber.com\/mavikadin\/wp-json\/wp\/v2\/tags?post=155680"}],"curies":[{"name":"wp","href":"https:\/\/api.w.org\/{rel}","templated":true}]}}