{"id":155688,"date":"2025-04-01T19:21:07","date_gmt":"2025-04-01T16:21:07","guid":{"rendered":"https:\/\/www.tgrthaber.com\/mavikadin\/?p=155688"},"modified":"2025-04-01T19:21:07","modified_gmt":"2025-04-01T16:21:07","slug":"iste-benim-stilim-yarismacisi-nadia-kimdir-nadia-kac-yasinda-aslen-nereli","status":"publish","type":"post","link":"https:\/\/www.tgrthaber.com\/mavikadin\/iste-benim-stilim-yarismacisi-nadia-kimdir-nadia-kac-yasinda-aslen-nereli\/","title":{"rendered":"\u0130\u015fte Benim Stilim yar\u0131\u015fmac\u0131s\u0131 Nadia kimdir? Nadia ka\u00e7 ya\u015f\u0131nda, aslen nereli?"},"content":{"rendered":"<p>Bu y\u0131l \u201c\u0130\u015fte Benim Stilim\u201d yar\u0131\u015fmas\u0131nda ad\u0131ndan s\u0131k\u00e7a s\u00f6z ettiren isimlerden biri olan Nadia, kat\u0131ld\u0131\u011f\u0131 her b\u00f6l\u00fcmde tarz\u0131yla dikkatleri \u00fczerine \u00e7ekiyor. Giydi\u011fi k\u0131yafetler, makyaj\u0131 ve kendine has duru\u015fuyla fark yaratmay\u0131 ba\u015faran Nadia, yar\u0131\u015fman\u0131n izleyicileri taraf\u0131ndan merak ediliyor. Ancak hakk\u0131nda \u00e7ok fazla bilgi bulunmuyor. \u0130\u015fte, Nadia\u2019n\u0131n kat\u0131ld\u0131\u011f\u0131 yar\u0131\u015fmada g\u00f6sterdi\u011fi stil ile ilgili bilinen baz\u0131 detaylar\u2026<\/p>\n<h3>\u0130\u015eTE BEN\u0130M ST\u0130L\u0130M NAD\u0130A K\u0130MD\u0130R? NAD\u0130A KA\u00c7 YA\u015eINDA?<\/h3>\n<p>Nadia\u2019n\u0131n tam ya\u015f\u0131 hakk\u0131nda net bir bilgi bulunmuyor. Ancak yar\u0131\u015fmaya kat\u0131ld\u0131\u011f\u0131nda gen\u00e7 ve dinamik bir isim olarak dikkat \u00e7eken Nadia\u2019n\u0131n ya\u015f\u0131n\u0131n 20\u2019li ya\u015flar\u0131n sonlar\u0131na yak\u0131n oldu\u011fu tahmin ediliyor. Her hal\u00fckarda, enerjisi ve \u00f6zg\u00fcveniyle yar\u0131\u015fmaya damgas\u0131n\u0131 vuran Nadia, ya\u015f\u0131n\u0131 bir kenara b\u0131rak\u0131p stilini \u00f6n plana \u00e7\u0131kar\u0131yor.<\/p>\n<p><img loading=\"lazy\" decoding=\"async\" class=\"alignnone wp-image-155692\" src=\"https:\/\/www.tgrthaber.com\/mavikadin\/wp-content\/uploads\/3-592.png\" alt=\"\" width=\"1208\" height=\"680\" title=\"\" srcset=\"https:\/\/www.tgrthaber.com\/mavikadin\/wp-content\/uploads\/3-592.png 1280w, https:\/\/www.tgrthaber.com\/mavikadin\/wp-content\/uploads\/3-592-300x169.png 300w, https:\/\/www.tgrthaber.com\/mavikadin\/wp-content\/uploads\/3-592-1024x576.png 1024w, https:\/\/www.tgrthaber.com\/mavikadin\/wp-content\/uploads\/3-592-768x432.png 768w\" sizes=\"(max-width: 1208px) 100vw, 1208px\" \/><\/p>\n<hr \/>\n<h3>NAD\u0130A ASLEN NEREL\u0130?<\/h3>\n<p>Nadia\u2019n\u0131n memleketiyle ilgili hen\u00fcz kesin bir bilgi olmasa da \u0130ranl\u0131 olu\u011fu tahmin ediliyor. \u201c\u0130\u015fte Benim Stilim\u201d yar\u0131\u015fmas\u0131ndaki duru\u015fu ve a\u00e7\u0131klamalar\u0131, izleyicilerde \u00e7ok say\u0131da soru i\u015fareti b\u0131rakm\u0131\u015f olsa da, Nadia\u2019n\u0131n aslen nereli oldu\u011fu konusunda herhangi bir resmi a\u00e7\u0131klama yap\u0131lmam\u0131\u015f durumda. Bu belirsizlik, hem yar\u0131\u015fma hem de Nadia hakk\u0131nda merak uyand\u0131ran unsurlar aras\u0131nda yer al\u0131yor.<\/p>\n<p><img loading=\"lazy\" decoding=\"async\" class=\"alignnone wp-image-155690\" src=\"https:\/\/www.tgrthaber.com\/mavikadin\/wp-content\/uploads\/1-562.png\" alt=\"\" width=\"1208\" height=\"680\" title=\"\" srcset=\"https:\/\/www.tgrthaber.com\/mavikadin\/wp-content\/uploads\/1-562.png 1280w, https:\/\/www.tgrthaber.com\/mavikadin\/wp-content\/uploads\/1-562-300x169.png 300w, https:\/\/www.tgrthaber.com\/mavikadin\/wp-content\/uploads\/1-562-1024x576.png 1024w, https:\/\/www.tgrthaber.com\/mavikadin\/wp-content\/uploads\/1-562-768x432.png 768w\" sizes=\"(max-width: 1208px) 100vw, 1208px\" \/><\/p>\n<hr \/>\n<h3>NAD\u0130A&#8217;NIN TARZI<\/h3>\n<p>Yar\u0131\u015fmaya kat\u0131lmadan \u00f6nce de \u00f6zg\u00fcn bir tarz\u0131 oldu\u011fu bilinen Nadia, \u00f6zellikle renkli ve cesur se\u00e7imleriyle \u00f6ne \u00e7\u0131k\u0131yor. Giyimindeki \u015f\u0131kl\u0131\u011f\u0131, zarafeti ve rahatl\u0131\u011f\u0131 birle\u015ftiren Nadia, ayn\u0131 zamanda trendleri takip etmek yerine kendi tarz\u0131n\u0131 olu\u015fturmay\u0131 tercih ediyor. Hem g\u00fcnl\u00fck hem de \u00f6zel davetlerde rahatl\u0131kla giyilebilecek k\u0131yafetlerle \u00f6zg\u00fcn bir stil yaratmay\u0131 ba\u015far\u0131yor.<\/p>\n<p><img loading=\"lazy\" decoding=\"async\" class=\"alignnone wp-image-155693\" src=\"https:\/\/www.tgrthaber.com\/mavikadin\/wp-content\/uploads\/4-489.png\" alt=\"\" width=\"1208\" height=\"680\" title=\"\" srcset=\"https:\/\/www.tgrthaber.com\/mavikadin\/wp-content\/uploads\/4-489.png 1280w, https:\/\/www.tgrthaber.com\/mavikadin\/wp-content\/uploads\/4-489-300x169.png 300w, https:\/\/www.tgrthaber.com\/mavikadin\/wp-content\/uploads\/4-489-1024x576.png 1024w, https:\/\/www.tgrthaber.com\/mavikadin\/wp-content\/uploads\/4-489-768x432.png 768w\" sizes=\"(max-width: 1208px) 100vw, 1208px\" \/><\/p>\n<hr \/>\n<p>Yar\u0131\u015fman\u0131n en dikkat \u00e7eken isimlerinden biri haline gelen Nadia\u2019n\u0131n hem giyim tarz\u0131 hem de ki\u015fisel tarz\u0131, izleyiciler ve j\u00fcri \u00fcyeleri taraf\u0131ndan s\u0131k\u00e7a \u00f6vg\u00fc al\u0131yor.<\/p>\n<p>Nadia\u2019n\u0131n, yar\u0131\u015fma boyunca ald\u0131\u011f\u0131 ba\u015far\u0131larla ad\u0131ndan daha \u00e7ok s\u00f6z ettirece\u011fi ve ilerleyen haftalarda daha \u00e7ok izleyici kitlesine hitap edece\u011fi tahmin ediliyor.<\/p>\n","protected":false},"excerpt":{"rendered":"<p>\u201c\u0130\u015fte Benim Stilim\u201d yar\u0131\u015fmas\u0131n\u0131n dikkat \u00e7eken isimlerinden biri olan Nadia, kat\u0131ld\u0131\u011f\u0131 her b\u00f6l\u00fcmde stilini ve \u00f6zg\u00fcnl\u00fc\u011f\u00fcn\u00fc \u00f6n plana \u00e7\u0131kararak izleyicilerin dikkatini \u00e7ekti. Yar\u0131\u015fma boyunca tarz\u0131yla \u00f6ne \u00e7\u0131kan Nadia, hakk\u0131nda merak edilen pek \u00e7ok soruyla g\u00fcndemde kalmaya devam ediyor. Peki, Nadia kimdir? Aslen nereli ve ka\u00e7 ya\u015f\u0131nda? \u0130\u015fte, bu sorular\u0131n yan\u0131tlar\u0131 ve daha fazlas\u0131\u2026<\/p>\n","protected":false},"author":28,"featured_media":155691,"comment_status":"closed","ping_status":"closed","sticky":false,"template":"","format":"standard","meta":{"rank_math_lock_modified_date":false,"footnotes":""},"categories":[491],"tags":[7559,16308,16310,16309],"class_list":["post-155688","post","type-post","status-publish","format-standard","has-post-thumbnail","hentry","category-biyografi","tag-iste-benim-stilim","tag-iste-benim-stilim-nadia","tag-iste-benim-stilim-nadia-kac-yasinda","tag-iste-benim-stilim-nadia-kimdir"],"_links":{"self":[{"href":"https:\/\/www.tgrthaber.com\/mavikadin\/wp-json\/wp\/v2\/posts\/155688"}],"collection":[{"href":"https:\/\/www.tgrthaber.com\/mavikadin\/wp-json\/wp\/v2\/posts"}],"about":[{"href":"https:\/\/www.tgrthaber.com\/mavikadin\/wp-json\/wp\/v2\/types\/post"}],"author":[{"embeddable":true,"href":"https:\/\/www.tgrthaber.com\/mavikadin\/wp-json\/wp\/v2\/users\/28"}],"replies":[{"embeddable":true,"href":"https:\/\/www.tgrthaber.com\/mavikadin\/wp-json\/wp\/v2\/comments?post=155688"}],"version-history":[{"count":2,"href":"https:\/\/www.tgrthaber.com\/mavikadin\/wp-json\/wp\/v2\/posts\/155688\/revisions"}],"predecessor-version":[{"id":155699,"href":"https:\/\/www.tgrthaber.com\/mavikadin\/wp-json\/wp\/v2\/posts\/155688\/revisions\/155699"}],"wp:featuredmedia":[{"embeddable":true,"href":"https:\/\/www.tgrthaber.com\/mavikadin\/wp-json\/wp\/v2\/media\/155691"}],"wp:attachment":[{"href":"https:\/\/www.tgrthaber.com\/mavikadin\/wp-json\/wp\/v2\/media?parent=155688"}],"wp:term":[{"taxonomy":"category","embeddable":true,"href":"https:\/\/www.tgrthaber.com\/mavikadin\/wp-json\/wp\/v2\/categories?post=155688"},{"taxonomy":"post_tag","embeddable":true,"href":"https:\/\/www.tgrthaber.com\/mavikadin\/wp-json\/wp\/v2\/tags?post=155688"}],"curies":[{"name":"wp","href":"https:\/\/api.w.org\/{rel}","templated":true}]}}