{"id":155704,"date":"2025-04-01T19:59:26","date_gmt":"2025-04-01T16:59:26","guid":{"rendered":"https:\/\/www.tgrthaber.com\/mavikadin\/?p=155704"},"modified":"2025-04-01T20:00:04","modified_gmt":"2025-04-01T17:00:04","slug":"mauro-icardi-ile-wanda-nara-arasinda-sular-durulmuyor-7-milyon-euroluk-iddiasi-gundemi-sarsti","status":"publish","type":"post","link":"https:\/\/www.tgrthaber.com\/mavikadin\/mauro-icardi-ile-wanda-nara-arasinda-sular-durulmuyor-7-milyon-euroluk-iddiasi-gundemi-sarsti\/","title":{"rendered":"Mauro Icardi ile Wanda Nara aras\u0131nda sular durulmuyor: 7 milyon Euroluk iddia g\u00fcndemi sarst\u0131!"},"content":{"rendered":"<p>\u0130talya\u2019da s\u00fcrmekte olan bo\u015fanma s\u00fcreci, taraflar\u0131n kamuoyuna yans\u0131yan ki\u015fisel a\u00e7\u0131klamalar\u0131ndan \u00e7ok daha derin bir ekonomik tart\u0131\u015fmay\u0131 beraberinde getiriyor. \u0130ddialara g\u00f6re Mauro Icardi, \u0130talyan bankas\u0131 UBI Banca\u2019da bulunan ortak hesaplar\u0131ndan izinsiz para \u00e7ekimi yap\u0131ld\u0131\u011f\u0131n\u0131 tespit ederek konuyu yarg\u0131ya ta\u015f\u0131d\u0131. Resmi ba\u015fvuru belgelerine yans\u0131yan bilgilere g\u00f6re, Wanda Nara\u2019n\u0131n bu hesaptan 5 milyon Euro&#8217;yu kendi ad\u0131na a\u00e7\u0131lm\u0131\u015f bir hesaba aktard\u0131\u011f\u0131, ayr\u0131ca Icardi\u2019nin imaj haklar\u0131ndan elde edilen 2 milyon Euro&#8217;luk gelirini de ki\u015fisel kullan\u0131m i\u00e7in hesab\u0131na ge\u00e7irdi\u011fi iddia ediliyor. \u0130\u015fte sosyal medyay\u0131 sallayan iddialar&#8230;<\/p>\n<h3>MAL\u0130 KR\u0130Z, VELAYET TARTI\u015eMALARINI G\u00d6LGEDE BIRAKTI<\/h3>\n<p>Bir s\u00fcredir kamuoyunun g\u00fcndeminden d\u00fc\u015fmeyen bu ayr\u0131l\u0131k s\u00fcreci, \u015fimdiye kadar \u00e7ocuklar\u0131n velayeti, \u00f6zel hayat ve medya a\u00e7\u0131klamalar\u0131 \u00fczerinden ilerliyordu. Ancak ortaya \u00e7\u0131kan bu son iddialar, davay\u0131 ki\u015fisel meselelerin \u00f6tesine ta\u015f\u0131d\u0131. \u015eimdi odak noktas\u0131, b\u00fcy\u00fck paralar\u0131n el de\u011fi\u015ftirmesi ve bu i\u015flemlerin yasal zemini \u00fczerine kurulu.<\/p>\n<p><img loading=\"lazy\" decoding=\"async\" class=\"alignnone wp-image-155706 \" src=\"https:\/\/www.tgrthaber.com\/mavikadin\/wp-content\/uploads\/1665211824496-1.jpg\" alt=\"\" width=\"852\" height=\"479\" title=\"\" srcset=\"https:\/\/www.tgrthaber.com\/mavikadin\/wp-content\/uploads\/1665211824496-1.jpg 800w, https:\/\/www.tgrthaber.com\/mavikadin\/wp-content\/uploads\/1665211824496-1-300x169.jpg 300w, https:\/\/www.tgrthaber.com\/mavikadin\/wp-content\/uploads\/1665211824496-1-768x432.jpg 768w\" sizes=\"(max-width: 852px) 100vw, 852px\" \/><\/p>\n<hr \/>\n<p>Icardi\u2019nin hukuk ekibi, transferlerin \u201cr\u0131zaya dayal\u0131 olmad\u0131\u011f\u0131\u201d gerek\u00e7esiyle Nara hakk\u0131nda hem tazminat davas\u0131 a\u00e7t\u0131 hem de cezai yapt\u0131r\u0131mlar\u0131n uygulanmas\u0131 i\u00e7in talepte bulundu.<\/p>\n<h3>BELGELER DEL\u0130L OLARAK SUNULDU<\/h3>\n<p>Arjantinli gazeteci Gustavo Mendez\u2019in sosyal medya \u00fczerinden payla\u015ft\u0131\u011f\u0131 belgelere g\u00f6re, Icardi&#8217;nin avukatlar\u0131 ge\u00e7ti\u011fimiz y\u0131l\u0131n Ekim ay\u0131nda \u0130talyan savc\u0131l\u0131\u011f\u0131na kapsaml\u0131 bir ba\u015fvuru ger\u00e7ekle\u015ftirdi. Dosyada, banka hareket d\u00f6k\u00fcmleri ve imaj geliri s\u00f6zle\u015fmeleri dahil olmak \u00fczere bir\u00e7ok resmi evrak yer al\u0131yor. Bu belgeler, Nara\u2019n\u0131n finansal i\u015flemleri tek ba\u015f\u0131na ger\u00e7ekle\u015ftirdi\u011fini ve Icardi\u2019den herhangi bir onay almad\u0131\u011f\u0131n\u0131 ileri s\u00fcr\u00fcyor.<\/p>\n<p><img loading=\"lazy\" decoding=\"async\" class=\"alignnone wp-image-155707 size-full\" src=\"https:\/\/www.tgrthaber.com\/mavikadin\/wp-content\/uploads\/wanda2-shet.webp\" alt=\"\" width=\"1280\" height=\"720\" title=\"\" srcset=\"https:\/\/www.tgrthaber.com\/mavikadin\/wp-content\/uploads\/wanda2-shet.webp 1280w, https:\/\/www.tgrthaber.com\/mavikadin\/wp-content\/uploads\/wanda2-shet-300x169.webp 300w, https:\/\/www.tgrthaber.com\/mavikadin\/wp-content\/uploads\/wanda2-shet-1024x576.webp 1024w, https:\/\/www.tgrthaber.com\/mavikadin\/wp-content\/uploads\/wanda2-shet-768x432.webp 768w\" sizes=\"(max-width: 1280px) 100vw, 1280px\" \/><\/p>\n<hr \/>\n<h3>WANDA NARA SESS\u0130ZL\u0130\u011e\u0130N\u0130 KORUYOR<\/h3>\n<p>Wanda Nara\u2019n\u0131n Arjantin\u2019deki televizyon projeleriyle me\u015fgul oldu\u011fu bu d\u00f6nemde, hakk\u0131nda \u00e7\u0131kan mali su\u00e7lama iddialar\u0131na ili\u015fkin herhangi bir a\u00e7\u0131klama yapmamas\u0131 dikkat \u00e7ekiyor. Kamuoyunun g\u00f6z\u00fc Nara\u2019n\u0131n bu su\u00e7lamalara verece\u011fi yan\u0131tta. \u00d6te yandan Icardi&#8217;nin avukatlar\u0131, s\u00fcrecin uluslararas\u0131 boyut kazanabilece\u011fini ve gerekirse Arjantin yarg\u0131s\u0131na da ba\u015fvuru yapacaklar\u0131n\u0131 ifade ediyor.<\/p>\n<h3>\u0130LK DURU\u015eMA YAKLA\u015eTI<\/h3>\n<p>\u0130talyan yarg\u0131s\u0131n\u0131n \u00f6n\u00fcm\u00fczdeki haftalarda taraflar\u0131 mahkemeye \u00e7a\u011f\u0131rmas\u0131 bekleniyor. Dava sadece bo\u015fanman\u0131n mali boyutunu de\u011fil, Icardi\u2019nin futbolculuk kariyerinden do\u011fan ticari haklar\u0131n\u0131 da ilgilendirdi\u011fi i\u00e7in, karar\u0131n ekonomik etkileri b\u00fcy\u00fck olacak. S\u00fcrecin nas\u0131l ilerleyece\u011fi, hem futbol camias\u0131 hem de magazin d\u00fcnyas\u0131 taraf\u0131ndan yak\u0131ndan takip ediliyor.<\/p>\n<p><img loading=\"lazy\" decoding=\"async\" class=\"alignnone wp-image-155708 \" src=\"https:\/\/www.tgrthaber.com\/mavikadin\/wp-content\/uploads\/i-37.webp\" alt=\"\" width=\"853\" height=\"480\" title=\"\" srcset=\"https:\/\/www.tgrthaber.com\/mavikadin\/wp-content\/uploads\/i-37.webp 480w, https:\/\/www.tgrthaber.com\/mavikadin\/wp-content\/uploads\/i-37-300x169.webp 300w\" sizes=\"(max-width: 853px) 100vw, 853px\" \/><\/p>\n<hr \/>\n<p>Mauro Icardi ile Wanda Nara aras\u0131ndaki bo\u015fanma s\u00fcreci, sadece duygusal de\u011fil, ayn\u0131 zamanda b\u00fcy\u00fck mebla\u011flar\u0131n d\u00f6nd\u00fc\u011f\u00fc karma\u015f\u0131k bir mali hesapla\u015fmaya d\u00f6n\u00fc\u015ft\u00fc. \u00d6n\u00fcm\u00fczdeki haftalarda ortaya \u00e7\u0131kacak yeni detaylar, bu \u00e7ok katmanl\u0131 davay\u0131 daha da \u00e7arp\u0131c\u0131 hale getirebilir.<\/p>\n","protected":false},"excerpt":{"rendered":"<p>\u00dcnl\u00fc futbolcu Mauro Icardi ile eski e\u015fi Wanda Nara aras\u0131nda uzun s\u00fcredir devam eden bo\u015fanma s\u00fcreci, bu kez ciddi bir mali krizle g\u00f6lgelendi. Galatasaray\u2019\u0131n y\u0131ld\u0131z ismi Icardi, Wanda Nara\u2019n\u0131n ortak banka hesaplar\u0131ndan izinsiz \u015fekilde y\u00fckl\u00fc miktarda para \u00e7ekti\u011fini \u00f6ne s\u00fcrerek yasal yollara ba\u015fvurdu. 7 milyon Euro\u2019luk bu \u00e7arp\u0131c\u0131 iddialar, ikili aras\u0131ndaki davay\u0131 tamamen yeni bir boyuta ta\u015f\u0131d\u0131. \u0130\u015fte merak edilen t\u00fcm ayr\u0131nt\u0131lar\u2026<\/p>\n","protected":false},"author":35,"featured_media":155705,"comment_status":"closed","ping_status":"closed","sticky":false,"template":"","format":"standard","meta":{"rank_math_lock_modified_date":false,"footnotes":""},"categories":[76],"tags":[16319,16317,16318,2241,2222,16320],"class_list":["post-155704","post","type-post","status-publish","format-standard","has-post-thumbnail","hentry","category-magazin","tag-icardi-para-transferi","tag-icardi-son-dakika","tag-icardi-wanda-nara-davasi","tag-mauro-icardi","tag-wanda-nara","tag-wanda-nara-icardi-bosanma"],"_links":{"self":[{"href":"https:\/\/www.tgrthaber.com\/mavikadin\/wp-json\/wp\/v2\/posts\/155704"}],"collection":[{"href":"https:\/\/www.tgrthaber.com\/mavikadin\/wp-json\/wp\/v2\/posts"}],"about":[{"href":"https:\/\/www.tgrthaber.com\/mavikadin\/wp-json\/wp\/v2\/types\/post"}],"author":[{"embeddable":true,"href":"https:\/\/www.tgrthaber.com\/mavikadin\/wp-json\/wp\/v2\/users\/35"}],"replies":[{"embeddable":true,"href":"https:\/\/www.tgrthaber.com\/mavikadin\/wp-json\/wp\/v2\/comments?post=155704"}],"version-history":[{"count":3,"href":"https:\/\/www.tgrthaber.com\/mavikadin\/wp-json\/wp\/v2\/posts\/155704\/revisions"}],"predecessor-version":[{"id":155711,"href":"https:\/\/www.tgrthaber.com\/mavikadin\/wp-json\/wp\/v2\/posts\/155704\/revisions\/155711"}],"wp:featuredmedia":[{"embeddable":true,"href":"https:\/\/www.tgrthaber.com\/mavikadin\/wp-json\/wp\/v2\/media\/155705"}],"wp:attachment":[{"href":"https:\/\/www.tgrthaber.com\/mavikadin\/wp-json\/wp\/v2\/media?parent=155704"}],"wp:term":[{"taxonomy":"category","embeddable":true,"href":"https:\/\/www.tgrthaber.com\/mavikadin\/wp-json\/wp\/v2\/categories?post=155704"},{"taxonomy":"post_tag","embeddable":true,"href":"https:\/\/www.tgrthaber.com\/mavikadin\/wp-json\/wp\/v2\/tags?post=155704"}],"curies":[{"name":"wp","href":"https:\/\/api.w.org\/{rel}","templated":true}]}}