{"id":155729,"date":"2025-04-01T21:45:19","date_gmt":"2025-04-01T18:45:19","guid":{"rendered":"https:\/\/www.tgrthaber.com\/mavikadin\/?p=155729"},"modified":"2025-04-02T14:53:34","modified_gmt":"2025-04-02T11:53:34","slug":"aybuke-pusat-teskilat-dizisinden-ayriliyor-mu-teskilat-138-fragman","status":"publish","type":"post","link":"https:\/\/www.tgrthaber.com\/mavikadin\/aybuke-pusat-teskilat-dizisinden-ayriliyor-mu-teskilat-138-fragman\/","title":{"rendered":"Ayb\u00fcke Pusat Te\u015fkilat dizisinden ayr\u0131l\u0131yor mu? Te\u015fkilat 138. fragman!"},"content":{"rendered":"<p>TRT 1 ekranlar\u0131n\u0131n sevilen dizisi Te\u015fkilat, her b\u00f6l\u00fcm\u00fcyle izleyicileri ekran ba\u015f\u0131na kilitlemeye devam ediyor. Ancak son g\u00fcnlerde dizideki ayr\u0131l\u0131k iddialar\u0131 g\u00fcndeme bomba gibi d\u00fc\u015ft\u00fc. \u00d6nce Murat Y\u0131ld\u0131r\u0131m&#8217;\u0131n diziden ayr\u0131ld\u0131, \u015fimdi ise g\u00f6zler onun partneri Ayb\u00fcke Pusat\u2019a \u00e7evrilmi\u015f durumda. Peki, Ayb\u00fcke Pusat Te\u015fkilat dizisinden ayr\u0131l\u0131yor mu? \u0130zleyiciler, Te\u015fkilat 138. b\u00f6l\u00fcm fragman\u0131nda yer alan sahnelerden ipu\u00e7lar\u0131 yakalamaya \u00e7al\u0131\u015f\u0131rken, yap\u0131mc\u0131dan ya da oyuncudan resmi bir a\u00e7\u0131klama gelip gelmeyece\u011fi de ara\u015ft\u0131r\u0131l\u0131yor. Yeni b\u00f6l\u00fcme dair t\u00fcm geli\u015fmeler, haberimizin detaylar\u0131nda\u2026<\/p>\n<h3>TE\u015eK\u0130LAT 137. B\u00d6L\u00dcMDE NELER OLDU?<\/h3>\n<p>Son yay\u0131nlanan 137. b\u00f6l\u00fcmde gerilim ve aksiyon bir an bile durmad\u0131. Altay ve Neslihan, ald\u0131klar\u0131 kritik kararlarla d\u00fc\u015fmana kar\u015f\u0131 kararl\u0131l\u0131kla dururken, hayatlar\u0131n\u0131 da tehlikeye att\u0131lar. Korkut\u2019un Krali\u00e7e ile y\u00fcz y\u00fcze geldi\u011fi sahneler heyecan\u0131 art\u0131r\u0131rken, Kate\u2019in g\u00fcvensizli\u011fi yeni bir \u00e7at\u0131\u015fman\u0131n sinyallerini verdi. Hamdi&#8217;nin, Akif Ba\u015fkan&#8217;\u0131n uyar\u0131lar\u0131n\u0131 hi\u00e7e sayarak tek ba\u015f\u0131na hareket etmesi Ejder&#8217;in tuza\u011f\u0131na d\u00fc\u015fmesine neden oldu. Altay ve Neslihan ise uranyum tehdidine kar\u015f\u0131 harekete ge\u00e7erek Krali\u00e7e\u2019ye bir ad\u0131m daha yakla\u015ft\u0131.<\/p>\n<p><img loading=\"lazy\" decoding=\"async\" class=\"alignnone wp-image-155730 size-full\" src=\"https:\/\/www.tgrthaber.com\/mavikadin\/wp-content\/uploads\/652e03d8-9b51-4ff4-bd75-e154c1aad8ad.jpg\" alt=\"\" width=\"2375\" height=\"1336\" title=\"\" srcset=\"https:\/\/www.tgrthaber.com\/mavikadin\/wp-content\/uploads\/652e03d8-9b51-4ff4-bd75-e154c1aad8ad.jpg 2375w, https:\/\/www.tgrthaber.com\/mavikadin\/wp-content\/uploads\/652e03d8-9b51-4ff4-bd75-e154c1aad8ad-300x169.jpg 300w, https:\/\/www.tgrthaber.com\/mavikadin\/wp-content\/uploads\/652e03d8-9b51-4ff4-bd75-e154c1aad8ad-1024x576.jpg 1024w, https:\/\/www.tgrthaber.com\/mavikadin\/wp-content\/uploads\/652e03d8-9b51-4ff4-bd75-e154c1aad8ad-768x432.jpg 768w, https:\/\/www.tgrthaber.com\/mavikadin\/wp-content\/uploads\/652e03d8-9b51-4ff4-bd75-e154c1aad8ad-1536x864.jpg 1536w, https:\/\/www.tgrthaber.com\/mavikadin\/wp-content\/uploads\/652e03d8-9b51-4ff4-bd75-e154c1aad8ad-2048x1152.jpg 2048w\" sizes=\"(max-width: 2375px) 100vw, 2375px\" \/><\/p>\n<hr \/>\n<h3>TE\u015eK\u0130LAT YEN\u0130 B\u00d6L\u00dcM NE ZAMAN YAYINLANACAK?<\/h3>\n<p>Ramazan Bayram\u0131 nedeniyle diziye k\u0131sa bir ara verildi. 30 Mart tarihinde yeni b\u00f6l\u00fcm\u00fc yay\u0131nlanmayan Te\u015fkilat, 138. b\u00f6l\u00fcm\u00fcyle 6 Nisan 2025 Pazar ak\u015fam\u0131 saat 20:00\u2019de TRT 1 ekranlar\u0131nda olacak. \u0130zleyiciler, bu b\u00f6l\u00fcmde \u00f6zellikle Altay ve Korkut\u2019un kar\u015f\u0131 kar\u015f\u0131ya gelece\u011fi sahneleri merakla bekliyor.<\/p>\n<h3>TE\u015eK\u0130LAT D\u0130Z\u0130S\u0130N\u0130N YEN\u0130 B\u00d6L\u00dcM\u00dcNDE NELER YA\u015eANACAK?<\/h3>\n<p>TRT 1 ekranlar\u0131n\u0131n \u00e7ok izlenen yap\u0131mlar\u0131ndan Te\u015fkilat, 138. b\u00f6l\u00fcm\u00fcyle yine heyecan\u0131n dozunu art\u0131rmaya haz\u0131rlan\u0131yor. Bu hafta izleyicileri s\u00fcrprizlerle dolu bir senaryo bekliyor. \u00d6zellikle Korkut\u2019un ge\u00e7mi\u015fine dair s\u0131rlar\u0131n g\u00fcn y\u00fcz\u00fcne \u00e7\u0131kmas\u0131 ve Altay\u2019\u0131n alaca\u011f\u0131 beklenmedik kararlar, dizinin gidi\u015fat\u0131nda \u00f6nemli k\u0131r\u0131lma noktalar\u0131 yaratacak.<\/p>\n<p>Hem yurti\u00e7inde hem de yurtd\u0131\u015f\u0131nda y\u00fcr\u00fct\u00fclen operasyonlar\u0131n kapsam\u0131 bu b\u00f6l\u00fcmde geni\u015fliyor. Yeni tehditler, ortaya \u00e7\u0131kan gizli dosyalar ve karakterlerin sadakat s\u0131nav\u0131 verece\u011fi anlarla dolu bir senaryo izleyicilere sunulacak. Bu b\u00f6l\u00fcmde dikkat \u00e7eken bir di\u011fer detay ise kad\u0131n karakterlerin aktif olarak sahada yer alacak olmas\u0131. \u00d6zellikle Neslihan\u2019\u0131n stratejik hamleleri, olaylar\u0131n seyrini do\u011frudan etkileyecek.<\/p>\n<p><img loading=\"lazy\" decoding=\"async\" class=\"alignnone wp-image-155731 size-full\" src=\"https:\/\/www.tgrthaber.com\/mavikadin\/wp-content\/uploads\/5f56afc7-a400-4b5b-bca1-2d6968668fc0.jpg\" alt=\"\" width=\"2375\" height=\"1336\" title=\"\" srcset=\"https:\/\/www.tgrthaber.com\/mavikadin\/wp-content\/uploads\/5f56afc7-a400-4b5b-bca1-2d6968668fc0.jpg 2375w, https:\/\/www.tgrthaber.com\/mavikadin\/wp-content\/uploads\/5f56afc7-a400-4b5b-bca1-2d6968668fc0-300x169.jpg 300w, https:\/\/www.tgrthaber.com\/mavikadin\/wp-content\/uploads\/5f56afc7-a400-4b5b-bca1-2d6968668fc0-1024x576.jpg 1024w, https:\/\/www.tgrthaber.com\/mavikadin\/wp-content\/uploads\/5f56afc7-a400-4b5b-bca1-2d6968668fc0-768x432.jpg 768w, https:\/\/www.tgrthaber.com\/mavikadin\/wp-content\/uploads\/5f56afc7-a400-4b5b-bca1-2d6968668fc0-1536x864.jpg 1536w, https:\/\/www.tgrthaber.com\/mavikadin\/wp-content\/uploads\/5f56afc7-a400-4b5b-bca1-2d6968668fc0-2048x1152.jpg 2048w\" sizes=\"(max-width: 2375px) 100vw, 2375px\" \/><\/p>\n<hr \/>\n<h3>TE\u015eK\u0130LAT 138. B\u00d6L\u00dcM FRAGMANI YAYINLANDI MI?<\/h3>\n<p>Yeni b\u00f6l\u00fcm fragman\u0131 TRT 1\u2019in resmi hesaplar\u0131 \u00fczerinden payla\u015f\u0131ld\u0131. Fragmanda Altay ile Korkut\u2019un kar\u015f\u0131 kar\u015f\u0131ya geldi\u011fi ve \u201cSonun Geldi\u201d repli\u011fiyle dikkat \u00e7eken sahneler \u00f6ne \u00e7\u0131k\u0131yor. Aksiyonun dozunu art\u0131ran bu g\u00f6r\u00fcnt\u00fcler, dizinin takip\u00e7ilerini bir sonraki b\u00f6l\u00fcm i\u00e7in olduk\u00e7a heyecanland\u0131rd\u0131.<\/p>\n<h3>TE\u015eK\u0130LAT 138. B\u00d6L\u00dcM NEDEN YAYINLANMADI?<\/h3>\n<p>Dizinin s\u0131k\u0131 takip\u00e7ileri yeni b\u00f6l\u00fcm\u00fc b\u00fcy\u00fck bir merakla beklerken, yay\u0131n ak\u0131\u015f\u0131ndaki de\u011fi\u015fiklik dikkat \u00e7ekti. Ramazan Bayram\u0131 nedeniyle bir\u00e7ok yap\u0131mda oldu\u011fu gibi, Te\u015fkilat dizisine de k\u0131sa s\u00fcreli bir ara verildi. TRT 1\u2019den yap\u0131lan resmi a\u00e7\u0131klamaya g\u00f6re, dizinin 138. b\u00f6l\u00fcm\u00fc bayram tatili dolay\u0131s\u0131yla 1 hafta ertelendi. Yeni b\u00f6l\u00fcm, 6 Nisan Pazar ak\u015fam\u0131 saat 20.00&#8217;de ekranlarda olacak.<\/p>\n<div style=\"width: 640px;\" class=\"wp-video\"><!--[if lt IE 9]><script>document.createElement('video');<\/script><![endif]-->\n<video class=\"wp-video-shortcode\" id=\"video-155729-1\" width=\"640\" height=\"361\" preload=\"metadata\" controls=\"controls\"><source type=\"video\/mp4\" src=\"https:\/\/www.tgrthaber.com\/mavikadin\/wp-content\/uploads\/Kotuler-icin-yolun-sonu138.-Bolum-Fragmani-sizlerle-Teskilat-yeni-bolumuyle-6-Nisan-Pazar-saat-20.00de-@trt1de.mp4?_=1\" \/><a href=\"https:\/\/www.tgrthaber.com\/mavikadin\/wp-content\/uploads\/Kotuler-icin-yolun-sonu138.-Bolum-Fragmani-sizlerle-Teskilat-yeni-bolumuyle-6-Nisan-Pazar-saat-20.00de-@trt1de.mp4\">https:\/\/www.tgrthaber.com\/mavikadin\/wp-content\/uploads\/Kotuler-icin-yolun-sonu138.-Bolum-Fragmani-sizlerle-Teskilat-yeni-bolumuyle-6-Nisan-Pazar-saat-20.00de-@trt1de.mp4<\/a><\/video><\/div>\n<hr \/>\n<p>&nbsp;<\/p>\n<p>Yay\u0131n takvimindeki bu de\u011fi\u015fiklik sadece Te\u015fkilat\u2019a \u00f6zg\u00fc de\u011fil; TRT 1\u2019in di\u011fer baz\u0131 dizilerinde de benzer \u015fekilde bayram haftas\u0131nda yay\u0131n aralar\u0131 verildi.<\/p>\n<h3>TE\u015eK\u0130LAT NEDEN BU KADAR SEV\u0130L\u0130YOR?<\/h3>\n<p>Te\u015fkilat, yaln\u0131zca bir aksiyon dizisi de\u011fil; ayn\u0131 zamanda izleyicinin milli duygular\u0131na dokunan, ger\u00e7ek hayattan esinlenmi\u015f olaylar\u0131 senaryosuna ta\u015f\u0131yan \u00f6zel bir yap\u0131m. G\u00fc\u00e7l\u00fc oyuncu kadrosu, etkileyici sahne tasar\u0131mlar\u0131 ve ger\u00e7ek\u00e7i atmosferiyle fark yaratan dizi, her b\u00f6l\u00fcm\u00fcyle g\u00fcndemde kalmay\u0131 ba\u015far\u0131yor.<\/p>\n<p>Karakterlerin s\u00f6zleri sosyal medyada k\u0131sa s\u00fcrede viral oluyor, dizideki her detay dikkatle takip ediliyor. \u0130zleyiciler, Te\u015fkilat\u2019\u0131 sadece bir kurgu de\u011fil, ayn\u0131 zamanda bir bilin\u00e7 ve duru\u015f olarak g\u00f6r\u00fcyor. Bu da dizinin ba\u015far\u0131s\u0131n\u0131n temel nedenlerinden biri olarak \u00f6ne \u00e7\u0131k\u0131yor.<\/p>\n<h3>AYB\u00dcKE PUSAT K\u0130MD\u0130R?<\/h3>\n<p>25 \u015eubat 1995\u2019te Ankara\u2019da do\u011fan Ayb\u00fcke Pusat, Hacettepe \u00dcniversitesi Ankara Devlet Konservatuvar\u0131 Bale B\u00f6l\u00fcm\u00fc mezunudur. Ayn\u0131 zamanda Anadolu \u00dcniversitesi\u2019nde \u0130\u015fletme e\u011fitimi de alan Pusat, 2014 y\u0131l\u0131nda Miss Turkey yar\u0131\u015fmas\u0131nda \u00fc\u00e7\u00fcnc\u00fc olarak ad\u0131n\u0131 duyurdu.<\/p>\n<p><img loading=\"lazy\" decoding=\"async\" class=\"alignnone wp-image-155733 size-full\" src=\"https:\/\/www.tgrthaber.com\/mavikadin\/wp-content\/uploads\/aybuke-pusat-nasil-unlu-oldu-93ff10.webp\" alt=\"\" width=\"1280\" height=\"720\" title=\"\" srcset=\"https:\/\/www.tgrthaber.com\/mavikadin\/wp-content\/uploads\/aybuke-pusat-nasil-unlu-oldu-93ff10.webp 1280w, https:\/\/www.tgrthaber.com\/mavikadin\/wp-content\/uploads\/aybuke-pusat-nasil-unlu-oldu-93ff10-300x169.webp 300w, https:\/\/www.tgrthaber.com\/mavikadin\/wp-content\/uploads\/aybuke-pusat-nasil-unlu-oldu-93ff10-1024x576.webp 1024w, https:\/\/www.tgrthaber.com\/mavikadin\/wp-content\/uploads\/aybuke-pusat-nasil-unlu-oldu-93ff10-768x432.webp 768w\" sizes=\"(max-width: 1280px) 100vw, 1280px\" \/><\/p>\n<hr \/>\n<p>Oyunculuk kariyerine Star TV\u2019de yay\u0131nlanan Medcezir dizisiyle ad\u0131m atan ba\u015far\u0131l\u0131 oyuncu, ard\u0131ndan Be\u015f Karde\u015f, O Hayat Benim ve Familya gibi yap\u0131mlarda yer ald\u0131. S\u00f6z dizisindeki \u201cBahar Kutlu\u201d karakteriyle geni\u015f kitlelere ula\u015fan Pusat, son olarak 2023 y\u0131l\u0131nda Te\u015fkilat dizisine dahil oldu ve burada Neslihan Erdemsoy\/Tuna karakterine hayat veriyor.<\/p>\n<h3>AYB\u00dcKE PUSAT TE\u015eK\u0130LAT D\u0130Z\u0130S\u0130NDEN AYRILACAK MI?<\/h3>\n<p>Murat Y\u0131ld\u0131r\u0131m\u2019\u0131n vedas\u0131 netle\u015fmi\u015fken, Ayb\u00fcke Pusat\u2019\u0131n dizide kal\u0131p kalmayaca\u011f\u0131 konusu belirsizli\u011fini koruyordu. 138. b\u00f6l\u00fcm fragman\u0131nda Pusat\u2019\u0131n karakteri Neslihan\u2019a dair \u00e7arp\u0131c\u0131 detaylara yer verilse de, diziden ayr\u0131laca\u011f\u0131na dair kesin bir bilgi bulunmuyordu. Fakat son geli\u015fmelere g\u00f6re Te\u015fkilat dizisinde &#8220;Neslihan&#8221; karakterini oynayan Ayb\u00fcke Pusat&#8217;\u0131n diziye veda edece\u011fi \u00f6\u011frenildi. Konuya ili\u015fkin a\u00e7\u0131klama TRT Genel M\u00fcd\u00fcr\u00fc Zahid Sobac\u0131&#8217;dan geldi.<\/p>\n<p><img loading=\"lazy\" decoding=\"async\" class=\"alignnone wp-image-155734\" src=\"https:\/\/www.tgrthaber.com\/mavikadin\/wp-content\/uploads\/images-1-1.jpg\" alt=\"\" width=\"1208\" height=\"662\" title=\"\" srcset=\"https:\/\/www.tgrthaber.com\/mavikadin\/wp-content\/uploads\/images-1-1.jpg 303w, https:\/\/www.tgrthaber.com\/mavikadin\/wp-content\/uploads\/images-1-1-300x164.jpg 300w\" sizes=\"(max-width: 1208px) 100vw, 1208px\" \/><\/p>\n<hr \/>\n<p>Te\u015fkilat dizisinde dengeler de\u011fi\u015firken, ayr\u0131l\u0131k sinyalleri de dikkat \u00e7ekmeye devam ediyor. Ayb\u00fcke Pusat&#8217;\u0131n diziden ayr\u0131laca\u011f\u0131n\u0131n kesinle\u015fmesi ise dizinin takip\u00e7ileri taraf\u0131ndan b\u00fcy\u00fck ilgi g\u00f6r\u00fcyor. TRT Genel M\u00fcd\u00fcr\u00fc Zahid Sobac\u0131, Pusat&#8217;\u0131n davran\u0131\u015flar\u0131n\u0131n hayalk\u0131r\u0131kl\u0131\u011f\u0131 olu\u015fturdu\u011funu ve dizinin kadrosundan \u00e7\u0131kar\u0131ld\u0131\u011f\u0131n\u0131 duyurdu.\u00a0Sobac\u0131 konuya ili\u015fkin yapt\u0131\u011f\u0131 a\u00e7\u0131klamada \u015fu ifadeleri kulland\u0131:<\/p>\n<p>&#8220;T\u00fcrkiye&#8217;nin kamu yay\u0131nc\u0131s\u0131 TRT, nitelikli yay\u0131nc\u0131l\u0131\u011f\u0131 ve i\u00e7erikleriyle \u00fclkemizde ve k\u00fcresel alanda b\u00fcy\u00fck tevecc\u00fch g\u00f6ren bir T\u00fcrkiye markas\u0131d\u0131r. TRT&#8217;nin itibar\u0131n\u0131 ve marka g\u00fcc\u00fcn\u00fc korumak, TRT y\u00f6netiminin en \u00f6nemli sorumluluklar\u0131ndan biridir.<\/p>\n<p>TRT ile \u00e7al\u0131\u015fan firmalar ve ki\u015filer de kamu yay\u0131nc\u0131l\u0131\u011f\u0131 ilkelerini bilir ve bir TRT projesinde yer al\u0131rken bu ilkeler do\u011frultusunda hareket etme sorumlulu\u011funu \u00fcstlenirler.<\/p>\n<p>Milletimizi temsil eden TRT&#8217;nin projelerinde yer alan ki\u015filerin, i\u00e7inde bulundu\u011fu proje devam etti\u011fi s\u00fcrece, bir siyasi parti taraf\u0131ndan ba\u015flat\u0131ld\u0131\u011f\u0131 a\u00e7\u0131k olan (dolay\u0131s\u0131yla siyasi niteli\u011fiyle \u00f6n plana \u00e7\u0131kan), \u00fclkemizin ekonomisini hedef alan, siyaseti ve toplumu dizayn etme amac\u0131 ta\u015f\u0131yan, milleti kutupla\u015ft\u0131ran bir siyasi kampanyan\u0131n par\u00e7as\u0131 olmas\u0131 asla kabul edilemez.&#8221;<\/p>\n<p><img loading=\"lazy\" decoding=\"async\" class=\"alignnone wp-image-156057\" src=\"https:\/\/www.tgrthaber.com\/mavikadin\/wp-content\/uploads\/Aybuke-Pusat-1024x576.jpg\" alt=\"Ayb\u00fcke-Pusat\" width=\"1208\" height=\"680\" title=\"\" srcset=\"https:\/\/www.tgrthaber.com\/mavikadin\/wp-content\/uploads\/Aybuke-Pusat-1024x576.jpg 1024w, https:\/\/www.tgrthaber.com\/mavikadin\/wp-content\/uploads\/Aybuke-Pusat-300x169.jpg 300w, https:\/\/www.tgrthaber.com\/mavikadin\/wp-content\/uploads\/Aybuke-Pusat-768x432.jpg 768w, https:\/\/www.tgrthaber.com\/mavikadin\/wp-content\/uploads\/Aybuke-Pusat-1536x864.jpg 1536w, https:\/\/www.tgrthaber.com\/mavikadin\/wp-content\/uploads\/Aybuke-Pusat.jpg 1600w\" sizes=\"(max-width: 1208px) 100vw, 1208px\" \/><\/p>\n<hr \/>\n<h3>&#8220;HADS\u0130ZL\u0130\u011eE M\u00dcSAADE ED\u0130LMES\u0130 BEKLENEMEZ&#8221;<\/h3>\n<p>&#8220;Siyasi bir grubun politik ama\u00e7lar\u0131 i\u00e7in sahaya s\u00fcrd\u00fc\u011f\u00fc boykot \u00e7a\u011fr\u0131s\u0131na alet olmak, TRT&#8217;nin ilkelerine, kamu yay\u0131nc\u0131l\u0131\u011f\u0131 anlay\u0131\u015f\u0131na ve mesleki profesyonelli\u011fe a\u00e7\u0131k\u00e7a ayk\u0131r\u0131l\u0131k te\u015fkil etmektedir.<\/p>\n<p>Ayr\u0131ca, bir yandan TRT yap\u0131mlar\u0131nda yer al\u0131rken di\u011fer yandan mesnetsiz iddialarla TRT&#8217;yi de kapsayan boykot \u00e7a\u011fr\u0131s\u0131na destek verme tutars\u0131zl\u0131\u011f\u0131na ve hadsizli\u011fine m\u00fcsaade edilmesi beklenemez.<\/p>\n<p>Bu ba\u011flamda, TRT 1&#8217;de yay\u0131nlanan Te\u015fkilat dizisinde rol alan bir oyuncunun payla\u015f\u0131mlar\u0131 TRT&#8217;nin kurumsal ilkeleri ile asla ba\u011fda\u015fmamaktad\u0131r. Te\u015fkilat dizisi izleyicilerini de hayal k\u0131r\u0131kl\u0131\u011f\u0131na u\u011fratan payla\u015f\u0131mlar nedeniyle s\u00f6z konusu ki\u015fi diziden \u00e7\u0131kar\u0131lm\u0131\u015ft\u0131r. Dizinin stok b\u00f6l\u00fcmleri \u00e7ekilmi\u015f olmas\u0131na ra\u011fmen, dizinin senaryosunda revizeye gidilecektir. Benzeri durumlar i\u00e7in de gerekli ad\u0131mlar\u0131n at\u0131laca\u011f\u0131ndan kimsenin \u015f\u00fcphesi olmas\u0131n.<\/p>\n<p>Kamuoyuna sayg\u0131yla duyurulur.&#8221;<\/p>\n","protected":false},"excerpt":{"rendered":"<p>TRT 1\u2019in heyecan dolu dizisi Te\u015fkilat\u2019ta ayr\u0131l\u0131k r\u00fczgarlar\u0131 m\u0131 esiyor? Ba\u015frollerden Murat Y\u0131ld\u0131r\u0131m\u2019\u0131n vedas\u0131 sonras\u0131 g\u00f6zler Ayb\u00fcke Pusat\u2019a \u00e7evrildi. Te\u015fkilat 138. b\u00f6l\u00fcm fragman\u0131 yay\u0131nland\u0131 ve izleyiciler bu geli\u015fmeler \u0131\u015f\u0131\u011f\u0131nda \u201cAyb\u00fcke Pusat diziden ayr\u0131l\u0131yor mu?\u201d sorusunun yan\u0131t\u0131n\u0131 ar\u0131yor. \u0130\u015fte merak edilen t\u00fcm detaylar&#8230;<\/p>\n","protected":false},"author":35,"featured_media":155732,"comment_status":"closed","ping_status":"closed","sticky":false,"template":"","format":"standard","meta":{"rank_math_lock_modified_date":false,"footnotes":""},"categories":[602],"tags":[2806,16327,16080,16328,5608,14057,16329],"class_list":["post-155729","post","type-post","status-publish","format-standard","has-post-thumbnail","hentry","category-diziler","tag-aybuke-pusat","tag-aybuke-pusat-diziden-ayriliyor-mu","tag-teskilat-138-bolum","tag-teskilat-aybuke-pusat-ayriligi","tag-teskilat-dizisi","tag-teskilat-yeni-bolum","tag-trt-1-teskilat"],"_links":{"self":[{"href":"https:\/\/www.tgrthaber.com\/mavikadin\/wp-json\/wp\/v2\/posts\/155729"}],"collection":[{"href":"https:\/\/www.tgrthaber.com\/mavikadin\/wp-json\/wp\/v2\/posts"}],"about":[{"href":"https:\/\/www.tgrthaber.com\/mavikadin\/wp-json\/wp\/v2\/types\/post"}],"author":[{"embeddable":true,"href":"https:\/\/www.tgrthaber.com\/mavikadin\/wp-json\/wp\/v2\/users\/35"}],"replies":[{"embeddable":true,"href":"https:\/\/www.tgrthaber.com\/mavikadin\/wp-json\/wp\/v2\/comments?post=155729"}],"version-history":[{"count":5,"href":"https:\/\/www.tgrthaber.com\/mavikadin\/wp-json\/wp\/v2\/posts\/155729\/revisions"}],"predecessor-version":[{"id":156058,"href":"https:\/\/www.tgrthaber.com\/mavikadin\/wp-json\/wp\/v2\/posts\/155729\/revisions\/156058"}],"wp:featuredmedia":[{"embeddable":true,"href":"https:\/\/www.tgrthaber.com\/mavikadin\/wp-json\/wp\/v2\/media\/155732"}],"wp:attachment":[{"href":"https:\/\/www.tgrthaber.com\/mavikadin\/wp-json\/wp\/v2\/media?parent=155729"}],"wp:term":[{"taxonomy":"category","embeddable":true,"href":"https:\/\/www.tgrthaber.com\/mavikadin\/wp-json\/wp\/v2\/categories?post=155729"},{"taxonomy":"post_tag","embeddable":true,"href":"https:\/\/www.tgrthaber.com\/mavikadin\/wp-json\/wp\/v2\/tags?post=155729"}],"curies":[{"name":"wp","href":"https:\/\/api.w.org\/{rel}","templated":true}]}}