{"id":155757,"date":"2025-04-01T22:43:01","date_gmt":"2025-04-01T19:43:01","guid":{"rendered":"https:\/\/www.tgrthaber.com\/mavikadin\/?p=155757"},"modified":"2025-04-01T22:43:01","modified_gmt":"2025-04-01T19:43:01","slug":"aylanin-kucuk-yildizi-yillar-sonra-ortaya-cikti-kim-seolun-son-hali-cok-konusuldu","status":"publish","type":"post","link":"https:\/\/www.tgrthaber.com\/mavikadin\/aylanin-kucuk-yildizi-yillar-sonra-ortaya-cikti-kim-seolun-son-hali-cok-konusuldu\/","title":{"rendered":"Ayla\u2019n\u0131n k\u00fc\u00e7\u00fck y\u0131ld\u0131z\u0131 y\u0131llar sonra ortaya \u00e7\u0131kt\u0131! Kim Seol\u2019un son hali \u00e7ok konu\u015fuldu"},"content":{"rendered":"<p>2017 y\u0131l\u0131nda vizyona giren ve izleyenleri derinden etkileyen \u201cAyla\u201d filminin k\u00fc\u00e7\u00fck y\u0131ld\u0131z\u0131 Kim Seol, aradan ge\u00e7en y\u0131llar\u0131n ard\u0131ndan yeniden g\u00fcndeme geldi. Filmde canland\u0131rd\u0131\u011f\u0131 karakterle haf\u0131zalara kaz\u0131nan Seol\u2019un son hali sosyal medyada b\u00fcy\u00fck yank\u0131 uyand\u0131rd\u0131. K\u00fc\u00e7\u00fck ya\u015fta sergiledi\u011fi performansla milyonlar\u0131n kalbine dokunan oyuncunun g\u00fcncel g\u00f6r\u00fcnt\u00fcleri, hem nostalji ya\u015fatt\u0131 hem de takip\u00e7ilerini \u015fa\u015f\u0131rtt\u0131.<\/p>\n<h3>AYLA F\u0130LM\u0130 G\u0130\u015eE REKORLARI KIRMI\u015eTI<\/h3>\n<p>2017 y\u0131l\u0131nda g\u00f6sterime giren ve k\u0131sa s\u00fcrede gi\u015fe rekorlar\u0131 k\u0131ran Ayla filmi, yaln\u0131zca sinematik ba\u015far\u0131s\u0131yla de\u011fil, arkas\u0131ndaki ger\u00e7ek hik\u00e2yeyle de izleyicinin kalbini fethetti. Filmde Ayla karakterine hayat veren G\u00fcney Koreli minik oyuncu Kim Seol, sade mimikleri ve i\u00e7ten performans\u0131yla milyonlar\u0131n y\u00fcre\u011fine dokundu.<\/p>\n<p><img loading=\"lazy\" decoding=\"async\" class=\"alignnone wp-image-155761 \" src=\"https:\/\/www.tgrthaber.com\/mavikadin\/wp-content\/uploads\/DKZ7-ICXUAAfmIC.jpg\" alt=\"\" width=\"839\" height=\"1199\" title=\"\" srcset=\"https:\/\/www.tgrthaber.com\/mavikadin\/wp-content\/uploads\/DKZ7-ICXUAAfmIC.jpg 476w, https:\/\/www.tgrthaber.com\/mavikadin\/wp-content\/uploads\/DKZ7-ICXUAAfmIC-210x300.jpg 210w\" sizes=\"(max-width: 839px) 100vw, 839px\" \/><\/p>\n<hr \/>\n<p>O d\u00f6nem 5 ya\u015f\u0131nda olan Seol, T\u00fcrk askeriyle Koreli bir k\u0131z \u00e7ocu\u011funun s\u0131cak ili\u015fkisini sinema tarihine unutulmaz \u015fekilde kaz\u0131d\u0131.<\/p>\n<h3>AYLA\u2019NIN GER\u00c7EK H\u0130KAYES\u0130 Y\u00dcREK BURKUYOR<\/h3>\n<p>Filmin arkas\u0131nda ise ger\u00e7ekten y\u00fcrek burkan bir ya\u015fam \u00f6yk\u00fcs\u00fc yat\u0131yor. 1950 y\u0131l\u0131nda Kore Sava\u015f\u0131&#8217;na kat\u0131lan 25 ya\u015f\u0131ndaki T\u00fcrk astsubay S\u00fcleyman Dilbirli\u011fi, sava\u015f alan\u0131nda terk edilmi\u015f, ailesini kaybetmi\u015f k\u00fc\u00e7\u00fck bir k\u0131z bulur.<\/p>\n<p><img loading=\"lazy\" decoding=\"async\" class=\"alignnone wp-image-155762 \" src=\"https:\/\/www.tgrthaber.com\/mavikadin\/wp-content\/uploads\/GhrJqOcXYAAfnUr.jpg\" alt=\"\" width=\"824\" height=\"824\" title=\"\" srcset=\"https:\/\/www.tgrthaber.com\/mavikadin\/wp-content\/uploads\/GhrJqOcXYAAfnUr.jpg 540w, https:\/\/www.tgrthaber.com\/mavikadin\/wp-content\/uploads\/GhrJqOcXYAAfnUr-300x300.jpg 300w, https:\/\/www.tgrthaber.com\/mavikadin\/wp-content\/uploads\/GhrJqOcXYAAfnUr-150x150.jpg 150w\" sizes=\"(max-width: 824px) 100vw, 824px\" \/><\/p>\n<hr \/>\n<p>Karlar i\u00e7inde donmak \u00fczereyken buldu\u011fu bu minik k\u0131za &#8220;Ayla&#8221; ismini verir. Sava\u015f boyunca 18 ay boyunca ona babal\u0131k yapar. Fakat sava\u015f sona erdi\u011finde, Ayla&#8217;y\u0131 T\u00fcrkiye&#8217;ye g\u00f6t\u00fcrmek m\u00fcmk\u00fcn olmaz. S\u00fcleyman, g\u00f6zya\u015flar\u0131 i\u00e7inde k\u00fc\u00e7\u00fck k\u0131z\u0131 yetimhaneye b\u0131rak\u0131r. Ve yollar ayr\u0131l\u0131r.<\/p>\n<h3>60 YIL SONRA YEN\u0130DEN BULU\u015eTULAR<\/h3>\n<p>Aradan ge\u00e7en 60 y\u0131l boyunca S\u00fcleyman Ayla&#8217;y\u0131 hi\u00e7 unutmaz. 85 ya\u015f\u0131na geldi\u011finde elindeki birka\u00e7 eski foto\u011frafla T\u00fcrk Kore Gazileri Derne\u011fi\u2019ne ba\u015fvurur. O d\u00f6nemde himaye alt\u0131na al\u0131nan onlarca yetim \u00e7ocuk ve Ankara Okulu kay\u0131tlar\u0131 aras\u0131nda Ayla\u2019y\u0131 bulmak i\u00e7in adeta seferberlik ilan edilir. Kay\u0131tlar\u0131n \u00e7o\u011fu bir yang\u0131nda yok olmu\u015ftur ama bir mucize ger\u00e7ekle\u015fir. Okul arkada\u015flar\u0131ndan biri, Ayla\u2019y\u0131 hat\u0131rlar. Bu ba\u011flant\u0131 sayesinde Ayla\u2019n\u0131n izine ula\u015f\u0131l\u0131r. Ayla, art\u0131k 60\u2019l\u0131 ya\u015flar\u0131nda, evli, \u00e7al\u0131\u015fan bir kad\u0131nd\u0131r. Bu yeniden bulu\u015fma, sinema senaryolar\u0131n\u0131 aratmayacak t\u00fcrden.<\/p>\n<p><img loading=\"lazy\" decoding=\"async\" class=\"alignnone wp-image-155767 size-full\" src=\"https:\/\/www.tgrthaber.com\/mavikadin\/wp-content\/uploads\/DPG4P9TW4AAz5uK.jpg\" alt=\"\" width=\"1600\" height=\"1067\" title=\"\" srcset=\"https:\/\/www.tgrthaber.com\/mavikadin\/wp-content\/uploads\/DPG4P9TW4AAz5uK.jpg 1600w, https:\/\/www.tgrthaber.com\/mavikadin\/wp-content\/uploads\/DPG4P9TW4AAz5uK-300x200.jpg 300w, https:\/\/www.tgrthaber.com\/mavikadin\/wp-content\/uploads\/DPG4P9TW4AAz5uK-1024x683.jpg 1024w, https:\/\/www.tgrthaber.com\/mavikadin\/wp-content\/uploads\/DPG4P9TW4AAz5uK-768x512.jpg 768w, https:\/\/www.tgrthaber.com\/mavikadin\/wp-content\/uploads\/DPG4P9TW4AAz5uK-1536x1024.jpg 1536w\" sizes=\"(max-width: 1600px) 100vw, 1600px\" \/><\/p>\n<hr \/>\n<h3>AYLA F\u0130LM\u0130N\u0130N ETK\u0130S\u0130 HALA DEVAM ED\u0130YOR<\/h3>\n<p>Filmin ba\u015far\u0131s\u0131n\u0131n ard\u0131nda yaln\u0131zca etkileyici bir hikaye de\u011fil, ger\u00e7ekli\u011fin ta kendisi yat\u0131yor. Ayla ve S\u00fcleyman\u2019\u0131n o s\u0131cak, koruyucu ba\u011f\u0131; insanl\u0131\u011fa dair t\u00fcm g\u00fczel duygular\u0131 bir arada ya\u015fat\u0131yor. Bu y\u00fczden Kim Seol\u2019un yeni hali yaln\u0131zca estetik bir de\u011fi\u015fim de\u011fil, ayn\u0131 zamanda milyonlara umut veren o hik\u00e2yenin taze bir hat\u0131rlat\u0131c\u0131s\u0131.<\/p>\n<p><img loading=\"lazy\" decoding=\"async\" class=\"alignnone wp-image-155766 size-full\" src=\"https:\/\/www.tgrthaber.com\/mavikadin\/wp-content\/uploads\/Ekran-goruntusu-2025-04-01-215854.png\" alt=\"\" width=\"895\" height=\"506\" title=\"\" srcset=\"https:\/\/www.tgrthaber.com\/mavikadin\/wp-content\/uploads\/Ekran-goruntusu-2025-04-01-215854.png 895w, https:\/\/www.tgrthaber.com\/mavikadin\/wp-content\/uploads\/Ekran-goruntusu-2025-04-01-215854-300x170.png 300w, https:\/\/www.tgrthaber.com\/mavikadin\/wp-content\/uploads\/Ekran-goruntusu-2025-04-01-215854-768x434.png 768w\" sizes=\"(max-width: 895px) 100vw, 895px\" \/><\/p>\n<hr \/>\n<h3>AYLA\u2019NIN K\u00dc\u00c7\u00dcK YILDIZI YILLAR SONRA ORTAYA \u00c7IKTI!<\/h3>\n<p>Zaman h\u0131zla ak\u0131p ge\u00e7ti. \u015eimdi 13 ya\u015f\u0131nda olan Kim Seol, y\u0131llar i\u00e7inde fiziksel olarak de\u011fi\u015fse de, bak\u0131\u015flar\u0131ndaki o tan\u0131d\u0131k ifade dikkat \u00e7ekmeye devam ediyor. Sosyal medyada payla\u015f\u0131lan yeni foto\u011fraflar\u0131yla adeta b\u00fcy\u00fcledi. Zarif duru\u015fu, do\u011fal g\u00fczelli\u011fi ve naif ifadesiyle bir d\u00f6nemin minik y\u0131ld\u0131z\u0131 \u015fimdi tam bir gen\u00e7 k\u0131z\u2026 Payla\u015f\u0131mlar k\u0131sa s\u00fcrede viral oldu. \u201cAyla b\u00fcy\u00fcm\u00fc\u015f ve \u00e7ok g\u00fczelle\u015fmi\u015f\u201d yorumlar\u0131 ise g\u00fcndemi me\u015fgul etti. \u0130\u015fte Ayla&#8217;n\u0131n k\u00fc\u00e7\u00fck y\u0131ld\u0131z\u0131 Kim Seol&#8217;un son hali&#8230;<\/p>\n<h3>K\u0130M SEOL\u2019UN SON HAL\u0130\u00a0\u00c7OK KONU\u015eULDU<\/h3>\n<p>\u201cAyla\u201d filmindeki rol\u00fcyle tan\u0131nan G\u00fcney Koreli oyuncu Kim Seol\u2019un g\u00fcncel foto\u011fraflar\u0131 sosyal medyada geni\u015f yank\u0131 uyand\u0131rd\u0131.<\/p>\n<p><img loading=\"lazy\" decoding=\"async\" class=\"alignnone wp-image-155765 size-full\" src=\"https:\/\/www.tgrthaber.com\/mavikadin\/wp-content\/uploads\/Ekran-goruntusu-2025-04-01-220001.png\" alt=\"\" width=\"1108\" height=\"501\" title=\"\" srcset=\"https:\/\/www.tgrthaber.com\/mavikadin\/wp-content\/uploads\/Ekran-goruntusu-2025-04-01-220001.png 1108w, https:\/\/www.tgrthaber.com\/mavikadin\/wp-content\/uploads\/Ekran-goruntusu-2025-04-01-220001-300x136.png 300w, https:\/\/www.tgrthaber.com\/mavikadin\/wp-content\/uploads\/Ekran-goruntusu-2025-04-01-220001-1024x463.png 1024w, https:\/\/www.tgrthaber.com\/mavikadin\/wp-content\/uploads\/Ekran-goruntusu-2025-04-01-220001-768x347.png 768w\" sizes=\"(max-width: 1108px) 100vw, 1108px\" \/><\/p>\n<hr \/>\n<p>Filmde canland\u0131rd\u0131\u011f\u0131 karakterle haf\u0131zalara kaz\u0131nan Seol\u2019un, y\u0131llar sonra ortaya \u00e7\u0131kan yeni g\u00f6r\u00fcnt\u00fcleri k\u0131sa s\u00fcrede bir\u00e7ok platformda payla\u015f\u0131ld\u0131. 13 ya\u015f\u0131na gelen oyuncunun de\u011fi\u015fimi dikkat \u00e7ekerken, filmdeki masum ifadesini korudu\u011fu y\u00f6n\u00fcndeki yorumlar da dikkat \u00e7ekti.<\/p>\n","protected":false},"excerpt":{"rendered":"<p>Hen\u00fcz \u00e7ocukken tan\u0131d\u0131\u011f\u0131m\u0131z, duygusal sahneleriyle sinema tarihine iz b\u0131rakan Kim Seol, \u015fimdi bamba\u015fka birine d\u00f6n\u00fc\u015ft\u00fc. \u201cAyla\u201d filmiyle T\u00fcrkiye&#8217;nin kalbine dokunan minik y\u0131ld\u0131z\u0131n son hali sosyal medyada g\u00fcndem oldu. \u0130\u015fte Ayla filminin k\u00fc\u00e7\u00fck y\u0131ld\u0131z\u0131 Kim Seol&#8217;un son hali&#8230;<\/p>\n","protected":false},"author":35,"featured_media":155768,"comment_status":"closed","ping_status":"closed","sticky":false,"template":"","format":"standard","meta":{"rank_math_lock_modified_date":false,"footnotes":""},"categories":[76],"tags":[16333,16339,16336,16337,16334,16338,16335],"class_list":["post-155757","post","type-post","status-publish","format-standard","has-post-thumbnail","hentry","category-magazin","tag-ayla-filmi","tag-ayla-filmi-oyunculari","tag-ayla-kim-seol","tag-ayla-kim-seol-buyudu","tag-kim-seol","tag-kim-seol-son-hali","tag-kore-savslari"],"_links":{"self":[{"href":"https:\/\/www.tgrthaber.com\/mavikadin\/wp-json\/wp\/v2\/posts\/155757"}],"collection":[{"href":"https:\/\/www.tgrthaber.com\/mavikadin\/wp-json\/wp\/v2\/posts"}],"about":[{"href":"https:\/\/www.tgrthaber.com\/mavikadin\/wp-json\/wp\/v2\/types\/post"}],"author":[{"embeddable":true,"href":"https:\/\/www.tgrthaber.com\/mavikadin\/wp-json\/wp\/v2\/users\/35"}],"replies":[{"embeddable":true,"href":"https:\/\/www.tgrthaber.com\/mavikadin\/wp-json\/wp\/v2\/comments?post=155757"}],"version-history":[{"count":2,"href":"https:\/\/www.tgrthaber.com\/mavikadin\/wp-json\/wp\/v2\/posts\/155757\/revisions"}],"predecessor-version":[{"id":155772,"href":"https:\/\/www.tgrthaber.com\/mavikadin\/wp-json\/wp\/v2\/posts\/155757\/revisions\/155772"}],"wp:featuredmedia":[{"embeddable":true,"href":"https:\/\/www.tgrthaber.com\/mavikadin\/wp-json\/wp\/v2\/media\/155768"}],"wp:attachment":[{"href":"https:\/\/www.tgrthaber.com\/mavikadin\/wp-json\/wp\/v2\/media?parent=155757"}],"wp:term":[{"taxonomy":"category","embeddable":true,"href":"https:\/\/www.tgrthaber.com\/mavikadin\/wp-json\/wp\/v2\/categories?post=155757"},{"taxonomy":"post_tag","embeddable":true,"href":"https:\/\/www.tgrthaber.com\/mavikadin\/wp-json\/wp\/v2\/tags?post=155757"}],"curies":[{"name":"wp","href":"https:\/\/api.w.org\/{rel}","templated":true}]}}