{"id":155758,"date":"2025-04-01T22:40:04","date_gmt":"2025-04-01T19:40:04","guid":{"rendered":"https:\/\/www.tgrthaber.com\/mavikadin\/?p=155758"},"modified":"2025-04-02T09:43:58","modified_gmt":"2025-04-02T06:43:58","slug":"annem-ankaranin-avukati-orhani-taner-rumeli-sevgilisi-ceyda-asik-ile-nisanlandi","status":"publish","type":"post","link":"https:\/\/www.tgrthaber.com\/mavikadin\/annem-ankaranin-avukati-orhani-taner-rumeli-sevgilisi-ceyda-asik-ile-nisanlandi\/","title":{"rendered":"Deha dizisine veda eden Karga Taner Rumeli ni\u015fanland\u0131! Bak\u0131n sevgilisi Ceyda A\u015f\u0131k kim \u00e7\u0131kt\u0131"},"content":{"rendered":"<p>Deha ve Annem Ankara dizileriyle son zamanlarda ekranlarda yer alan \u00fcnl\u00fc oyuncu Taner Rumeli, evlilik yoluna ilk ad\u0131m\u0131 att\u0131. Uzun s\u00fcredir birlikte oldu\u011fu sevgilisi Ceyda A\u015f\u0131k ile evlilik karar\u0131 alan ikili, ge\u00e7ti\u011fimiz g\u00fcnlerde k\u0131z isteme merasimi ger\u00e7ekle\u015ftirdi. Aile aras\u0131nda \u00f6zel olarak ger\u00e7ekle\u015fen s\u00f6z merasimine ait ilk g\u00f6r\u00fcnt\u00fcler ortaya \u00e7\u0131kt\u0131.<\/p>\n<h3>TANER RUMEL\u0130 S\u00d6ZLEND\u0130<\/h3>\n<p>Uzun s\u00fcredir birlikte oldu\u011fu sevgilisi Ceyda A\u015f\u0131k ile evlilik karar alan Taner Rumeli s\u00f6zlendi. Birbirlerine olan sevgisini her f\u0131rsatta payla\u015ft\u0131\u011f\u0131 foto\u011fraflarla dile getiren Taner Rumeli, evlili\u011fe ilk ad\u0131m olan k\u0131z isteme merasimini ger\u00e7ekle\u015ftirdi. Aile aras\u0131nda ger\u00e7ekle\u015fen \u00f6zel geceden organizasyon ekibinin payla\u015ft\u0131\u011f\u0131 videoyla \u00e7iftin mutlu dolu anlar\u0131 kameralara yans\u0131d\u0131. Evlilik yolunda y\u00fcr\u00fcyen Ceyda A\u015f\u0131k ve Taner Rumeli\u2019nin sosyal medyalar\u0131nda payla\u015ft\u0131\u011f\u0131 foto\u011fraflarla y\u0131llara meydan okuyan sevgilerini evlilikle ta\u00e7land\u0131rmaya karar verdiler.<\/p>\n<p><img loading=\"lazy\" decoding=\"async\" class=\"alignnone wp-image-155759\" src=\"https:\/\/www.tgrthaber.com\/mavikadin\/wp-content\/uploads\/taner-rumeli-sozlendi-300x169.jpg\" alt=\"taner rumeli s\u00f6zlendi\" width=\"1208\" height=\"680\" title=\"\" srcset=\"https:\/\/www.tgrthaber.com\/mavikadin\/wp-content\/uploads\/taner-rumeli-sozlendi-300x169.jpg 300w, https:\/\/www.tgrthaber.com\/mavikadin\/wp-content\/uploads\/taner-rumeli-sozlendi-1024x576.jpg 1024w, https:\/\/www.tgrthaber.com\/mavikadin\/wp-content\/uploads\/taner-rumeli-sozlendi-768x432.jpg 768w, https:\/\/www.tgrthaber.com\/mavikadin\/wp-content\/uploads\/taner-rumeli-sozlendi-1536x864.jpg 1536w, https:\/\/www.tgrthaber.com\/mavikadin\/wp-content\/uploads\/taner-rumeli-sozlendi.jpg 1920w\" sizes=\"(max-width: 1208px) 100vw, 1208px\" \/><\/p>\n<hr \/>\n<h3>TANER RUMEL\u0130 K\u0130MD\u0130R?<\/h3>\n<p>8 Nisan 1985 tarihinde Taner Rumeli Ankara&#8217;da d\u00fcnyaya geldi. \u00dcnl\u00fc oyuncu Ankara \u00dcniversitesi Dil ve Tarih-Co\u011frafya Fak\u00fcltesi tiyatro b\u00f6l\u00fcm\u00fcnden mezun oldu. 2007 y\u0131l\u0131nda Bizim Evin Halleri dizisinde \u00c7etin karakteriyle televizyon sekt\u00f6r\u00fcne ad\u0131m att\u0131. 2007 y\u0131l\u0131ndan g\u00fcn\u00fcm\u00fcze de\u011fin bir\u00e7ok projede yer ald\u0131. \u00d6yle Bir Ge\u00e7er Zaman Ki, Afili A\u015fk, Kurulu\u015f Osman, Deha ve Annem Ankara dizilerinde roller alarak ad\u0131ndan s\u00f6z ettirdi. Ayn\u0131 zamana Taner Rumeli, Anka ve Sad\u0131k Ahmet gibi filmlerle de sinema sekt\u00f6r\u00fcndeki pek \u00e7ok yap\u0131mda farkl\u0131 karakterler oynayarak performans\u0131n\u0131 sergiledi.<\/p>\n","protected":false},"excerpt":{"rendered":"<p>Annem Ankara dizisinin Avukat\u0131 Orhan rol\u00fcn\u00fc oynayan \u00fcnl\u00fc oyuncu Taner Rumeli uzun s\u00fcredir birlikte oldu\u011fu sevgilisi Ceyda A\u015f\u0131k ile s\u00f6zlendiler. Bir organizasyon firmas\u0131n\u0131n haz\u0131rlad\u0131\u011f\u0131 gecede Taner Rumeli ve sevgilisi Ceyda A\u015f\u0131k aile aras\u0131nda s\u00f6z kestiler. \u00c7iftin heyecanl\u0131 halleri g\u00f6zlerden ka\u00e7mad\u0131. <\/p>\n","protected":false},"author":10,"featured_media":155763,"comment_status":"closed","ping_status":"closed","sticky":false,"template":"","format":"standard","meta":{"rank_math_lock_modified_date":false,"footnotes":""},"categories":[76],"tags":[133,2218,14089,16332,16331],"class_list":["post-155758","post","type-post","status-publish","format-standard","has-post-thumbnail","hentry","category-magazin","tag-magazin","tag-magazin-haberleri","tag-taner-rumeli","tag-taner-rumeli-soz","tag-taner-rumeli-ve-ceyda-asik"],"_links":{"self":[{"href":"https:\/\/www.tgrthaber.com\/mavikadin\/wp-json\/wp\/v2\/posts\/155758"}],"collection":[{"href":"https:\/\/www.tgrthaber.com\/mavikadin\/wp-json\/wp\/v2\/posts"}],"about":[{"href":"https:\/\/www.tgrthaber.com\/mavikadin\/wp-json\/wp\/v2\/types\/post"}],"author":[{"embeddable":true,"href":"https:\/\/www.tgrthaber.com\/mavikadin\/wp-json\/wp\/v2\/users\/10"}],"replies":[{"embeddable":true,"href":"https:\/\/www.tgrthaber.com\/mavikadin\/wp-json\/wp\/v2\/comments?post=155758"}],"version-history":[{"count":4,"href":"https:\/\/www.tgrthaber.com\/mavikadin\/wp-json\/wp\/v2\/posts\/155758\/revisions"}],"predecessor-version":[{"id":155864,"href":"https:\/\/www.tgrthaber.com\/mavikadin\/wp-json\/wp\/v2\/posts\/155758\/revisions\/155864"}],"wp:featuredmedia":[{"embeddable":true,"href":"https:\/\/www.tgrthaber.com\/mavikadin\/wp-json\/wp\/v2\/media\/155763"}],"wp:attachment":[{"href":"https:\/\/www.tgrthaber.com\/mavikadin\/wp-json\/wp\/v2\/media?parent=155758"}],"wp:term":[{"taxonomy":"category","embeddable":true,"href":"https:\/\/www.tgrthaber.com\/mavikadin\/wp-json\/wp\/v2\/categories?post=155758"},{"taxonomy":"post_tag","embeddable":true,"href":"https:\/\/www.tgrthaber.com\/mavikadin\/wp-json\/wp\/v2\/tags?post=155758"}],"curies":[{"name":"wp","href":"https:\/\/api.w.org\/{rel}","templated":true}]}}