{"id":155781,"date":"2025-04-02T00:13:51","date_gmt":"2025-04-01T21:13:51","guid":{"rendered":"https:\/\/www.tgrthaber.com\/mavikadin\/?p=155781"},"modified":"2025-04-03T13:54:52","modified_gmt":"2025-04-03T10:54:52","slug":"pinar-deniz-ve-kaan-yildirim-bebeklerine-ne-isim-verdi","status":"publish","type":"post","link":"https:\/\/www.tgrthaber.com\/mavikadin\/pinar-deniz-ve-kaan-yildirim-bebeklerine-ne-isim-verdi\/","title":{"rendered":"P\u0131nar Deniz ve Kaan Y\u0131ld\u0131r\u0131m bebeklerine ne isim verdi?"},"content":{"rendered":"<p>Son d\u00f6nemin en \u00e7ok konu\u015fulan isimlerinden P\u0131nar Deniz ve Kaan Y\u0131ld\u0131r\u0131m, bu kez \u00f6zel hayatlar\u0131ndaki geli\u015fmeyle g\u00fcndemde. Uzun s\u00fcredir birlikte olan \u00e7ift, bebeklerini sa\u011fl\u0131kl\u0131 bir \u015fekilde kucaklar\u0131na ald\u0131. Do\u011fum haberinin duyulmas\u0131n\u0131n ard\u0131ndan g\u00f6zler bu kez minik bebe\u011fin ad\u0131na \u00e7evrildi. \u0130smin ne oldu\u011fu y\u00f6n\u00fcnde herhangi bir a\u00e7\u0131klama yap\u0131lmazken, sosyal medyada konu k\u0131sa s\u00fcrede g\u00fcndeme oturdu. \u0130\u015fte detaylar&#8230;<\/p>\n<h3>ROMA\u2019DA EVLENM\u0130\u015eLERD\u0130<\/h3>\n<p>P\u0131nar Deniz ve Kaan Y\u0131ld\u0131r\u0131m, 17 Eyl\u00fcl 2024\u2019te Roma\u2019da sade bir nik\u00e2h t\u00f6reniyle evlenmi\u015fti. \u00c7ift, d\u00fc\u011f\u00fcn sonras\u0131 \u00f6zel hayatlar\u0131n\u0131 g\u00f6z \u00f6n\u00fcnde ya\u015famamay\u0131 tercih etti. Hamilelik s\u00fcrecini de b\u00fcy\u00fck \u00f6l\u00e7\u00fcde bas\u0131ndan uzak ge\u00e7iren \u00e7ift, bebek haberini ilk kez Paris Moda Haftas\u0131\u2019nda P\u0131nar Deniz\u2019in verdi\u011fi pozlarla do\u011frulam\u0131\u015ft\u0131.<\/p>\n<p><img loading=\"lazy\" decoding=\"async\" class=\"alignnone wp-image-155782 \" src=\"https:\/\/www.tgrthaber.com\/mavikadin\/wp-content\/uploads\/0x0-pinar-deniz-ve-kaan-yildirimdan-mujdeli-haber-bebeklerini-kucaklarina-aldilar-ciftin-ogullarinin-ismi-belli-mi-1743520554089-1.jpg\" alt=\"\" width=\"830\" height=\"859\" title=\"\" srcset=\"https:\/\/www.tgrthaber.com\/mavikadin\/wp-content\/uploads\/0x0-pinar-deniz-ve-kaan-yildirimdan-mujdeli-haber-bebeklerini-kucaklarina-aldilar-ciftin-ogullarinin-ismi-belli-mi-1743520554089-1.jpg 578w, https:\/\/www.tgrthaber.com\/mavikadin\/wp-content\/uploads\/0x0-pinar-deniz-ve-kaan-yildirimdan-mujdeli-haber-bebeklerini-kucaklarina-aldilar-ciftin-ogullarinin-ismi-belli-mi-1743520554089-1-290x300.jpg 290w\" sizes=\"(max-width: 830px) 100vw, 830px\" \/><\/p>\n<hr \/>\n<h3><\/h3>\n<h3>C\u0130NS\u0130YET M\u00dcJDES\u0130 MAV\u0130 KALPLE VER\u0130LD\u0130<\/h3>\n<p>P\u0131nar Deniz ve Kaan Y\u0131ld\u0131r\u0131m, bebeklerinin erkek olaca\u011f\u0131n\u0131 abart\u0131dan uzak ama dikkat \u00e7eken bir y\u00f6ntemle duyurdu. Sosyal medya hesaplar\u0131ndan birlikte payla\u015ft\u0131klar\u0131 bir kareye yaln\u0131zca mavi kalp emojisi ekleyen \u00e7ift, bu sade ama anlaml\u0131 simgeyle cinsiyeti do\u011frulam\u0131\u015f oldu. Herhangi bir a\u00e7\u0131klama yapmadan yaln\u0131zca bu detayla mesaj vermeleri, hem takip\u00e7ileri hem de magazin d\u00fcnyas\u0131nda geni\u015f yank\u0131 uyand\u0131rd\u0131.<\/p>\n<p><img loading=\"lazy\" decoding=\"async\" class=\"alignnone wp-image-155792 size-full\" src=\"https:\/\/www.tgrthaber.com\/mavikadin\/wp-content\/uploads\/s-06dfd989a97720d0641a8814d3701a8f656e73a5.jpg\" alt=\"\" width=\"1200\" height=\"2196\" title=\"\" srcset=\"https:\/\/www.tgrthaber.com\/mavikadin\/wp-content\/uploads\/s-06dfd989a97720d0641a8814d3701a8f656e73a5.jpg 1200w, https:\/\/www.tgrthaber.com\/mavikadin\/wp-content\/uploads\/s-06dfd989a97720d0641a8814d3701a8f656e73a5-164x300.jpg 164w, https:\/\/www.tgrthaber.com\/mavikadin\/wp-content\/uploads\/s-06dfd989a97720d0641a8814d3701a8f656e73a5-560x1024.jpg 560w, https:\/\/www.tgrthaber.com\/mavikadin\/wp-content\/uploads\/s-06dfd989a97720d0641a8814d3701a8f656e73a5-768x1405.jpg 768w, https:\/\/www.tgrthaber.com\/mavikadin\/wp-content\/uploads\/s-06dfd989a97720d0641a8814d3701a8f656e73a5-839x1536.jpg 839w, https:\/\/www.tgrthaber.com\/mavikadin\/wp-content\/uploads\/s-06dfd989a97720d0641a8814d3701a8f656e73a5-1119x2048.jpg 1119w\" sizes=\"(max-width: 1200px) 100vw, 1200px\" \/><\/p>\n<hr \/>\n<p>\u0130kilinin bu sembolik duyurusu, sosyal medyada h\u0131zla yay\u0131ld\u0131 ve hayranlar\u0131 taraf\u0131ndan yo\u011fun ilgiyle kar\u015f\u0131land\u0131.<\/p>\n<h3>DO\u011eUM MASLAK\u2019TA GER\u00c7EKLE\u015eT\u0130<\/h3>\n<p>Edinilen bilgilere g\u00f6re, P\u0131nar Deniz do\u011fumunu \u0130stanbul\u2019un Maslak semtinde bulunan tam donan\u0131ml\u0131 \u00f6zel bir hastanede ger\u00e7ekle\u015ftirdi. Sabah saatlerinde ger\u00e7ekle\u015fen do\u011fumda hem annenin hem de bebe\u011fin sa\u011fl\u0131k durumunun son derece iyi oldu\u011fu \u00f6\u011frenildi. Do\u011fuma, \u00e7iftin ailelerinin ve yak\u0131n \u00e7evresinin de e\u015flik etti\u011fi, s\u00fcrecin sorunsuz ge\u00e7ti\u011fi aktar\u0131ld\u0131.<\/p>\n<h3>PINAR DEN\u0130Z VE KAAN YILDIRIM BEBEKLER\u0130NE NE \u0130S\u0130M VERD\u0130?<\/h3>\n<p>Bebeklerinin d\u00fcnyaya gelmesiyle birlikte \u00e7iftin o\u011fullar\u0131na hangi ismi verdikleri de merak konusu haline geldi. Ancak do\u011fumun \u00fczerinden saatler ge\u00e7mi\u015f olmas\u0131na ra\u011fmen, P\u0131nar Deniz ve Kaan Y\u0131ld\u0131r\u0131m cephesinden hen\u00fcz herhangi bir isim a\u00e7\u0131klamas\u0131 gelmedi.<\/p>\n<p><img loading=\"lazy\" decoding=\"async\" class=\"alignnone wp-image-155785 size-full\" src=\"https:\/\/www.tgrthaber.com\/mavikadin\/wp-content\/uploads\/evlilik-teklifi-etti-mi-kaan-yildirim-pinar-16205135_1692_amp.webp\" alt=\"\" width=\"1202\" height=\"675\" title=\"\" srcset=\"https:\/\/www.tgrthaber.com\/mavikadin\/wp-content\/uploads\/evlilik-teklifi-etti-mi-kaan-yildirim-pinar-16205135_1692_amp.webp 1202w, https:\/\/www.tgrthaber.com\/mavikadin\/wp-content\/uploads\/evlilik-teklifi-etti-mi-kaan-yildirim-pinar-16205135_1692_amp-300x168.webp 300w, https:\/\/www.tgrthaber.com\/mavikadin\/wp-content\/uploads\/evlilik-teklifi-etti-mi-kaan-yildirim-pinar-16205135_1692_amp-1024x575.webp 1024w, https:\/\/www.tgrthaber.com\/mavikadin\/wp-content\/uploads\/evlilik-teklifi-etti-mi-kaan-yildirim-pinar-16205135_1692_amp-768x431.webp 768w\" sizes=\"(max-width: 1202px) 100vw, 1202px\" \/><\/p>\n<hr \/>\n<h3>PAYLA\u015eIM GELMED\u0130<\/h3>\n<p>Mutlu haber sonras\u0131 P\u0131nar Deniz ve Kaan Y\u0131ld\u0131r\u0131m\u2019dan herhangi bir a\u00e7\u0131klama ya da payla\u015f\u0131m gelmedi. \u00c7iftin sosyal medya hesaplar\u0131 \u015fu an i\u00e7in sessizli\u011fini koruyor. \u00d6zellikle anlam\u0131 olan ve \u00e7ift i\u00e7in manevi de\u011feri y\u00fcksek bir isme y\u00f6neldikleri iddialar\u0131 da magazin kulislerinde konu\u015fulanlar aras\u0131nda.<\/p>\n<h3><img loading=\"lazy\" decoding=\"async\" class=\"alignnone wp-image-156485\" src=\"https:\/\/www.tgrthaber.com\/mavikadin\/wp-content\/uploads\/haber-gorselleri-fotoshop-2025-04-03T135154.690-1024x576.jpg\" alt=\"\" width=\"1208\" height=\"680\" title=\"\" srcset=\"https:\/\/www.tgrthaber.com\/mavikadin\/wp-content\/uploads\/haber-gorselleri-fotoshop-2025-04-03T135154.690-1024x576.jpg 1024w, https:\/\/www.tgrthaber.com\/mavikadin\/wp-content\/uploads\/haber-gorselleri-fotoshop-2025-04-03T135154.690-300x169.jpg 300w, https:\/\/www.tgrthaber.com\/mavikadin\/wp-content\/uploads\/haber-gorselleri-fotoshop-2025-04-03T135154.690-768x432.jpg 768w, https:\/\/www.tgrthaber.com\/mavikadin\/wp-content\/uploads\/haber-gorselleri-fotoshop-2025-04-03T135154.690-1536x864.jpg 1536w, https:\/\/www.tgrthaber.com\/mavikadin\/wp-content\/uploads\/haber-gorselleri-fotoshop-2025-04-03T135154.690.jpg 1600w\" sizes=\"(max-width: 1208px) 100vw, 1208px\" \/><\/h3>\n<hr \/>\n<h3>BEBE\u011e\u0130N \u0130SM\u0130 BELL\u0130 OLDU<\/h3>\n<p>Ge\u00e7ti\u011fimiz eyl\u00fcl ay\u0131nda Roma\u2019da evlenen \u00fcnl\u00fc oyuncular P\u0131nar Deniz ve Kaan Y\u0131ld\u0131r\u0131m, anne-baba olman\u0131n heyecan\u0131n\u0131 ya\u015f\u0131yorlar. Bebeklerine ge\u00e7ti\u011fimiz g\u00fcnlerde kavu\u015fan \u00e7ift, do\u011fumu \u00f6zel bir hastanede ger\u00e7ekle\u015ftirdi. P\u0131nar Deniz, Maslak\u2019ta bulunun \u00f6zel bir hastanede bir erkek bebek d\u00fcnyaya getirdi.<\/p>\n<p><img loading=\"lazy\" decoding=\"async\" class=\"alignnone wp-image-156487\" src=\"https:\/\/www.tgrthaber.com\/mavikadin\/wp-content\/uploads\/haber-gorselleri-fotoshop-2025-04-03T135325.781-1024x576.jpg\" alt=\"\" width=\"1208\" height=\"680\" title=\"\" srcset=\"https:\/\/www.tgrthaber.com\/mavikadin\/wp-content\/uploads\/haber-gorselleri-fotoshop-2025-04-03T135325.781-1024x576.jpg 1024w, https:\/\/www.tgrthaber.com\/mavikadin\/wp-content\/uploads\/haber-gorselleri-fotoshop-2025-04-03T135325.781-300x169.jpg 300w, https:\/\/www.tgrthaber.com\/mavikadin\/wp-content\/uploads\/haber-gorselleri-fotoshop-2025-04-03T135325.781-768x432.jpg 768w, https:\/\/www.tgrthaber.com\/mavikadin\/wp-content\/uploads\/haber-gorselleri-fotoshop-2025-04-03T135325.781-1536x864.jpg 1536w, https:\/\/www.tgrthaber.com\/mavikadin\/wp-content\/uploads\/haber-gorselleri-fotoshop-2025-04-03T135325.781.jpg 1600w\" sizes=\"(max-width: 1208px) 100vw, 1208px\" \/><\/p>\n<hr \/>\n<p>P\u0131nar Deniz, sa\u011fl\u0131kla d\u00fcnyaya gelen bebe\u011fiyle birlikte hastaneden taburcu olup evine ge\u00e7ti. Do\u011fum haberi, \u00e7iftin hayranlar\u0131n\u0131 ve sevenlerini \u00e7ok heyecanland\u0131rd\u0131. En \u00e7ok merak edilen konu ise o\u011fullar\u0131na hangi ismi verecekleriydi. Bebe\u011fin ismi, \u2018Fikret Hakan\u2019 oldu. Hakan, Kaan Y\u0131ld\u0131r\u0131m\u2019\u0131n babas\u0131n\u0131n ad\u0131 oldu\u011fu biliniyor.<\/p>\n<h3>SOSYAL MEDYADA BE\u011eEN\u0130 YA\u011eMURUNA TUTULDU<\/h3>\n<p>P\u0131nar Deniz\u2019in sosyal medya hesab\u0131ndan payla\u015ft\u0131\u011f\u0131 bebek videosu k\u0131sa s\u00fcrede b\u00fcy\u00fck ilgi g\u00f6rd\u00fc. \u0130lk kez o\u011fluna dair bir kareyi yay\u0131nlayan \u00fcnl\u00fc oyuncu, sade ama duygusal g\u00f6r\u00fcnt\u00fcs\u00fcyle takip\u00e7ilerinden tam not ald\u0131. Payla\u015f\u0131m\u0131n ard\u0131ndan yorum ve be\u011feni say\u0131s\u0131 h\u0131zla artarken, bir\u00e7ok \u00fcnl\u00fc isim de \u00e7ifte tebrik mesajlar\u0131 g\u00f6nderdi.<\/p>\n<p><img loading=\"lazy\" decoding=\"async\" class=\"alignnone wp-image-155793 size-full\" src=\"https:\/\/www.tgrthaber.com\/mavikadin\/wp-content\/uploads\/Adsiz-tasarim-19-2.png\" alt=\"\" width=\"1920\" height=\"1080\" title=\"\" srcset=\"https:\/\/www.tgrthaber.com\/mavikadin\/wp-content\/uploads\/Adsiz-tasarim-19-2.png 1920w, https:\/\/www.tgrthaber.com\/mavikadin\/wp-content\/uploads\/Adsiz-tasarim-19-2-300x169.png 300w, https:\/\/www.tgrthaber.com\/mavikadin\/wp-content\/uploads\/Adsiz-tasarim-19-2-1024x576.png 1024w, https:\/\/www.tgrthaber.com\/mavikadin\/wp-content\/uploads\/Adsiz-tasarim-19-2-768x432.png 768w, https:\/\/www.tgrthaber.com\/mavikadin\/wp-content\/uploads\/Adsiz-tasarim-19-2-1536x864.png 1536w\" sizes=\"(max-width: 1920px) 100vw, 1920px\" \/><\/p>\n<hr \/>\n<p>Video, sosyal medya kullan\u0131c\u0131lar\u0131 taraf\u0131ndan \u201csamimi\u201d, \u201cdo\u011fal\u201d ve \u201cdokunakl\u0131\u201d olarak yorumland\u0131. G\u00f6r\u00fcnt\u00fclerde minik bebe\u011fin y\u00fcz\u00fc net olarak yer almasa da, bu \u00f6zel an\u0131n payla\u015f\u0131lmas\u0131 hayranlar\u0131 heyecanland\u0131rmaya yetti. K\u0131sa s\u00fcrede binlerce be\u011feni alan g\u00f6nderi, magazin g\u00fcndeminin en \u00e7ok konu\u015fulan i\u00e7eriklerinden biri haline geldi.<\/p>\n","protected":false},"excerpt":{"rendered":"<p>Uzun s\u00fcredir magazin d\u00fcnyas\u0131n\u0131n g\u00f6zde \u00e7iftlerinden biri olan P\u0131nar Deniz ve Kaan Y\u0131ld\u0131r\u0131m, b\u00fcy\u00fck bir mutlulu\u011fa daha imza att\u0131. A\u015fklar\u0131yla g\u00fcndemden d\u00fc\u015fmeyen \u00e7ift, ilk bebeklerini kucaklar\u0131na alarak hayatlar\u0131n\u0131n en anlaml\u0131 anlar\u0131ndan birini ya\u015fad\u0131. Minik bebeklerinin do\u011fumuyla birlikte g\u00f6zler \u015fimdi \u00e7iftin koyaca\u011f\u0131 isme \u00e7evrildi. Bebe\u011fin ad\u0131n\u0131n ne olaca\u011f\u0131, sosyal medyada en \u00e7ok konu\u015fulan ba\u015fl\u0131klar aras\u0131nda yerini ald\u0131. \u0130\u015fte merak edilen t\u00fcm detaylar&#8230;<\/p>\n","protected":false},"author":35,"featured_media":155790,"comment_status":"closed","ping_status":"closed","sticky":false,"template":"","format":"standard","meta":{"rank_math_lock_modified_date":false,"footnotes":""},"categories":[76],"tags":[2943,16345,2335,16344,16346,16343,10303],"class_list":["post-155781","post","type-post","status-publish","format-standard","has-post-thumbnail","hentry","category-magazin","tag-kaan-yildirim","tag-kaan-yildirim-baab-oldu","tag-pinar-deniz","tag-pinar-deniz-anne-oldu","tag-pinar-deniz-bebeginin-ismi","tag-pinar-deniz-dogum","tag-pinar-deniz-kaan-yildirim"],"_links":{"self":[{"href":"https:\/\/www.tgrthaber.com\/mavikadin\/wp-json\/wp\/v2\/posts\/155781"}],"collection":[{"href":"https:\/\/www.tgrthaber.com\/mavikadin\/wp-json\/wp\/v2\/posts"}],"about":[{"href":"https:\/\/www.tgrthaber.com\/mavikadin\/wp-json\/wp\/v2\/types\/post"}],"author":[{"embeddable":true,"href":"https:\/\/www.tgrthaber.com\/mavikadin\/wp-json\/wp\/v2\/users\/35"}],"replies":[{"embeddable":true,"href":"https:\/\/www.tgrthaber.com\/mavikadin\/wp-json\/wp\/v2\/comments?post=155781"}],"version-history":[{"count":4,"href":"https:\/\/www.tgrthaber.com\/mavikadin\/wp-json\/wp\/v2\/posts\/155781\/revisions"}],"predecessor-version":[{"id":156488,"href":"https:\/\/www.tgrthaber.com\/mavikadin\/wp-json\/wp\/v2\/posts\/155781\/revisions\/156488"}],"wp:featuredmedia":[{"embeddable":true,"href":"https:\/\/www.tgrthaber.com\/mavikadin\/wp-json\/wp\/v2\/media\/155790"}],"wp:attachment":[{"href":"https:\/\/www.tgrthaber.com\/mavikadin\/wp-json\/wp\/v2\/media?parent=155781"}],"wp:term":[{"taxonomy":"category","embeddable":true,"href":"https:\/\/www.tgrthaber.com\/mavikadin\/wp-json\/wp\/v2\/categories?post=155781"},{"taxonomy":"post_tag","embeddable":true,"href":"https:\/\/www.tgrthaber.com\/mavikadin\/wp-json\/wp\/v2\/tags?post=155781"}],"curies":[{"name":"wp","href":"https:\/\/api.w.org\/{rel}","templated":true}]}}