{"id":155796,"date":"2025-04-02T00:33:26","date_gmt":"2025-04-01T21:33:26","guid":{"rendered":"https:\/\/www.tgrthaber.com\/mavikadin\/?p=155796"},"modified":"2025-04-02T00:34:05","modified_gmt":"2025-04-01T21:34:05","slug":"esref-ruyanin-nisani-demet-ozdemirin-gizli-aski-ortaya-cikti","status":"publish","type":"post","link":"https:\/\/www.tgrthaber.com\/mavikadin\/esref-ruyanin-nisani-demet-ozdemirin-gizli-aski-ortaya-cikti\/","title":{"rendered":"E\u015fref R\u00fcya&#8217;n\u0131n Nisan&#8217;\u0131 Demet \u00d6zdemir&#8217;in gizli a\u015fk\u0131 ortaya \u00e7\u0131kt\u0131!"},"content":{"rendered":"<p>Demet \u00d6zdemir\u2019in O\u011fuzhan Ko\u00e7\u2019tan bo\u015fand\u0131ktan sonra ad\u0131 bir\u00e7ok ki\u015fiyle a\u015fk iddialar\u0131na kar\u0131\u015ft\u0131. Uzun zamand\u0131r hayat\u0131nda kimsenin olmad\u0131\u011f\u0131n\u0131 her f\u0131rsatta dile getiren Demet \u00d6zdemir, herkesten saklad\u0131\u011f\u0131 gizli sevgilisi ortaya \u00e7\u0131kt\u0131. Sevgilisi Kadir G\u00fcne\u015f ile birlikte gittikleri kayak tatilinden \u00e7ekildikleri bir foto\u011fraf sosyal medyada viral oldu.<\/p>\n<h3>DEMET \u00d6ZDEM\u0130R\u2019\u0130N YEN\u0130 A\u015eKI<\/h3>\n<p>E\u015fref R\u00fcya dizisiyle ekranlara h\u0131zl\u0131 bir d\u00f6n\u00fc\u015f yapan Demet \u00d6zdemir, oyunculu\u011funun yan\u0131 s\u0131ra \u00f6zel hayat\u0131yla da g\u00fcndemde yer al\u0131yor. Bas\u0131n mensuplar\u0131n\u0131n hayat\u0131n\u0131zda biri var m\u0131 sorular\u0131n\u0131 her seferinde olumsuz cevaplar veren \u00d6zdemir, arad\u0131\u011f\u0131 a\u015fk\u0131 bulmu\u015f olabilir. G\u00f6zlerden uzak bir \u015fekilde i\u015f insan\u0131 Kadir G\u00fcne\u015f ile birlikte kar tatilindeki g\u00f6r\u00fcnt\u00fcleri magazin bas\u0131n\u0131na bomba gibi d\u00fc\u015ft\u00fc. Kadir G\u00fcne\u015f\u2019in gizli instagram\u0131ndan \u00d6zdemir ile payla\u015ft\u0131\u011f\u0131 foto\u011fraflar Birsen Altunta\u015f\u2019\u0131n de\u015fifre etmesiyle ortaya \u00e7\u0131kt\u0131.<\/p>\n<p><img loading=\"lazy\" decoding=\"async\" class=\"alignnone wp-image-155797\" src=\"https:\/\/www.tgrthaber.com\/mavikadin\/wp-content\/uploads\/demet-ozdemirin-yeni-sevgilisi-kadir-gunes-300x169.jpg\" alt=\"demet \u00f6zdemir&#039;in yeni sevgilisi kadir g\u00fcne\u015f\" width=\"1208\" height=\"680\" title=\"\" srcset=\"https:\/\/www.tgrthaber.com\/mavikadin\/wp-content\/uploads\/demet-ozdemirin-yeni-sevgilisi-kadir-gunes-300x169.jpg 300w, https:\/\/www.tgrthaber.com\/mavikadin\/wp-content\/uploads\/demet-ozdemirin-yeni-sevgilisi-kadir-gunes-1024x576.jpg 1024w, https:\/\/www.tgrthaber.com\/mavikadin\/wp-content\/uploads\/demet-ozdemirin-yeni-sevgilisi-kadir-gunes-768x432.jpg 768w, https:\/\/www.tgrthaber.com\/mavikadin\/wp-content\/uploads\/demet-ozdemirin-yeni-sevgilisi-kadir-gunes-1536x864.jpg 1536w, https:\/\/www.tgrthaber.com\/mavikadin\/wp-content\/uploads\/demet-ozdemirin-yeni-sevgilisi-kadir-gunes.jpg 1920w\" sizes=\"(max-width: 1208px) 100vw, 1208px\" \/><\/p>\n<hr \/>\n<h3>DEMET \u00d6ZDEM\u0130R VE KAD\u0130R G\u00dcNE\u015e\u2019\u0130N FOTO\u011eRAFLARI G\u00dcNDEM OLDU<\/h3>\n<p>Demet \u00d6zdemir\u2019in yeni sevgilisi i\u015f insan\u0131 Kadir G\u00fcne\u015f\u2019le olan foto\u011fraf\u0131 sosyal medyada viral oldu. \u00d6zdemir\u2019in Kadir G\u00fcne\u015f\u2019le kayak sonras\u0131 \u00e7ekildikleri foto\u011fraflar hayranlar\u0131 taraf\u0131ndan b\u00fcy\u00fck be\u011feni toplad\u0131. \u00d6zdemir&#8217;in hayranlar\u0131 duyduklar\u0131 haber kar\u015f\u0131s\u0131nda sosyal medya \u00fczerinden tebriklerini ilettiler.<\/p>\n<p><img loading=\"lazy\" decoding=\"async\" class=\"alignnone wp-image-155798\" src=\"https:\/\/www.tgrthaber.com\/mavikadin\/wp-content\/uploads\/demet-ozdemir-yeni-aski-sosyal-medyada-gundem-oldu-300x169.jpg\" alt=\"demet \u00f6zdemir yeni a\u015fk\u0131 sosyal medyada g\u00fcndem oldu\" width=\"1208\" height=\"680\" title=\"\" srcset=\"https:\/\/www.tgrthaber.com\/mavikadin\/wp-content\/uploads\/demet-ozdemir-yeni-aski-sosyal-medyada-gundem-oldu-300x169.jpg 300w, https:\/\/www.tgrthaber.com\/mavikadin\/wp-content\/uploads\/demet-ozdemir-yeni-aski-sosyal-medyada-gundem-oldu-1024x576.jpg 1024w, https:\/\/www.tgrthaber.com\/mavikadin\/wp-content\/uploads\/demet-ozdemir-yeni-aski-sosyal-medyada-gundem-oldu-768x432.jpg 768w, https:\/\/www.tgrthaber.com\/mavikadin\/wp-content\/uploads\/demet-ozdemir-yeni-aski-sosyal-medyada-gundem-oldu-1536x864.jpg 1536w, https:\/\/www.tgrthaber.com\/mavikadin\/wp-content\/uploads\/demet-ozdemir-yeni-aski-sosyal-medyada-gundem-oldu.jpg 1920w\" sizes=\"(max-width: 1208px) 100vw, 1208px\" \/><\/p>\n<hr \/>\n<h3>KAD\u0130R G\u00dcNE\u015e\u2019\u0130N EX A\u015eKLARI K\u0130MLER?<\/h3>\n<p>\u0130\u015f insan\u0131 Kadir G\u00fcne\u015f\u2019in Demet \u00d6zdemir\u2019le sevgili olduklar\u0131n\u0131n haberinin duyulmas\u0131 \u00fczerine ex a\u015fklar\u0131 da konu\u015fulmaya ba\u015fland\u0131. 2021 y\u0131l\u0131nda \u00fcnl\u00fc \u015fark\u0131c\u0131 Aleyna Tilki, 2022 y\u0131l\u0131nda \u00fcnl\u00fc oyuncu Melisa D\u00f6ngel ve 2023\u2019de sosyal medya fenomeni Danla Bilic&#8217;le a\u015fk ya\u015fad\u0131\u011f\u0131na dair iddialar ortaya \u00e7\u0131kar\u0131ld\u0131.<\/p>\n","protected":false},"excerpt":{"rendered":"<p>E\u015fref R\u00fcya dizisiyle sosyal medyan\u0131n g\u00fcndeminden d\u00fc\u015fmeyen Demet \u00d6zdemir, yeni bir a\u015fka yelken a\u00e7t\u0131. Uzun s\u00fcredir a\u015fk hayat\u0131nda kimsenin olmad\u0131\u011f\u0131n\u0131 dile getiren \u00d6zdemir, sevgilisi Kadir G\u00fcne\u015f\u2019in gizli instagram hesab\u0131ndan payla\u015ft\u0131\u011f\u0131 foto\u011frafla a\u015fklar\u0131 ortaya \u00e7\u0131kt\u0131.  <\/p>\n","protected":false},"author":10,"featured_media":155797,"comment_status":"closed","ping_status":"closed","sticky":false,"template":"","format":"standard","meta":{"rank_math_lock_modified_date":false,"footnotes":""},"categories":[76],"tags":[16348,16349,16347,16350,133,16351,2218],"class_list":["post-155796","post","type-post","status-publish","format-standard","has-post-thumbnail","hentry","category-magazin","tag-demet-ozdemir-sevgilisi","tag-demet-ozdemir-ve-kadir-gunes","tag-denet-ozdemir","tag-is-insani-kadir-gunes","tag-magazin","tag-magazin-gundemi","tag-magazin-haberleri"],"_links":{"self":[{"href":"https:\/\/www.tgrthaber.com\/mavikadin\/wp-json\/wp\/v2\/posts\/155796"}],"collection":[{"href":"https:\/\/www.tgrthaber.com\/mavikadin\/wp-json\/wp\/v2\/posts"}],"about":[{"href":"https:\/\/www.tgrthaber.com\/mavikadin\/wp-json\/wp\/v2\/types\/post"}],"author":[{"embeddable":true,"href":"https:\/\/www.tgrthaber.com\/mavikadin\/wp-json\/wp\/v2\/users\/10"}],"replies":[{"embeddable":true,"href":"https:\/\/www.tgrthaber.com\/mavikadin\/wp-json\/wp\/v2\/comments?post=155796"}],"version-history":[{"count":2,"href":"https:\/\/www.tgrthaber.com\/mavikadin\/wp-json\/wp\/v2\/posts\/155796\/revisions"}],"predecessor-version":[{"id":155800,"href":"https:\/\/www.tgrthaber.com\/mavikadin\/wp-json\/wp\/v2\/posts\/155796\/revisions\/155800"}],"wp:featuredmedia":[{"embeddable":true,"href":"https:\/\/www.tgrthaber.com\/mavikadin\/wp-json\/wp\/v2\/media\/155797"}],"wp:attachment":[{"href":"https:\/\/www.tgrthaber.com\/mavikadin\/wp-json\/wp\/v2\/media?parent=155796"}],"wp:term":[{"taxonomy":"category","embeddable":true,"href":"https:\/\/www.tgrthaber.com\/mavikadin\/wp-json\/wp\/v2\/categories?post=155796"},{"taxonomy":"post_tag","embeddable":true,"href":"https:\/\/www.tgrthaber.com\/mavikadin\/wp-json\/wp\/v2\/tags?post=155796"}],"curies":[{"name":"wp","href":"https:\/\/api.w.org\/{rel}","templated":true}]}}