{"id":155802,"date":"2025-04-02T01:07:05","date_gmt":"2025-04-01T22:07:05","guid":{"rendered":"https:\/\/www.tgrthaber.com\/mavikadin\/?p=155802"},"modified":"2025-04-02T01:07:05","modified_gmt":"2025-04-01T22:07:05","slug":"demet-ozdemirin-sevgilisi-kadir-gunes-kimdir-kac-yasindadir","status":"publish","type":"post","link":"https:\/\/www.tgrthaber.com\/mavikadin\/demet-ozdemirin-sevgilisi-kadir-gunes-kimdir-kac-yasindadir\/","title":{"rendered":"Demet \u00d6zdemir&#8217;in sevgilisi Kadir G\u00fcne\u015f kimdir? Ka\u00e7 ya\u015f\u0131ndad\u0131r?"},"content":{"rendered":"<p>\u0130\u015f insan\u0131 Kadir G\u00fcne\u015f\u2019in magazin bas\u0131n\u0131nda bir s\u00fcr\u00fc \u00fcnl\u00fc isimle ad\u0131n\u0131n an\u0131ld\u0131\u011f\u0131na dair bilgiler dola\u015f\u0131yor. Son olarak da ad\u0131 g\u00fczel oyuncu Demet \u00d6zdemir\u2019le an\u0131ld\u0131. Birlikte kar tatili yapt\u0131klar\u0131 anlar\u0131 sosyal medyas\u0131nda payla\u015fan Kadir G\u00fcne\u015f, Demet \u00d6zdemir\u2019le sevgili olduklar\u0131n\u0131 duyurdu. Sosyal medyada k\u0131sa s\u00fcrede g\u00fcndem olmas\u0131n\u0131n ard\u0131ndan i\u015f insan\u0131 Kadir G\u00fcne\u015f\u2019in hayat\u0131 merak konusu oldu. Peki, Kadir G\u00fcne\u015f kimdir? Kadir g\u00fcne\u015f ka\u00e7 ya\u015f\u0131nda, nereli?<\/p>\n<h3>KAD\u0130R G\u00dcNE\u015e K\u0130MD\u0130R?<\/h3>\n<p>\u0130\u015f insan\u0131 Kadir G\u00fcne\u015f hakk\u0131nda \u00e7ok fazla detayl\u0131 bir bilgi bulunamamaktad\u0131r. \u0130nternet \u00fczerinde yap\u0131lan ara\u015ft\u0131rmalara g\u00f6re Kadir G\u00fcne\u015f, tan\u0131nm\u0131\u015f i\u015f insan\u0131 Metin G\u00fcne\u015f&#8217;in o\u011flu olarak bilinmekte birlikte modac\u0131 G\u00fclnur G\u00fcne\u015f&#8217;in de karde\u015fi olarak tan\u0131nmaktad\u0131r. \u0130\u015f insan\u0131 Kadir G\u00fcne\u015f Ankara do\u011fumlu oldu\u011fu bilinmektedir. Ka\u00e7 ya\u015f\u0131nda oldu\u011funa dair herhangi bir bilgiye ula\u015f\u0131lamad\u0131.<\/p>\n<p><img loading=\"lazy\" decoding=\"async\" class=\"alignnone wp-image-155809\" src=\"https:\/\/www.tgrthaber.com\/mavikadin\/wp-content\/uploads\/kadir-gunes-kimdir-300x169.jpg\" alt=\"kadir g\u00fcne\u015f kimdir\" width=\"1208\" height=\"680\" title=\"\" srcset=\"https:\/\/www.tgrthaber.com\/mavikadin\/wp-content\/uploads\/kadir-gunes-kimdir-300x169.jpg 300w, https:\/\/www.tgrthaber.com\/mavikadin\/wp-content\/uploads\/kadir-gunes-kimdir-1024x576.jpg 1024w, https:\/\/www.tgrthaber.com\/mavikadin\/wp-content\/uploads\/kadir-gunes-kimdir-768x432.jpg 768w, https:\/\/www.tgrthaber.com\/mavikadin\/wp-content\/uploads\/kadir-gunes-kimdir-1536x864.jpg 1536w, https:\/\/www.tgrthaber.com\/mavikadin\/wp-content\/uploads\/kadir-gunes-kimdir.jpg 1920w\" sizes=\"(max-width: 1208px) 100vw, 1208px\" \/><\/p>\n<hr \/>\n<h3>KAD\u0130R G\u00dcNE\u015e\u2019\u0130N MESLE\u011e\u0130 NED\u0130R?<\/h3>\n<p>Kadir G\u00fcne\u015f\u2019in mesle\u011fi hakk\u0131nda tam net bir a\u00e7\u0131klama bulunmasa da yap\u0131lan ara\u015ft\u0131rmalar do\u011frultusunda i\u015f insan\u0131 babas\u0131 Metin G\u00fcne\u015f\u2019in sahip oldu\u011fu in\u015faat \u015firketinde gen\u00e7 ya\u015flarda \u00e7al\u0131\u015fmaya ba\u015flad\u0131\u011f\u0131 ve \u015firket y\u00f6neticili\u011fine kadar y\u00fckseldi\u011fi ifade ediliyor.<\/p>\n<p><img loading=\"lazy\" decoding=\"async\" class=\"alignnone wp-image-155810\" src=\"https:\/\/www.tgrthaber.com\/mavikadin\/wp-content\/uploads\/demet-ozdemirin-yeni-aski-kadir-gunes-kimdir-300x169.jpg\" alt=\"demet \u00f6zdemirin yeni a\u015fk\u0131 kadir g\u00fcne\u015f kimdir\" width=\"1208\" height=\"680\" title=\"\" srcset=\"https:\/\/www.tgrthaber.com\/mavikadin\/wp-content\/uploads\/demet-ozdemirin-yeni-aski-kadir-gunes-kimdir-300x169.jpg 300w, https:\/\/www.tgrthaber.com\/mavikadin\/wp-content\/uploads\/demet-ozdemirin-yeni-aski-kadir-gunes-kimdir-1024x576.jpg 1024w, https:\/\/www.tgrthaber.com\/mavikadin\/wp-content\/uploads\/demet-ozdemirin-yeni-aski-kadir-gunes-kimdir-768x432.jpg 768w, https:\/\/www.tgrthaber.com\/mavikadin\/wp-content\/uploads\/demet-ozdemirin-yeni-aski-kadir-gunes-kimdir-1536x864.jpg 1536w, https:\/\/www.tgrthaber.com\/mavikadin\/wp-content\/uploads\/demet-ozdemirin-yeni-aski-kadir-gunes-kimdir.jpg 1920w\" sizes=\"(max-width: 1208px) 100vw, 1208px\" \/><\/p>\n<hr \/>\n<h3>KAD\u0130R G\u00dcNE\u015e\u2019\u0130N A\u015eK HAYATI<\/h3>\n<p>Kadir G\u00fcne\u015f&#8217;in ad\u0131, magazin bas\u0131n\u0131nda bir\u00e7ok \u00fcnl\u00fc isimle al\u0131narak g\u00fcndeme gelmi\u015ftir. Caner Erkin&#8217;in eski e\u015fi Asena Atalay ile ya\u015fad\u0131\u011f\u0131 olayla ad\u0131n\u0131 duyurmu\u015ftu. \u0130kinci olarak da \u00fcnl\u00fc \u015fark\u0131c\u0131 Aleyna Tilki ile ad\u0131 k\u0131sa bir s\u00fcreli\u011fine an\u0131ld\u0131. \u00dc\u00e7\u00fcnc\u00fc olarak da oyuncu Melisa D\u00f6ngel ile ili\u015fki ya\u015fad\u0131klar\u0131na dair bas\u0131nda haberler yer alm\u0131\u015ft\u0131. Son olarak, Birsen Altunta\u015f\u2019\u0131n haberine g\u00f6re \u00fcnl\u00fc oyuncu Demet \u00d6zdemir ile birlikte oldu\u011funa dair haberle tekrardan g\u00fcndeme geldi.<\/p>\n","protected":false},"excerpt":{"rendered":"<p>Demet \u00d6zdemir\u2019in yeni a\u015fk\u0131 i\u015f insan\u0131 Kadir G\u00fcne\u015f ile olan foto\u011fraf\u0131 sosyal medyada g\u00fcndem oldu. \u00dcnl\u00fc oyuncunun kar tatili s\u0131ras\u0131nda birlikte verdi\u011fi pozlar\u0131n de\u015fifre olmas\u0131n\u0131n ard\u0131ndan Kadir G\u00fcne\u015f\u2019in kim oldu\u011funa dair sosyal medyada aramalar yap\u0131lmaya ba\u015fland\u0131. Peki, Kadir G\u00fcne\u015f kimdir? Kadir g\u00fcne\u015f ka\u00e7 ya\u015f\u0131nda, nereli?<\/p>\n","protected":false},"author":10,"featured_media":155810,"comment_status":"closed","ping_status":"closed","sticky":false,"template":"","format":"standard","meta":{"rank_math_lock_modified_date":false,"footnotes":""},"categories":[491],"tags":[3374,16349,16356,2218],"class_list":["post-155802","post","type-post","status-publish","format-standard","has-post-thumbnail","hentry","category-biyografi","tag-biyografi","tag-demet-ozdemir-ve-kadir-gunes","tag-kadir-gunes-kimdir","tag-magazin-haberleri"],"_links":{"self":[{"href":"https:\/\/www.tgrthaber.com\/mavikadin\/wp-json\/wp\/v2\/posts\/155802"}],"collection":[{"href":"https:\/\/www.tgrthaber.com\/mavikadin\/wp-json\/wp\/v2\/posts"}],"about":[{"href":"https:\/\/www.tgrthaber.com\/mavikadin\/wp-json\/wp\/v2\/types\/post"}],"author":[{"embeddable":true,"href":"https:\/\/www.tgrthaber.com\/mavikadin\/wp-json\/wp\/v2\/users\/10"}],"replies":[{"embeddable":true,"href":"https:\/\/www.tgrthaber.com\/mavikadin\/wp-json\/wp\/v2\/comments?post=155802"}],"version-history":[{"count":1,"href":"https:\/\/www.tgrthaber.com\/mavikadin\/wp-json\/wp\/v2\/posts\/155802\/revisions"}],"predecessor-version":[{"id":155811,"href":"https:\/\/www.tgrthaber.com\/mavikadin\/wp-json\/wp\/v2\/posts\/155802\/revisions\/155811"}],"wp:featuredmedia":[{"embeddable":true,"href":"https:\/\/www.tgrthaber.com\/mavikadin\/wp-json\/wp\/v2\/media\/155810"}],"wp:attachment":[{"href":"https:\/\/www.tgrthaber.com\/mavikadin\/wp-json\/wp\/v2\/media?parent=155802"}],"wp:term":[{"taxonomy":"category","embeddable":true,"href":"https:\/\/www.tgrthaber.com\/mavikadin\/wp-json\/wp\/v2\/categories?post=155802"},{"taxonomy":"post_tag","embeddable":true,"href":"https:\/\/www.tgrthaber.com\/mavikadin\/wp-json\/wp\/v2\/tags?post=155802"}],"curies":[{"name":"wp","href":"https:\/\/api.w.org\/{rel}","templated":true}]}}