{"id":155812,"date":"2025-04-02T01:58:03","date_gmt":"2025-04-01T22:58:03","guid":{"rendered":"https:\/\/www.tgrthaber.com\/mavikadin\/?p=155812"},"modified":"2025-04-04T15:49:13","modified_gmt":"2025-04-04T12:49:13","slug":"volkan-konakin-cenazesinde-taciz-skandali-taninmis-radyocu-apar-topar-alandan-cikarildi","status":"publish","type":"post","link":"https:\/\/www.tgrthaber.com\/mavikadin\/volkan-konakin-cenazesinde-taciz-skandali-taninmis-radyocu-apar-topar-alandan-cikarildi\/","title":{"rendered":"Volkan Konak\u2019\u0131n cenazesinde taciz skandal\u0131! Tan\u0131nm\u0131\u015f radyocu apar topar alandan \u00e7\u0131kar\u0131ld\u0131"},"content":{"rendered":"<p>\u00dcnl\u00fc sanat\u00e7\u0131 Volkan Konak\u2019\u0131n cenazesinde beklenmedik bir olay ya\u015fand\u0131. \u0130ddialara g\u00f6re; cenaze t\u00f6reni s\u0131ras\u0131nda bir kad\u0131n taraf\u0131ndan tacizle su\u00e7lanan radyocu Salih Turgut, g\u00fcvenlik g\u00f6revlileri taraf\u0131ndan cenazeden \u00e7\u0131kar\u0131ld\u0131. O anlar ise kameralara anbean yans\u0131d\u0131. \u0130\u015fte detaylar&#8230;<\/p>\n<h3>SANAT D\u00dcNYASI YASTA, SEVENLER\u0130 SON G\u00d6REV\u0130 \u0130\u00c7\u0130N B\u0130R ARADAYDI<\/h3>\n<p>T\u00fcrk m\u00fczi\u011finin g\u00fc\u00e7l\u00fc sesi olarak haf\u0131zalara kaz\u0131nan Volkan Konak, ge\u00e7irdi\u011fi ani rahats\u0131zl\u0131k sonucu ya\u015fam\u0131n\u0131 yitirdi. 1980\u2019lerden bu yana Karadeniz\u2019in h\u0131r\u00e7\u0131n dalgalar\u0131n\u0131, Anadolu\u2019nun \u00f6zlemini ve halk\u0131n i\u00e7ten duygular\u0131n\u0131 t\u00fcrk\u00fclere d\u00f6n\u00fc\u015ft\u00fcren Konak, sadece m\u00fczi\u011fiyle de\u011fil duru\u015fuyla da geni\u015f bir hayran kitlesine sahipti.<\/p>\n<p><img loading=\"lazy\" decoding=\"async\" class=\"alignnone wp-image-155820 size-full\" src=\"https:\/\/www.tgrthaber.com\/mavikadin\/wp-content\/uploads\/volkan-konak-1.webp\" alt=\"\" width=\"1280\" height=\"720\" title=\"\" srcset=\"https:\/\/www.tgrthaber.com\/mavikadin\/wp-content\/uploads\/volkan-konak-1.webp 1280w, https:\/\/www.tgrthaber.com\/mavikadin\/wp-content\/uploads\/volkan-konak-1-300x169.webp 300w, https:\/\/www.tgrthaber.com\/mavikadin\/wp-content\/uploads\/volkan-konak-1-1024x576.webp 1024w, https:\/\/www.tgrthaber.com\/mavikadin\/wp-content\/uploads\/volkan-konak-1-768x432.webp 768w\" sizes=\"(max-width: 1280px) 100vw, 1280px\" \/><\/p>\n<hr \/>\n<p>Konak i\u00e7in d\u00fczenlenen cenaze t\u00f6reni, \u0130stanbul\u2019da binlerce ki\u015finin kat\u0131l\u0131m\u0131yla ger\u00e7ekle\u015fti. T\u00f6rene sanat\u00e7\u0131n\u0131n yak\u0131n dostlar\u0131, m\u00fczik d\u00fcnyas\u0131ndan pek \u00e7ok isim, siyasiler ve sevenleri yo\u011fun ilgi g\u00f6sterdi. Duygusal anlar\u0131n ya\u015fand\u0131\u011f\u0131 t\u00f6rende, Konak\u2019\u0131n eserleri e\u015fli\u011finde g\u00f6zya\u015flar\u0131 sel oldu.<\/p>\n<h3>TAC\u0130Z \u0130DD\u0130ASIYLA APAR TOPAR CENAZEDEN \u00c7IKARILDI<\/h3>\n<p>Cenaze t\u00f6reni boyunca ya\u015fanan yo\u011fun kalabal\u0131k ve duygusal atmosferin aras\u0131nda, bir anda tansiyon y\u00fckseldi. \u0130ddialara g\u00f6re; t\u00f6rene kat\u0131lan bir kad\u0131n, Salih Turgut isimli bir radyocu taraf\u0131ndan rahats\u0131z edildi\u011fini belirterek g\u00fcvenlikten yard\u0131m istedi.<\/p>\n<hr \/>\n<p>Ya\u015fanan durumun ard\u0131ndan, g\u00fcvenlik g\u00f6revlileri h\u0131zla m\u00fcdahale etti. Tan\u0131klar\u0131n ifadelerine g\u00f6re, Turgut hi\u00e7bir direni\u015f g\u00f6stermeden t\u00f6ren alan\u0131n\u0131n d\u0131\u015f\u0131na \u00e7\u0131kar\u0131ld\u0131. O anlara ait g\u00f6r\u00fcnt\u00fclerin t\u00f6ren alan\u0131nda bulunan baz\u0131 kat\u0131l\u0131mc\u0131lar taraf\u0131ndan kayda al\u0131nd\u0131\u011f\u0131 iddia ediliyor.<\/p>\n<div style=\"width: 640px;\" class=\"wp-video\"><!--[if lt IE 9]><script>document.createElement('video');<\/script><![endif]-->\n<video class=\"wp-video-shortcode\" id=\"video-155812-1\" width=\"640\" height=\"1138\" preload=\"metadata\" controls=\"controls\"><source type=\"video\/mp4\" src=\"https:\/\/www.tgrthaber.com\/mavikadin\/wp-content\/uploads\/Volkan-Konakin-cenazesinde-kadinlari-taciz-ettigi-iddia-edilen-radyocu-Salih-Turgut-guvenlik-gorevlileri-tarafindan-alan-disina-alindi-volkankonak-cenaze-taciz-online-video-cutter.com_.mp4?_=1\" \/><a href=\"https:\/\/www.tgrthaber.com\/mavikadin\/wp-content\/uploads\/Volkan-Konakin-cenazesinde-kadinlari-taciz-ettigi-iddia-edilen-radyocu-Salih-Turgut-guvenlik-gorevlileri-tarafindan-alan-disina-alindi-volkankonak-cenaze-taciz-online-video-cutter.com_.mp4\">https:\/\/www.tgrthaber.com\/mavikadin\/wp-content\/uploads\/Volkan-Konakin-cenazesinde-kadinlari-taciz-ettigi-iddia-edilen-radyocu-Salih-Turgut-guvenlik-gorevlileri-tarafindan-alan-disina-alindi-volkankonak-cenaze-taciz-online-video-cutter.com_.mp4<\/a><\/video><\/div>\n<hr \/>\n<h3>SAL\u0130H TURGUT K\u0130MD\u0130R? SOSYAL MEDYADA PAYLA\u015eIMI D\u0130KKAT \u00c7EKT\u0130<\/h3>\n<p>Olay\u0131n oda\u011f\u0131ndaki isim Salih Turgut, medya d\u00fcnyas\u0131nda uzun y\u0131llard\u0131r programc\u0131 olarak tan\u0131n\u0131yor. Sevdam\u0131z Amasya TV gibi \u00e7e\u015fitli dijital yay\u0131n platformlar\u0131nda da g\u00f6rev al\u0131yor. Ge\u00e7mi\u015fte bir\u00e7ok yerel radyo ve dernekte de aktif roller \u00fcstlenmi\u015f olan Turgut, Amasya Ta\u015fova k\u00f6kenli bir medya \u00e7al\u0131\u015fan\u0131 olarak biliniyor.<\/p>\n<p>\u0130lgin\u00e7tir ki; Turgut, Volkan Konak\u2019\u0131n vefat\u0131n\u0131n hemen ard\u0131ndan sosyal medya hesab\u0131nda duygusal bir payla\u015f\u0131m yapm\u0131\u015f ve sanat\u00e7\u0131n\u0131n \u00f6l\u00fcm\u00fcnden duydu\u011fu derin \u00fcz\u00fcnt\u00fcy\u00fc dile getirmi\u015fti.<\/p>\n<h3>CENAZE LEVENT\u2019TE YAPILDI, TRABZON\u2019DA DEFNED\u0130LD\u0130<\/h3>\n<p>Volkan Konak i\u00e7in d\u00fczenlenen cenaze t\u00f6reni, 31 Mart 2025 Pazartesi g\u00fcn\u00fc \u0130stanbul\u2019un Levent semtindeki Barbaros Hayrettin Pa\u015fa Camii\u2019nde ger\u00e7ekle\u015ftirildi. T\u00f6rene sanat\u00e7\u0131n\u0131n ailesi, yak\u0131n dostlar\u0131, \u00e7ok say\u0131da sanat\u00e7\u0131 ve binlerce hayran\u0131 kat\u0131ld\u0131. Konak\u2019\u0131n eserleriyle b\u00fcy\u00fcm\u00fc\u015f sevenleri, cenazeye ak\u0131n etti.<\/p>\n<p>Duygu y\u00fckl\u00fc t\u00f6rende zaman zaman g\u00f6zya\u015flar\u0131 sel olurken, sanat\u00e7\u0131n\u0131n sevenleri dualarla veda etti. T\u00f6rende, Volkan Konak\u2019\u0131n en sevilen t\u00fcrk\u00fclerinden baz\u0131lar\u0131 da t\u00f6renden \u00f6nce cami avlusunda hoparl\u00f6rlerden \u00e7al\u0131nd\u0131.<\/p>\n<p><img loading=\"lazy\" decoding=\"async\" class=\"alignnone wp-image-155818 size-full\" src=\"https:\/\/www.tgrthaber.com\/mavikadin\/wp-content\/uploads\/diyanet-volkan-konak-in-cezalandirilmasini-istedi.webp\" alt=\"\" width=\"1280\" height=\"720\" title=\"\" srcset=\"https:\/\/www.tgrthaber.com\/mavikadin\/wp-content\/uploads\/diyanet-volkan-konak-in-cezalandirilmasini-istedi.webp 1280w, https:\/\/www.tgrthaber.com\/mavikadin\/wp-content\/uploads\/diyanet-volkan-konak-in-cezalandirilmasini-istedi-300x169.webp 300w, https:\/\/www.tgrthaber.com\/mavikadin\/wp-content\/uploads\/diyanet-volkan-konak-in-cezalandirilmasini-istedi-1024x576.webp 1024w, https:\/\/www.tgrthaber.com\/mavikadin\/wp-content\/uploads\/diyanet-volkan-konak-in-cezalandirilmasini-istedi-768x432.webp 768w\" sizes=\"(max-width: 1280px) 100vw, 1280px\" \/><\/p>\n<hr \/>\n<p>Ancak bu anlaml\u0131 vedaya g\u00f6lge d\u00fc\u015f\u00fcren bir geli\u015fme ya\u015fand\u0131. T\u00f6renin yap\u0131ld\u0131\u011f\u0131 cami avlusunda ya\u015fanan gerginlik, bir kad\u0131n\u0131n taciz edildi\u011fi iddias\u0131 \u00fczerine g\u00fcvenlik g\u00fc\u00e7lerinin m\u00fcdahalesiyle sonu\u00e7land\u0131. Tacizle su\u00e7lanan radyo programc\u0131s\u0131 Salih Turgut, kalabal\u0131\u011f\u0131n aras\u0131ndan \u00e7\u0131kar\u0131larak cami d\u0131\u015f\u0131na al\u0131nd\u0131.<\/p>\n<p>T\u00f6renin ard\u0131ndan Volkan Konak\u2019\u0131n naa\u015f\u0131, do\u011fup b\u00fcy\u00fcd\u00fc\u011f\u00fc topraklara, yani Trabzon\u2019un Ma\u00e7ka il\u00e7esine g\u00f6t\u00fcr\u00fcld\u00fc. Sanat\u00e7\u0131n\u0131n vasiyeti do\u011frultusunda memleketinde topra\u011fa verildi\u011fi \u00f6\u011frenildi.<\/p>\n","protected":false},"excerpt":{"rendered":"<p>\u00dcnl\u00fc sanat\u00e7\u0131 Volkan Konak&#8217;\u0131n cenaze t\u00f6reninde skandal patlad\u0131! Binlerce ki\u015finin kat\u0131ld\u0131\u011f\u0131 duygusal veda s\u0131ras\u0131nda, iddiaya g\u00f6re bir kad\u0131n tacize u\u011frad\u0131. Tacizle su\u00e7lanan ki\u015finin tan\u0131nm\u0131\u015f bir radyocu oldu\u011fu \u00f6ne s\u00fcr\u00fcl\u00fcrken, g\u00fcvenlik g\u00f6revlileri taraf\u0131ndan apar topar t\u00f6ren alan\u0131ndan \u00e7\u0131kar\u0131lmas\u0131 sosyal medyada b\u00fcy\u00fck yank\u0131 uyand\u0131rd\u0131. \u0130\u015fte sanat camias\u0131n\u0131 ve sosyal medyay\u0131 aya\u011fa kald\u0131ran olay\u0131n t\u00fcm ayr\u0131nt\u0131lar\u0131\u2026<\/p>\n","protected":false},"author":35,"featured_media":155819,"comment_status":"closed","ping_status":"closed","sticky":false,"template":"","format":"standard","meta":{"rank_math_lock_modified_date":false,"footnotes":""},"categories":[76],"tags":[16361,16360,16363,16359,16362,16358,16357],"class_list":["post-155812","post","type-post","status-publish","format-standard","has-post-thumbnail","hentry","category-magazin","tag-cenazede-taciz","tag-radyocu-salih-turgut","tag-radyocu-taciz-skandali","tag-salih-turgut","tag-volkan-konak-cenaze-taciz-iddiasi","tag-volkan-konak-cenaze-toreni-taciz","tag-volkan-konak-cenazesinde-taciz"],"_links":{"self":[{"href":"https:\/\/www.tgrthaber.com\/mavikadin\/wp-json\/wp\/v2\/posts\/155812"}],"collection":[{"href":"https:\/\/www.tgrthaber.com\/mavikadin\/wp-json\/wp\/v2\/posts"}],"about":[{"href":"https:\/\/www.tgrthaber.com\/mavikadin\/wp-json\/wp\/v2\/types\/post"}],"author":[{"embeddable":true,"href":"https:\/\/www.tgrthaber.com\/mavikadin\/wp-json\/wp\/v2\/users\/35"}],"replies":[{"embeddable":true,"href":"https:\/\/www.tgrthaber.com\/mavikadin\/wp-json\/wp\/v2\/comments?post=155812"}],"version-history":[{"count":5,"href":"https:\/\/www.tgrthaber.com\/mavikadin\/wp-json\/wp\/v2\/posts\/155812\/revisions"}],"predecessor-version":[{"id":157104,"href":"https:\/\/www.tgrthaber.com\/mavikadin\/wp-json\/wp\/v2\/posts\/155812\/revisions\/157104"}],"wp:featuredmedia":[{"embeddable":true,"href":"https:\/\/www.tgrthaber.com\/mavikadin\/wp-json\/wp\/v2\/media\/155819"}],"wp:attachment":[{"href":"https:\/\/www.tgrthaber.com\/mavikadin\/wp-json\/wp\/v2\/media?parent=155812"}],"wp:term":[{"taxonomy":"category","embeddable":true,"href":"https:\/\/www.tgrthaber.com\/mavikadin\/wp-json\/wp\/v2\/categories?post=155812"},{"taxonomy":"post_tag","embeddable":true,"href":"https:\/\/www.tgrthaber.com\/mavikadin\/wp-json\/wp\/v2\/tags?post=155812"}],"curies":[{"name":"wp","href":"https:\/\/api.w.org\/{rel}","templated":true}]}}