{"id":155855,"date":"2025-04-02T09:34:07","date_gmt":"2025-04-02T06:34:07","guid":{"rendered":"https:\/\/www.tgrthaber.com\/mavikadin\/?p=155855"},"modified":"2025-04-02T09:37:06","modified_gmt":"2025-04-02T06:37:06","slug":"sevim-alan-kimdir-sevim-alan-meslegi-ne-dilan-polatla-baglantisi-var-mi","status":"publish","type":"post","link":"https:\/\/www.tgrthaber.com\/mavikadin\/sevim-alan-kimdir-sevim-alan-meslegi-ne-dilan-polatla-baglantisi-var-mi\/","title":{"rendered":"Sevim Alan kimdir? Sevim Alan mesle\u011fi ne? Dilan Polat&#8217;la ba\u011flant\u0131s\u0131 var m\u0131?"},"content":{"rendered":"<p class=\"p1\">G\u00fczellik ve ki\u015fisel bak\u0131m alan\u0131nda ad\u0131n\u0131 s\u0131k\u00e7a duydu\u011fumuz Sevim Alan hakk\u0131nda yeni bir hukuk s\u00fcreci daha ba\u015flat\u0131ld\u0131. Haz\u0131rlanan iddianamede, Alan\u2019\u0131n sahte senetle bir ki\u015fiyi icraya verdi\u011fi iddia ediliyor. Soru\u015fturma s\u0131ras\u0131nda toplanan delillerin de\u011ferlendirilmesi sonucunda, hakk\u0131nda 10 y\u0131la kadar hapis cezas\u0131 talep ediliyor. Geli\u015fmelerin kamuoyuna yans\u0131mas\u0131n\u0131n ard\u0131ndan Sevim Alan\u2019\u0131n ge\u00e7mi\u015fi ve \u00f6zel ya\u015fam\u0131 da ara\u015ft\u0131r\u0131lmaya ba\u015fland\u0131. Peki Sevim Alan kimdir mesle\u011fi ne? Dilan Polat\u2019la herhangi bir ba\u011flant\u0131s\u0131 var m\u0131? \u0130\u015fte kamuoyunun cevab\u0131n\u0131 merak etti\u011fi o sorular\u2026<\/p>\n<h3>SEV\u0130M ALAN&#8217;IN 10 YILA KADAR HAPS\u0130 \u0130STEN\u0130YOR<\/h3>\n<p class=\"p1\">\u0130stanbul\u2019da g\u00fczellik sekt\u00f6r\u00fcyle ad\u0131n\u0131 duyurmu\u015f Sevim Alan, \u015fimdi ciddi su\u00e7lamalarla kar\u015f\u0131 kar\u015f\u0131ya. Hakk\u0131nda, &#8216;Resm\u00ee belgede sahtecilik&#8217; ve &#8216;Doland\u0131r\u0131c\u0131l\u0131k&#8217; iddialar\u0131yla yeni bir ceza davas\u0131 a\u00e7\u0131ld\u0131\u011f\u0131 \u00f6\u011frenildi. S\u00f6z konusu olay\u0131n 18 Nisan 2021 tarihinde ya\u015fand\u0131\u011f\u0131 belirtiliyor. \u0130ddianameye g\u00f6re m\u00fc\u015fteki Bihter D\u00fcndar, Alan\u2019\u0131n sahibi oldu\u011fu g\u00fczellik merkezlerinden birinin bayili\u011fini yapmaktayd\u0131. Ancak taraflar aras\u0131nda \u00e7\u0131kan anla\u015fmazl\u0131k sonras\u0131 bu i\u015f ortakl\u0131\u011f\u0131 sona erdi. D\u00fcndar, mali ili\u015fkilerin tamamen sonland\u0131\u011f\u0131n\u0131 ifade ederken, ad\u0131na d\u00fczenlenmi\u015f 390.000 TL de\u011ferinde bir senedin varl\u0131\u011f\u0131ndan habersiz oldu\u011funu ileri s\u00fcrd\u00fc.<\/p>\n<p><img loading=\"lazy\" decoding=\"async\" class=\"alignnone wp-image-155859 \" src=\"https:\/\/www.tgrthaber.com\/mavikadin\/wp-content\/uploads\/Ekran-Resmi-2025-04-02-09.30.16.png\" alt=\"\" width=\"984\" height=\"1034\" title=\"\" srcset=\"https:\/\/www.tgrthaber.com\/mavikadin\/wp-content\/uploads\/Ekran-Resmi-2025-04-02-09.30.16.png 702w, https:\/\/www.tgrthaber.com\/mavikadin\/wp-content\/uploads\/Ekran-Resmi-2025-04-02-09.30.16-285x300.png 285w\" sizes=\"(max-width: 984px) 100vw, 984px\" \/><\/p>\n<hr \/>\n<p class=\"p1\">\u0130ddialara g\u00f6re, Sevim Alan bu sahte senet arac\u0131l\u0131\u011f\u0131yla D\u00fcndar\u2019\u0131 icraya verdi. Yap\u0131lan bilirki\u015fi incelemesi neticesinde, senet \u00fczerindeki imzan\u0131n D\u00fcndar\u2019a ait olmad\u0131\u011f\u0131, imzan\u0131n taklit edildi\u011fi ve i\u00e7eri\u011finin Alan taraf\u0131ndan dolduruldu\u011fu y\u00f6n\u00fcnde kanaat olu\u015ftu. Savc\u0131l\u0131k, bu durumun kas\u0131tl\u0131 olarak d\u00fczenlenmi\u015f sahte evrakla haks\u0131z kazan\u00e7 elde etme giri\u015fimi oldu\u011funu de\u011ferlendirdi. Mahkeme s\u00fcreci devam ederken, Sevim Alan\u2019a y\u00f6nelik su\u00e7lamalar\u0131n ciddiyeti dikkat \u00e7ekiyor. Kamuoyu \u015fimdi davan\u0131n seyrini ve olas\u0131 sonu\u00e7lar\u0131n\u0131 yak\u0131ndan takip ediyor.<\/p>\n<p><img loading=\"lazy\" decoding=\"async\" class=\"alignnone wp-image-155858 \" src=\"https:\/\/www.tgrthaber.com\/mavikadin\/wp-content\/uploads\/Ekran-Resmi-2025-04-02-09.29.31.png\" alt=\"\" width=\"993\" height=\"587\" title=\"\" srcset=\"https:\/\/www.tgrthaber.com\/mavikadin\/wp-content\/uploads\/Ekran-Resmi-2025-04-02-09.29.31.png 954w, https:\/\/www.tgrthaber.com\/mavikadin\/wp-content\/uploads\/Ekran-Resmi-2025-04-02-09.29.31-300x177.png 300w, https:\/\/www.tgrthaber.com\/mavikadin\/wp-content\/uploads\/Ekran-Resmi-2025-04-02-09.29.31-768x454.png 768w\" sizes=\"(max-width: 993px) 100vw, 993px\" \/><\/p>\n<hr \/>\n<h3>SEV\u0130M ALAN K\u0130MD\u0130R, MESLE\u011e\u0130 NE?<\/h3>\n<p class=\"p1\">Sevim Alan, \u00fcniversite e\u011fitimini Konya Sel\u00e7uk \u00dcniversitesi\u2019nin Moda Tasar\u0131m\u0131 b\u00f6l\u00fcm\u00fcnde tamamlad\u0131. Lisans s\u00fcrecinin ard\u0131ndan kariyerini estetik ve g\u00fczellik alan\u0131na y\u00f6nlendiren Alan, T\u00fcrkiye genelinde kendi ad\u0131yla faaliyet g\u00f6steren yakla\u015f\u0131k 50 g\u00fczellik merkezi kurdu. Ayn\u0131 zamanda d\u00f6rt farkl\u0131 mimarl\u0131k ofisiyle de i\u015f birli\u011fi i\u00e7inde projelere imza att\u0131. G\u00fczellik sekt\u00f6r\u00fcndeki y\u00fckseli\u015fi, sadece m\u00fc\u015fteri memnuniyetiyle s\u0131n\u0131rl\u0131 kalmad\u0131; 2020 y\u0131l\u0131nda d\u00fczenlenen Best Year \u00f6d\u00fcl t\u00f6reninde, &#8216;En \u0130yi Ka\u015f Tasar\u0131m\u0131 Merkezi&#8217; \u00f6d\u00fcl\u00fcne lay\u0131k g\u00f6r\u00fcld\u00fc. Ba\u015far\u0131lar\u0131 bununla da s\u0131n\u0131rl\u0131 kalmad\u0131. 2022\u2019de, i\u015f d\u00fcnyas\u0131nda g\u00f6sterdi\u011fi istikrar ve b\u00fcy\u00fcme sayesinde &#8216;Y\u0131l\u0131n Ba\u015far\u0131l\u0131 \u0130\u015f Kad\u0131n\u0131&#8217; \u00f6d\u00fcl\u00fcn\u00fcn sahibi oldu.<\/p>\n<p><img loading=\"lazy\" decoding=\"async\" class=\"alignnone wp-image-155857 \" src=\"https:\/\/www.tgrthaber.com\/mavikadin\/wp-content\/uploads\/Ekran-Resmi-2025-04-02-09.26.48-569x1024.png\" alt=\"\" width=\"986\" height=\"1774\" title=\"\" srcset=\"https:\/\/www.tgrthaber.com\/mavikadin\/wp-content\/uploads\/Ekran-Resmi-2025-04-02-09.26.48-569x1024.png 569w, https:\/\/www.tgrthaber.com\/mavikadin\/wp-content\/uploads\/Ekran-Resmi-2025-04-02-09.26.48-167x300.png 167w, https:\/\/www.tgrthaber.com\/mavikadin\/wp-content\/uploads\/Ekran-Resmi-2025-04-02-09.26.48-768x1382.png 768w, https:\/\/www.tgrthaber.com\/mavikadin\/wp-content\/uploads\/Ekran-Resmi-2025-04-02-09.26.48.png 778w\" sizes=\"(max-width: 986px) 100vw, 986px\" \/><\/p>\n<hr \/>\n<h3>SEV\u0130M ALAN&#8217;IN D\u0130LAN POLAT&#8217;LA BA\u011eLANTISI NE?<\/h3>\n<p class=\"p1\">Sevim Alan\u2019\u0131n, Dilan Polat\u2019la uzun y\u0131llara dayanan yak\u0131n bir arkada\u015fl\u0131\u011f\u0131 oldu\u011fu biliniyor. Polat\u2019\u0131n ad\u0131n\u0131n kara para aklama iddialar\u0131yla g\u00fcndeme gelmesinin ard\u0131ndan ba\u015flayan yarg\u0131 s\u00fcrecinde, Alan\u2019\u0131n deste\u011fini a\u00e7\u0131k\u00e7a g\u00f6sterdi\u011fi biliniyor.<\/p>\n","protected":false},"excerpt":{"rendered":"<p>Son d\u00f6nemde ad\u0131n\u0131 g\u00fczellik sekt\u00f6r\u00fcnde s\u0131k\u00e7a duydu\u011fumuz Sevim Alan hakk\u0131nda yeni bir dava a\u00e7\u0131ld\u0131. Sahte senet iddias\u0131yla g\u00fcndeme gelen Alan i\u00e7in 10 y\u0131la kadar hapis isteniyor. Geli\u015fmeler sonras\u0131 ge\u00e7mi\u015fi ve Dilan Polat\u2019la olan olas\u0131 ba\u011flant\u0131s\u0131 merak edilmeye ba\u015fland\u0131. \u0130\u015fte detaylar\u2026 <\/p>\n","protected":false},"author":16,"featured_media":155860,"comment_status":"closed","ping_status":"closed","sticky":false,"template":"","format":"standard","meta":{"rank_math_lock_modified_date":false,"footnotes":""},"categories":[491],"tags":[16380,16378,16379],"class_list":["post-155855","post","type-post","status-publish","format-standard","has-post-thumbnail","hentry","category-biyografi","tag-sevim-alan-dilan-polat","tag-sevim-alan-kimdir","tag-sevim-alan-meslegi-ne"],"_links":{"self":[{"href":"https:\/\/www.tgrthaber.com\/mavikadin\/wp-json\/wp\/v2\/posts\/155855"}],"collection":[{"href":"https:\/\/www.tgrthaber.com\/mavikadin\/wp-json\/wp\/v2\/posts"}],"about":[{"href":"https:\/\/www.tgrthaber.com\/mavikadin\/wp-json\/wp\/v2\/types\/post"}],"author":[{"embeddable":true,"href":"https:\/\/www.tgrthaber.com\/mavikadin\/wp-json\/wp\/v2\/users\/16"}],"replies":[{"embeddable":true,"href":"https:\/\/www.tgrthaber.com\/mavikadin\/wp-json\/wp\/v2\/comments?post=155855"}],"version-history":[{"count":1,"href":"https:\/\/www.tgrthaber.com\/mavikadin\/wp-json\/wp\/v2\/posts\/155855\/revisions"}],"predecessor-version":[{"id":155861,"href":"https:\/\/www.tgrthaber.com\/mavikadin\/wp-json\/wp\/v2\/posts\/155855\/revisions\/155861"}],"wp:featuredmedia":[{"embeddable":true,"href":"https:\/\/www.tgrthaber.com\/mavikadin\/wp-json\/wp\/v2\/media\/155860"}],"wp:attachment":[{"href":"https:\/\/www.tgrthaber.com\/mavikadin\/wp-json\/wp\/v2\/media?parent=155855"}],"wp:term":[{"taxonomy":"category","embeddable":true,"href":"https:\/\/www.tgrthaber.com\/mavikadin\/wp-json\/wp\/v2\/categories?post=155855"},{"taxonomy":"post_tag","embeddable":true,"href":"https:\/\/www.tgrthaber.com\/mavikadin\/wp-json\/wp\/v2\/tags?post=155855"}],"curies":[{"name":"wp","href":"https:\/\/api.w.org\/{rel}","templated":true}]}}