{"id":155881,"date":"2025-04-02T10:20:00","date_gmt":"2025-04-02T07:20:00","guid":{"rendered":"https:\/\/www.tgrthaber.com\/mavikadin\/?p=155881"},"modified":"2025-04-02T10:22:06","modified_gmt":"2025-04-02T07:22:06","slug":"val-kilmer-ne-kanseri-val-kilmer-aslen-nereli","status":"publish","type":"post","link":"https:\/\/www.tgrthaber.com\/mavikadin\/val-kilmer-ne-kanseri-val-kilmer-aslen-nereli\/","title":{"rendered":"Val Kilmer ne kanseri? Val Kilmer aslen nereli?"},"content":{"rendered":"<p class=\"p1\">Batman Forever\u2019da &#8216;Bruce Wayne&#8217;i oynayan Val Kilmer, 65 ya\u015f\u0131nda vefat etti. Birka\u00e7 y\u0131ld\u0131r ya\u015fad\u0131\u011f\u0131 sa\u011fl\u0131k sorunlar\u0131 nedeniyle hayata g\u00f6zlerini yuman Val Kilmer neden \u00f6ld\u00fc, ne kanseriydi? Val Kilmer aslen nereli? sorular\u0131n\u0131n cevaplar\u0131 merak edilip ara\u015ft\u0131r\u0131lmaya ba\u015fland\u0131. \u0130\u015fte detaylar..<\/p>\n<h3>VAL K\u0130LMER NE KANSER\u0130?<\/h3>\n<p class=\"p1\">Sahip oldu\u011fu oyunculuk yetene\u011fiyle bir\u00e7ok \u00f6nemli yap\u0131ma imza atan Val Kilmer, 65 ya\u015f\u0131nda ya\u015fam\u0131n\u0131 yitirdi. Batman Forever filminde Bruce Wayne karakterini oynayan \u00fcnl\u00fc oyuncu, uzun bir s\u00fcredir g\u0131rtlak kanseriyle m\u00fccadele ediyordu. Onun vefat\u0131, hem sanat camias\u0131n\u0131 hem de hayranlar\u0131n\u0131 \u00fcz\u00fcnt\u00fcye bo\u011fdu. \u00d6l\u00fcm\u00fcn\u00fcn ard\u0131ndan, Kilmer\u2019\u0131n \u00f6zel ya\u015fam\u0131 ve kariyerine dair detaylar yeniden g\u00fcndeme geldi.<\/p>\n<p><img loading=\"lazy\" decoding=\"async\" class=\"alignnone wp-image-155891 \" src=\"https:\/\/www.tgrthaber.com\/mavikadin\/wp-content\/uploads\/Ekran-Resmi-2025-04-02-10.14.34.png\" alt=\"\" width=\"984\" height=\"592\" title=\"\" srcset=\"https:\/\/www.tgrthaber.com\/mavikadin\/wp-content\/uploads\/Ekran-Resmi-2025-04-02-10.14.34.png 904w, https:\/\/www.tgrthaber.com\/mavikadin\/wp-content\/uploads\/Ekran-Resmi-2025-04-02-10.14.34-300x181.png 300w, https:\/\/www.tgrthaber.com\/mavikadin\/wp-content\/uploads\/Ekran-Resmi-2025-04-02-10.14.34-768x462.png 768w\" sizes=\"(max-width: 984px) 100vw, 984px\" \/><\/p>\n<hr \/>\n<h3>VAL K\u0130LMER ASLEN NEREL\u0130?<\/h3>\n<p class=\"p1\">31 Aral\u0131k 1959\u2019da Kaliforniya\u2019n\u0131n Los Angeles \u015fehrinde d\u00fcnyaya gelen Val Edward Kilmer, daha gen\u00e7 ya\u015flardayken sahne sanatlar\u0131na kar\u015f\u0131 yo\u011fun bir ilgi geli\u015ftirdi. Oyunculuk e\u011fitimi almak i\u00e7in Amerika\u2019n\u0131n en sayg\u0131n okullar\u0131ndan biri olan Juilliard School\u2019a kabul edildi\u011finde yaln\u0131zca 17 ya\u015f\u0131ndayd\u0131 ve bu okula kabul edilen en gen\u00e7 \u00f6\u011frenci unvan\u0131n\u0131 ta\u015f\u0131d\u0131. E\u011fitimini tamamlad\u0131ktan sonra tiyatro ve sinema alan\u0131nda profesyonel ad\u0131mlar atmaya ba\u015flad\u0131.<\/p>\n<p><img loading=\"lazy\" decoding=\"async\" class=\"alignnone wp-image-155892 \" src=\"https:\/\/www.tgrthaber.com\/mavikadin\/wp-content\/uploads\/Ekran-Resmi-2025-04-02-10.14.47.png\" alt=\"\" width=\"984\" height=\"601\" title=\"\" srcset=\"https:\/\/www.tgrthaber.com\/mavikadin\/wp-content\/uploads\/Ekran-Resmi-2025-04-02-10.14.47.png 910w, https:\/\/www.tgrthaber.com\/mavikadin\/wp-content\/uploads\/Ekran-Resmi-2025-04-02-10.14.47-300x183.png 300w, https:\/\/www.tgrthaber.com\/mavikadin\/wp-content\/uploads\/Ekran-Resmi-2025-04-02-10.14.47-768x469.png 768w\" sizes=\"(max-width: 984px) 100vw, 984px\" \/><\/p>\n<hr \/>\n<p class=\"p1\">1984\u2019te yay\u0131nlanan Top Secret! filmiyle dikkatleri \u00fczerine \u00e7eken Kilmer, as\u0131l \u00e7\u0131k\u0131\u015f\u0131n\u0131 1986 yap\u0131m\u0131 Top Gun\u2019da oynad\u0131\u011f\u0131 &#8216;Iceman&#8217; karakteriyle yapt\u0131. Tom Cruise ile ayn\u0131 projede yer almas\u0131, ona uluslararas\u0131 bir \u00fcn kazand\u0131rd\u0131. 1991\u2019de The Doors filminde oynad\u0131\u011f\u0131 Jim Morrison rol\u00fcyle ele\u015ftirmenlerden b\u00fcy\u00fck \u00f6vg\u00fc ald\u0131. Filmdeki vokal performans\u0131, orijinalinden ay\u0131rt edilemeyecek kadar ger\u00e7ek\u00e7iydi. Hem sanat\u0131yla hem de g\u00fc\u00e7l\u00fc duru\u015fuyla hat\u0131rlanan Val Kilmer, Hollywood\u2019un unutulmaz y\u0131ld\u0131zlar\u0131 aras\u0131nda yerini ald\u0131.<\/p>\n<h3 class=\"p1\">VAL K\u0130LMER\u2019IN YER ALDI\u011eI F\u0130LMLER<\/h3>\n<p class=\"p1\">Top Secret! (1984) \u2013 Nick Rivers<\/p>\n<p class=\"p1\">Real Genius (1985) \u2013 Chris Knight<\/p>\n<p class=\"p1\">Top Gun (1986) \u2013 Tom \u201cIceman\u201d Kazansky<\/p>\n<p class=\"p1\">Willow (1988) \u2013 Madmartigan<\/p>\n<p class=\"p1\">The Doors (1991) \u2013 Jim Morrison<\/p>\n<p class=\"p1\">Thunderheart (1992) \u2013 Ray Levoi<\/p>\n<p class=\"p1\">Tombstone (1993) \u2013 Doc Holliday<\/p>\n<p><img loading=\"lazy\" decoding=\"async\" class=\"alignnone wp-image-155893 \" src=\"https:\/\/www.tgrthaber.com\/mavikadin\/wp-content\/uploads\/Ekran-Resmi-2025-04-02-10.14.39.png\" alt=\"\" width=\"985\" height=\"592\" title=\"\" srcset=\"https:\/\/www.tgrthaber.com\/mavikadin\/wp-content\/uploads\/Ekran-Resmi-2025-04-02-10.14.39.png 922w, https:\/\/www.tgrthaber.com\/mavikadin\/wp-content\/uploads\/Ekran-Resmi-2025-04-02-10.14.39-300x180.png 300w, https:\/\/www.tgrthaber.com\/mavikadin\/wp-content\/uploads\/Ekran-Resmi-2025-04-02-10.14.39-768x461.png 768w\" sizes=\"(max-width: 985px) 100vw, 985px\" \/><\/p>\n<hr \/>\n<p class=\"p1\">Batman Forever (1995) \u2013 Bruce Wayne \/ Batman<\/p>\n<p class=\"p1\">Heat (1995) \u2013 Chris Shiherlis<\/p>\n<p class=\"p1\">The Ghost and the Darkness (1996) \u2013 Col. John Henry Patterson<\/p>\n<p class=\"p1\">The Saint (1997) \u2013 Simon Templar<\/p>\n<p class=\"p1\">At First Sight (1999) \u2013 Virgil Adamson<\/p>\n<p class=\"p1\">Pollock (2000) \u2013 Willem de Kooning (k\u00fc\u00e7\u00fck rol)<\/p>\n<p class=\"p1\">Red Planet (2000) \u2013 Robby Gallagher<\/p>\n<p class=\"p1\">The Salton Sea (2002) \u2013 Danny Parker \/ Tom Van Allen<\/p>\n<p class=\"p1\">Wonderland (2003) \u2013 John Holmes<\/p>\n<p class=\"p1\">Spartan (2004) \u2013 Robert Scott<\/p>\n<p class=\"p1\">Alexander (2004) \u2013 Philip II<\/p>\n<p><img loading=\"lazy\" decoding=\"async\" class=\"alignnone wp-image-155894 \" src=\"https:\/\/www.tgrthaber.com\/mavikadin\/wp-content\/uploads\/Ekran-Resmi-2025-04-02-10.16.54.png\" alt=\"\" width=\"998\" height=\"626\" title=\"\" srcset=\"https:\/\/www.tgrthaber.com\/mavikadin\/wp-content\/uploads\/Ekran-Resmi-2025-04-02-10.16.54.png 886w, https:\/\/www.tgrthaber.com\/mavikadin\/wp-content\/uploads\/Ekran-Resmi-2025-04-02-10.16.54-300x188.png 300w, https:\/\/www.tgrthaber.com\/mavikadin\/wp-content\/uploads\/Ekran-Resmi-2025-04-02-10.16.54-768x482.png 768w\" sizes=\"(max-width: 998px) 100vw, 998px\" \/><\/p>\n<hr \/>\n<p class=\"p1\">Kiss Kiss Bang Bang (2005) \u2013 Gay Perry<\/p>\n<p class=\"p1\">D\u00e9j\u00e0 Vu (2006) \u2013 Agent Paul Pryzwarra<\/p>\n<p class=\"p1\">Felon (2008) \u2013 John Smith<\/p>\n<p class=\"p1\">MacGruber (2010) \u2013 Dieter Von Cunth<\/p>\n<p class=\"p1\">Twixt (2011) \u2013 Hall Baltimore<\/p>\n<p class=\"p1\">Planes (2013) \u2013 Bravo (seslendirme)<\/p>\n<p class=\"p1\">Song to Song (2017) \u2013 DuanePaydirt (2020) \u2013 Sheriff Tucker<\/p>\n<p class=\"p1\">Top Gun: Maverick (2022) \u2013 Tom \u201cIceman\u201d Kazansky<\/p>\n<p class=\"p1\">\n","protected":false},"excerpt":{"rendered":"<p>Batman Forever filminin unutulmaz ismi Val Kilmer hayata veda etti.  Bir s\u00fcredir ciddi sa\u011fl\u0131k sorunlar\u0131yla m\u00fccadele eden usta oyuncunun kanser sebebiyle \u00f6lmesi hayat\u0131na dair merak edilenleri de g\u00fcndeme ta\u015f\u0131d\u0131. Peki Val Kilmer ne kanseriydi, neden \u00f6dl\u00fc,  aslen nereli? \u0130\u015fte merak edilen detaylar\u2026 <\/p>\n","protected":false},"author":16,"featured_media":155895,"comment_status":"closed","ping_status":"closed","sticky":false,"template":"","format":"standard","meta":{"rank_math_lock_modified_date":false,"footnotes":""},"categories":[76],"tags":[16389,16388,16390],"class_list":["post-155881","post","type-post","status-publish","format-standard","has-post-thumbnail","hentry","category-magazin","tag-val-kilmer-aslen-nereli","tag-val-kilmer-ne-kanseri","tag-val-kilmer-neden-oldu"],"_links":{"self":[{"href":"https:\/\/www.tgrthaber.com\/mavikadin\/wp-json\/wp\/v2\/posts\/155881"}],"collection":[{"href":"https:\/\/www.tgrthaber.com\/mavikadin\/wp-json\/wp\/v2\/posts"}],"about":[{"href":"https:\/\/www.tgrthaber.com\/mavikadin\/wp-json\/wp\/v2\/types\/post"}],"author":[{"embeddable":true,"href":"https:\/\/www.tgrthaber.com\/mavikadin\/wp-json\/wp\/v2\/users\/16"}],"replies":[{"embeddable":true,"href":"https:\/\/www.tgrthaber.com\/mavikadin\/wp-json\/wp\/v2\/comments?post=155881"}],"version-history":[{"count":1,"href":"https:\/\/www.tgrthaber.com\/mavikadin\/wp-json\/wp\/v2\/posts\/155881\/revisions"}],"predecessor-version":[{"id":155896,"href":"https:\/\/www.tgrthaber.com\/mavikadin\/wp-json\/wp\/v2\/posts\/155881\/revisions\/155896"}],"wp:featuredmedia":[{"embeddable":true,"href":"https:\/\/www.tgrthaber.com\/mavikadin\/wp-json\/wp\/v2\/media\/155895"}],"wp:attachment":[{"href":"https:\/\/www.tgrthaber.com\/mavikadin\/wp-json\/wp\/v2\/media?parent=155881"}],"wp:term":[{"taxonomy":"category","embeddable":true,"href":"https:\/\/www.tgrthaber.com\/mavikadin\/wp-json\/wp\/v2\/categories?post=155881"},{"taxonomy":"post_tag","embeddable":true,"href":"https:\/\/www.tgrthaber.com\/mavikadin\/wp-json\/wp\/v2\/tags?post=155881"}],"curies":[{"name":"wp","href":"https:\/\/api.w.org\/{rel}","templated":true}]}}