{"id":155897,"date":"2025-04-02T10:48:20","date_gmt":"2025-04-02T07:48:20","guid":{"rendered":"https:\/\/www.tgrthaber.com\/mavikadin\/?p=155897"},"modified":"2025-04-04T15:47:54","modified_gmt":"2025-04-04T12:47:54","slug":"salih-turgut-kimdir-yasi-kac-evli-mi","status":"publish","type":"post","link":"https:\/\/www.tgrthaber.com\/mavikadin\/salih-turgut-kimdir-yasi-kac-evli-mi\/","title":{"rendered":"Salih Turgut kimdir? Ya\u015f\u0131 ka\u00e7, evli mi?"},"content":{"rendered":"<p class=\"p1\">\u00dcnl\u00fc sanat\u00e7\u0131 Volkan Konak\u2019\u0131n cenazesinde ya\u015fanan olay t\u00f6renin duygusal atmosferine g\u00f6lge d\u00fc\u015f\u00fcrd\u00fc. Binlerce ki\u015finin kat\u0131l\u0131m\u0131yla ger\u00e7ekle\u015fen vedada, ortaya at\u0131lan taciz iddias\u0131 t\u00f6rene damgas\u0131n\u0131 vurdu. G\u00f6rg\u00fc tan\u0131klar\u0131n\u0131n aktard\u0131\u011f\u0131na g\u00f6re, bir kad\u0131n s\u00f6zl\u00fc ve fiziksel tacize u\u011frad\u0131\u011f\u0131n\u0131 dile getirdi. Su\u00e7lanan ki\u015finin tan\u0131nm\u0131\u015f bir radyo programc\u0131s\u0131 oldu\u011fu \u00f6ne s\u00fcr\u00fcld\u00fc. Ya\u015fanan gerilim \u00fczerine g\u00fcvenlik g\u00f6revlileri, iddia edilen ki\u015fiyi kalabal\u0131\u011f\u0131n aras\u0131ndan \u00e7\u0131kararak alandan uzakla\u015ft\u0131rd\u0131. Bu geli\u015fme sosyal medyada k\u0131sa s\u00fcrede g\u00fcndem olurken, olayla ilgili bir\u00e7ok yorum yap\u0131ld\u0131. Peki taciz iddias\u0131yla su\u00e7lanan radyocu Salih Turgut kimdir? Ka\u00e7 ya\u015f\u0131nda, aslen nereli? \u0130\u015fte merak edilen cevaplar..<\/p>\n<h3>SAL\u0130H TURGUT K\u0130MD\u0130R, YA\u015eI KA\u00c7, EVL\u0130 M\u0130?<\/h3>\n<p class=\"p1\">G\u00fcndemdeki isimlerden biri haline gelen Salih Turgut, medya alan\u0131nda uzun s\u00fcredir aktif bir fig\u00fcr olarak tan\u0131n\u0131yor.\u00a0 \u00d6zellikle Sevdam\u0131z Amasya TV gibi yerel dijital platformlarda da zaman zaman ekran kar\u015f\u0131s\u0131na \u00e7\u0131kan Turgut\u2019un medya ge\u00e7mi\u015fi, bir\u00e7ok yerel radyo ve sivil toplum kurulu\u015fundaki \u00e7al\u0131\u015fmalar\u0131yla da \u015fekillenmi\u015ftir. Amasya&#8217;n\u0131n Ta\u015fova il\u00e7esinden geldi\u011fi bilinen Turgut, uzun y\u0131llard\u0131r bu k\u00f6kenini yapt\u0131\u011f\u0131 yay\u0131nlarla da vurgulayan bir isimdir.<\/p>\n<p><img loading=\"lazy\" decoding=\"async\" class=\"alignnone wp-image-155907 \" src=\"https:\/\/www.tgrthaber.com\/mavikadin\/wp-content\/uploads\/Ekran-Resmi-2025-04-02-10.39.45-914x1024.png\" alt=\"\" width=\"985\" height=\"1104\" title=\"\" srcset=\"https:\/\/www.tgrthaber.com\/mavikadin\/wp-content\/uploads\/Ekran-Resmi-2025-04-02-10.39.45-914x1024.png 914w, https:\/\/www.tgrthaber.com\/mavikadin\/wp-content\/uploads\/Ekran-Resmi-2025-04-02-10.39.45-268x300.png 268w, https:\/\/www.tgrthaber.com\/mavikadin\/wp-content\/uploads\/Ekran-Resmi-2025-04-02-10.39.45-768x860.png 768w, https:\/\/www.tgrthaber.com\/mavikadin\/wp-content\/uploads\/Ekran-Resmi-2025-04-02-10.39.45.png 1150w\" sizes=\"(max-width: 985px) 100vw, 985px\" \/><\/p>\n<hr \/>\n<p class=\"p1\">Dikkat \u00e7eken bir detay ise, Volkan Konak\u2019\u0131n vefat\u0131n\u0131n hemen ard\u0131ndan Turgut\u2019un sosyal medya \u00fczerinden yapt\u0131\u011f\u0131 duygusal payla\u015f\u0131m oldu. K\u0131sa s\u00fcrede bir\u00e7ok ki\u015fi taraf\u0131ndan g\u00f6r\u00fclen bu mesajda, sanat\u00e7\u0131n\u0131n kayb\u0131ndan duydu\u011fu \u00fcz\u00fcnt\u00fcye yer vermi\u015fti. Samimi ifadeler i\u00e7eren bu payla\u015f\u0131m, onun Volkan Konak\u2019a duydu\u011fu sayg\u0131y\u0131 da g\u00f6stermi\u015fti. Cenazede ya\u015fanan taciz skandal\u0131na ad\u0131n\u0131n kar\u0131\u015fmas\u0131yla g\u00fcndem olan Salih Turgut&#8217;un \u00f6zel hayat\u0131 da merak konusu oldu. Turgut&#8217;un evli olup olmad\u0131\u011f\u0131na dair hen\u00fcz bir bilgi bulunmuyor.<\/p>\n<p><img loading=\"lazy\" decoding=\"async\" class=\"alignnone wp-image-155918 size-large\" src=\"https:\/\/www.tgrthaber.com\/mavikadin\/wp-content\/uploads\/Ekran-Resmi-2025-04-02-10.39.36-1024x498.png\" alt=\"\" width=\"1024\" height=\"498\" title=\"\" srcset=\"https:\/\/www.tgrthaber.com\/mavikadin\/wp-content\/uploads\/Ekran-Resmi-2025-04-02-10.39.36-1024x498.png 1024w, https:\/\/www.tgrthaber.com\/mavikadin\/wp-content\/uploads\/Ekran-Resmi-2025-04-02-10.39.36-300x146.png 300w, https:\/\/www.tgrthaber.com\/mavikadin\/wp-content\/uploads\/Ekran-Resmi-2025-04-02-10.39.36-768x373.png 768w, https:\/\/www.tgrthaber.com\/mavikadin\/wp-content\/uploads\/Ekran-Resmi-2025-04-02-10.39.36-1536x747.png 1536w, https:\/\/www.tgrthaber.com\/mavikadin\/wp-content\/uploads\/Ekran-Resmi-2025-04-02-10.39.36-2048x996.png 2048w\" sizes=\"(max-width: 1024px) 100vw, 1024px\" \/><\/p>\n<hr \/>\n<h3>VOLKAN KONAK&#8217;IN CENAZES\u0130NDE NE OLMU\u015eTU?<\/h3>\n<p class=\"p1\">Volkan Konak\u2019\u0131n cenaze t\u00f6reninde ya\u015fanan beklenmedik bir geli\u015fme, duygusal anlar\u0131n g\u00f6lgesinde kald\u0131. Kalabal\u0131k bir kat\u0131l\u0131mla ger\u00e7ekle\u015fen veda s\u0131ras\u0131nda ortaya at\u0131lan bir taciz iddias\u0131, t\u00f6renin seyrini de\u011fi\u015ftirdi. Tan\u0131klara g\u00f6re, gen\u00e7 bir kad\u0131n t\u00f6ren alan\u0131nda s\u00f6zl\u00fc ve fiziksel tacize u\u011frad\u0131\u011f\u0131n\u0131 ifade etti.<\/p>\n<p class=\"p1\"><img loading=\"lazy\" decoding=\"async\" class=\"alignnone wp-image-155909 \" src=\"https:\/\/www.tgrthaber.com\/mavikadin\/wp-content\/uploads\/Ekran-Resmi-2025-04-02-10.39.45-1-914x1024.png\" alt=\"\" width=\"988\" height=\"1107\" title=\"\" srcset=\"https:\/\/www.tgrthaber.com\/mavikadin\/wp-content\/uploads\/Ekran-Resmi-2025-04-02-10.39.45-1-914x1024.png 914w, https:\/\/www.tgrthaber.com\/mavikadin\/wp-content\/uploads\/Ekran-Resmi-2025-04-02-10.39.45-1-268x300.png 268w, https:\/\/www.tgrthaber.com\/mavikadin\/wp-content\/uploads\/Ekran-Resmi-2025-04-02-10.39.45-1-768x860.png 768w, https:\/\/www.tgrthaber.com\/mavikadin\/wp-content\/uploads\/Ekran-Resmi-2025-04-02-10.39.45-1.png 1150w\" sizes=\"(max-width: 988px) 100vw, 988px\" \/><\/p>\n<hr \/>\n<p class=\"p1\">Olay\u0131n k\u0131sa s\u00fcrede yay\u0131lmas\u0131yla birlikte, ad\u0131 ge\u00e7en ki\u015finin medya d\u00fcnyas\u0131ndan bilinen bir radyo sunucusu oldu\u011fu iddialar\u0131 g\u00fcndeme geldi. G\u00fcvenlik ekipleri taraf\u0131ndan alandan uzakla\u015ft\u0131r\u0131lan \u015f\u00fcpheliyle ilgili soru\u015fturma ba\u015flat\u0131ld\u0131\u011f\u0131 belirtilirken, ya\u015fananlar kamuoyunda b\u00fcy\u00fck tepki toplad\u0131.<\/p>\n","protected":false},"excerpt":{"rendered":"<p>Volkan Konak\u2019\u0131n cenazesinde meydana gelen tats\u0131z olay, duygusal veda t\u00f6renini g\u00f6lgede b\u0131rakt\u0131. Kalabal\u0131k aras\u0131nda bir kad\u0131n\u0131n tacize u\u011frad\u0131\u011f\u0131 iddias\u0131 g\u00fcndeme bomba gibi d\u00fc\u015ft\u00fc. Su\u00e7lamalar\u0131n hedefindeki ki\u015finin tan\u0131nan bir radyocu oldu\u011fu \u00f6ne s\u00fcr\u00fcl\u00fcrken, g\u00fcvenlik olaya h\u0131zla m\u00fcdahale etti. Peki taciz skandal\u0131 ile g\u00fcndeme gelen radyocu Salih Turgut kimdir, ka\u00e7 ya\u015f\u0131nda? <\/p>\n","protected":false},"author":16,"featured_media":157099,"comment_status":"closed","ping_status":"closed","sticky":false,"template":"","format":"standard","meta":{"rank_math_lock_modified_date":false,"footnotes":""},"categories":[491],"tags":[16395,16393,16394],"class_list":["post-155897","post","type-post","status-publish","format-standard","has-post-thumbnail","hentry","category-biyografi","tag-salih-turgut-evli-mi","tag-salih-turgut-kimdir","tag-salih-turgut-yasi-kac"],"_links":{"self":[{"href":"https:\/\/www.tgrthaber.com\/mavikadin\/wp-json\/wp\/v2\/posts\/155897"}],"collection":[{"href":"https:\/\/www.tgrthaber.com\/mavikadin\/wp-json\/wp\/v2\/posts"}],"about":[{"href":"https:\/\/www.tgrthaber.com\/mavikadin\/wp-json\/wp\/v2\/types\/post"}],"author":[{"embeddable":true,"href":"https:\/\/www.tgrthaber.com\/mavikadin\/wp-json\/wp\/v2\/users\/16"}],"replies":[{"embeddable":true,"href":"https:\/\/www.tgrthaber.com\/mavikadin\/wp-json\/wp\/v2\/comments?post=155897"}],"version-history":[{"count":2,"href":"https:\/\/www.tgrthaber.com\/mavikadin\/wp-json\/wp\/v2\/posts\/155897\/revisions"}],"predecessor-version":[{"id":157100,"href":"https:\/\/www.tgrthaber.com\/mavikadin\/wp-json\/wp\/v2\/posts\/155897\/revisions\/157100"}],"wp:featuredmedia":[{"embeddable":true,"href":"https:\/\/www.tgrthaber.com\/mavikadin\/wp-json\/wp\/v2\/media\/157099"}],"wp:attachment":[{"href":"https:\/\/www.tgrthaber.com\/mavikadin\/wp-json\/wp\/v2\/media?parent=155897"}],"wp:term":[{"taxonomy":"category","embeddable":true,"href":"https:\/\/www.tgrthaber.com\/mavikadin\/wp-json\/wp\/v2\/categories?post=155897"},{"taxonomy":"post_tag","embeddable":true,"href":"https:\/\/www.tgrthaber.com\/mavikadin\/wp-json\/wp\/v2\/tags?post=155897"}],"curies":[{"name":"wp","href":"https:\/\/api.w.org\/{rel}","templated":true}]}}