{"id":155950,"date":"2025-04-02T12:00:00","date_gmt":"2025-04-02T09:00:00","guid":{"rendered":"https:\/\/www.tgrthaber.com\/mavikadin\/?p=155950"},"modified":"2025-04-02T12:00:00","modified_gmt":"2025-04-02T09:00:00","slug":"alisanin-yengesi-merve-tektas-kimdir-merve-tektasin-meslegi-ne-kac-cocugu-var","status":"publish","type":"post","link":"https:\/\/www.tgrthaber.com\/mavikadin\/alisanin-yengesi-merve-tektas-kimdir-merve-tektasin-meslegi-ne-kac-cocugu-var\/","title":{"rendered":"Ali\u015fan&#8217;\u0131n yengesi Merve Tekta\u015f kimdir? Merve Tekta\u015f&#8217;\u0131n mesle\u011fi ne, ka\u00e7 \u00e7ocu\u011fu var?"},"content":{"rendered":"<p class=\"p1\">Magazin camias\u0131 bu kez dikkatini Ali\u015fan\u2019\u0131n yengesi Merve Tekta\u015f\u2019a \u00e7evirdi. Son g\u00fcnlerde hakk\u0131nda \u00e7\u0131kan evlilik iddialar\u0131yla sosyal medyada konu\u015fulan Tekta\u015f, sessizli\u011fini bozarak iddialara net bir cevap vermi\u015fti. Sert ifadeler kullanan Tekta\u015f, spek\u00fclasyonlara kar\u015f\u0131 tepkisini a\u00e7\u0131k\u00e7a ortaya koydu. G\u00fcndeme oturan bu geli\u015fmeyle birlikte kamuoyunun ilgisi bir kez daha onun \u00f6zel ya\u015fam\u0131na y\u00f6neldi. &#8216;Ali\u015fan\u2019\u0131n yengesi Merve Tekta\u015f kimdir?&#8217;, &#8216;Ka\u00e7 \u00e7ocu\u011fu var?&#8217;, &#8216;Mesle\u011fi nedir?&#8217; gibi sorular yeniden merak konusu haline geldi. Merve Tekta\u015f&#8217;\u0131n ya\u015fam\u0131 ve kariyeriyle ilgili detaylar, sosyal medya kullan\u0131c\u0131lar\u0131n\u0131n radar\u0131na girmi\u015f durumda. \u0130\u015fte detaylar..<\/p>\n<h3>AL\u0130\u015eAN&#8217;IN YENGES\u0130 MERVE TEKTA\u015e K\u0130MD\u0130R?<\/h3>\n<p class=\"p1\">Merve Tekta\u015f, 1986 do\u011fumlu olan Merve Tekta\u015f, gen\u00e7 ya\u015flardan itibaren moda d\u00fcnyas\u0131na ilgi duymu\u015f ve bu alanda e\u011fitim alarak profesyonel bir yol \u00e7izmi\u015ftir. Evlili\u011finden \u00f6nce &#8216;Pehlivan&#8217; soyad\u0131n\u0131 ta\u015f\u0131yan Merve, tasar\u0131m yetene\u011fiyle \u00e7evresinde tan\u0131nan bir isim haline gelmi\u015ftir. 2009 y\u0131l\u0131nda, m\u00fczik sekt\u00f6r\u00fcnde tan\u0131nan sanat\u00e7\u0131 Ali\u015fan\u2019\u0131n karde\u015fi Sel\u00e7uk Tekta\u015f ile hayat\u0131n\u0131 birle\u015ftirmi\u015ftir. Bu \u00f6zel g\u00fcnlerinde, sahne ve ekran d\u00fcnyas\u0131n\u0131n bir\u00e7ok \u00fcnl\u00fc ismi onlar\u0131n mutlulu\u011funa ortak olmu\u015ftur. \u0130brahim Tatl\u0131ses ve \u00c7a\u011fla \u015eikel nik\u00e2h \u015fahitli\u011fi yaparken, Hakan Altun ve Ceylan gibi sanat\u00e7\u0131lar da davetliler aras\u0131nda yer alm\u0131\u015ft\u0131r.<\/p>\n<p><img loading=\"lazy\" decoding=\"async\" class=\"alignnone wp-image-155952 size-full\" src=\"https:\/\/www.tgrthaber.com\/mavikadin\/wp-content\/uploads\/Ekran-Resmi-2025-04-02-11.52.31.png\" alt=\"\" width=\"994\" height=\"662\" title=\"\" srcset=\"https:\/\/www.tgrthaber.com\/mavikadin\/wp-content\/uploads\/Ekran-Resmi-2025-04-02-11.52.31.png 994w, https:\/\/www.tgrthaber.com\/mavikadin\/wp-content\/uploads\/Ekran-Resmi-2025-04-02-11.52.31-300x200.png 300w, https:\/\/www.tgrthaber.com\/mavikadin\/wp-content\/uploads\/Ekran-Resmi-2025-04-02-11.52.31-768x511.png 768w\" sizes=\"(max-width: 994px) 100vw, 994px\" \/><\/p>\n<hr \/>\n<h3>MERVE TEKTA\u015e&#8217;IN MESLE\u011e\u0130 NE, KA\u00c7 \u00c7OCU\u011eU VAR?<\/h3>\n<p class=\"p1\">Evlenmelerinin ard\u0131ndan samimi ve uyumlu halleriyle dikkat \u00e7eken \u00e7ift, sosyal medyada da b\u00fcy\u00fck ilgi g\u00f6rm\u00fc\u015ft\u00fcr. \u0130ki k\u0131z \u00e7ocuklar\u0131yla birlikte g\u00f6zlerden uzak, huzurlu bir hayat s\u00fcren Merve Tekta\u015f, aile ya\u015fam\u0131n\u0131 bas\u0131ndan uzak tutmay\u0131 tercih etmi\u015ftir. Ancak, sosyal medya hesab\u0131ndan payla\u015ft\u0131\u011f\u0131 \u00f6zg\u00fcn moda i\u00e7erikleri sayesinde geni\u015f bir takip\u00e7i kitlesine ula\u015fm\u0131\u015ft\u0131r. Zarif tarz\u0131 ve duru\u015fuyla be\u011feni toplayan Tekta\u015f, \u00f6zel hayat\u0131yla oldu\u011fu kadar estetik bak\u0131\u015f a\u00e7\u0131s\u0131yla da dikkat \u00e7ekmektedir.<\/p>\n<p><img loading=\"lazy\" decoding=\"async\" class=\"alignnone wp-image-155953 \" src=\"https:\/\/www.tgrthaber.com\/mavikadin\/wp-content\/uploads\/Ekran-Resmi-2025-04-02-11.52.42.png\" alt=\"\" width=\"992\" height=\"1173\" title=\"\" srcset=\"https:\/\/www.tgrthaber.com\/mavikadin\/wp-content\/uploads\/Ekran-Resmi-2025-04-02-11.52.42.png 526w, https:\/\/www.tgrthaber.com\/mavikadin\/wp-content\/uploads\/Ekran-Resmi-2025-04-02-11.52.42-254x300.png 254w\" sizes=\"(max-width: 992px) 100vw, 992px\" \/><\/p>\n<hr \/>\n<h3 class=\"p1\">EVL\u0130L\u0130K A\u00c7IKLAMASI G\u00dcNDEM OLMU\u015eTU<\/h3>\n<p class=\"p1\">Merve Tekta\u015f, \u00f6zel hayat\u0131yla ilgili konu\u015fmaktan her zaman ka\u00e7\u0131nd\u0131\u011f\u0131n\u0131 belirtmi\u015f ve yapt\u0131\u011f\u0131 a\u00e7\u0131klaman\u0131n tamamen \u00e7ocuklar\u0131n\u0131 koruma amac\u0131 ta\u015f\u0131d\u0131\u011f\u0131n\u0131 ifade etmi\u015fti. Sosyal medyada dola\u015fan evlilik s\u00f6ylentilerine net bir cevap veren Tekta\u015f, &#8216;Evlenmiyorum dostlar&#8217; diyerek \u00e7\u0131kan haberlerin ger\u00e7ekle ilgisi olmad\u0131\u011f\u0131n\u0131 a\u00e7\u0131k\u00e7a dile getirmi\u015fti.<\/p>\n<p><img loading=\"lazy\" decoding=\"async\" class=\"alignnone wp-image-155954 size-large\" src=\"https:\/\/www.tgrthaber.com\/mavikadin\/wp-content\/uploads\/Ekran-Resmi-2025-04-02-11.52.59-1024x761.png\" alt=\"\" width=\"1024\" height=\"761\" title=\"\" srcset=\"https:\/\/www.tgrthaber.com\/mavikadin\/wp-content\/uploads\/Ekran-Resmi-2025-04-02-11.52.59-1024x761.png 1024w, https:\/\/www.tgrthaber.com\/mavikadin\/wp-content\/uploads\/Ekran-Resmi-2025-04-02-11.52.59-300x223.png 300w, https:\/\/www.tgrthaber.com\/mavikadin\/wp-content\/uploads\/Ekran-Resmi-2025-04-02-11.52.59-768x571.png 768w, https:\/\/www.tgrthaber.com\/mavikadin\/wp-content\/uploads\/Ekran-Resmi-2025-04-02-11.52.59.png 1066w\" sizes=\"(max-width: 1024px) 100vw, 1024px\" \/><\/p>\n<hr \/>\n<p class=\"p1\">Kendisini magazinle \u00f6zde\u015fle\u015ftirmek isteyen yakla\u015f\u0131mlardan rahats\u0131z oldu\u011funu belirten Tekta\u015f, sosyal medyay\u0131 yaln\u0131zca g\u00fcndelik ya\u015fam\u0131ndan kareler payla\u015fmak i\u00e7in kulland\u0131\u011f\u0131n\u0131 vurgulad\u0131. Takip\u00e7ilerinden gelen mesajlar\u0131n b\u00fcy\u00fck b\u00f6l\u00fcm\u00fcn\u00fcn i\u00e7ten, sevgi dolu ve dualarla s\u00fcsl\u00fc oldu\u011funu s\u00f6yleyerek bu samimi ilgiden duydu\u011fu memnuniyeti dile getirdi. Ancak iyi niyet ta\u015f\u0131mayan yorumlara kar\u015f\u0131 mesafesini korudu\u011funu da a\u00e7\u0131k\u00e7a ifade etti. Payla\u015f\u0131m\u0131n\u0131n sonunda, destek veren herkese te\u015fekk\u00fcr ederek, hayat\u0131n\u0131 magazin fig\u00fcr\u00fc olarak de\u011fil, kendi de\u011ferleriyle s\u00fcrd\u00fcrmek istedi\u011fini vurgulad\u0131.<\/p>\n","protected":false},"excerpt":{"rendered":"<p>Merve Tekta\u015f, evlilik s\u00f6ylentileriyle yeniden sosyal medyan\u0131n oda\u011f\u0131na yerle\u015fti. Sessizli\u011fini bozan Tekta\u015f, \u00e7\u0131kan haberleri yalanlayarak net bir tav\u0131r sergiledi. Bu a\u00e7\u0131klaman\u0131n ard\u0131ndan \u00f6zel hayat\u0131 ve ge\u00e7mi\u015fi, takip\u00e7ilerin ve magazin g\u00fcndeminin en \u00e7ok merak etti\u011fi konulardan biri oldu.<\/p>\n","protected":false},"author":16,"featured_media":155955,"comment_status":"closed","ping_status":"closed","sticky":false,"template":"","format":"standard","meta":{"rank_math_lock_modified_date":false,"footnotes":""},"categories":[491],"tags":[],"class_list":["post-155950","post","type-post","status-publish","format-standard","has-post-thumbnail","hentry","category-biyografi"],"_links":{"self":[{"href":"https:\/\/www.tgrthaber.com\/mavikadin\/wp-json\/wp\/v2\/posts\/155950"}],"collection":[{"href":"https:\/\/www.tgrthaber.com\/mavikadin\/wp-json\/wp\/v2\/posts"}],"about":[{"href":"https:\/\/www.tgrthaber.com\/mavikadin\/wp-json\/wp\/v2\/types\/post"}],"author":[{"embeddable":true,"href":"https:\/\/www.tgrthaber.com\/mavikadin\/wp-json\/wp\/v2\/users\/16"}],"replies":[{"embeddable":true,"href":"https:\/\/www.tgrthaber.com\/mavikadin\/wp-json\/wp\/v2\/comments?post=155950"}],"version-history":[{"count":1,"href":"https:\/\/www.tgrthaber.com\/mavikadin\/wp-json\/wp\/v2\/posts\/155950\/revisions"}],"predecessor-version":[{"id":155956,"href":"https:\/\/www.tgrthaber.com\/mavikadin\/wp-json\/wp\/v2\/posts\/155950\/revisions\/155956"}],"wp:featuredmedia":[{"embeddable":true,"href":"https:\/\/www.tgrthaber.com\/mavikadin\/wp-json\/wp\/v2\/media\/155955"}],"wp:attachment":[{"href":"https:\/\/www.tgrthaber.com\/mavikadin\/wp-json\/wp\/v2\/media?parent=155950"}],"wp:term":[{"taxonomy":"category","embeddable":true,"href":"https:\/\/www.tgrthaber.com\/mavikadin\/wp-json\/wp\/v2\/categories?post=155950"},{"taxonomy":"post_tag","embeddable":true,"href":"https:\/\/www.tgrthaber.com\/mavikadin\/wp-json\/wp\/v2\/tags?post=155950"}],"curies":[{"name":"wp","href":"https:\/\/api.w.org\/{rel}","templated":true}]}}