{"id":155957,"date":"2025-04-02T12:19:57","date_gmt":"2025-04-02T09:19:57","guid":{"rendered":"https:\/\/www.tgrthaber.com\/mavikadin\/?p=155957"},"modified":"2025-04-02T12:19:57","modified_gmt":"2025-04-02T09:19:57","slug":"osman-muftuoglu-kac-yasinda-osman-muftuoglu-evli-mi-kac-cocugu-var","status":"publish","type":"post","link":"https:\/\/www.tgrthaber.com\/mavikadin\/osman-muftuoglu-kac-yasinda-osman-muftuoglu-evli-mi-kac-cocugu-var\/","title":{"rendered":"Osman M\u00fcft\u00fco\u011flu ka\u00e7 ya\u015f\u0131nda? Osman M\u00fcft\u00fco\u011flu evli mi, ka\u00e7 \u00e7ocu\u011fu var?"},"content":{"rendered":"<p class=\"p1\">Sa\u011fl\u0131kl\u0131 ya\u015fam \u00fczerine kaleme ald\u0131\u011f\u0131 yaz\u0131lar ve bilimsel temelli \u00f6nerileriyle geni\u015f bir kitleye ula\u015fan Prof. Dr. Osman M\u00fcft\u00fco\u011flu, modern t\u0131bb\u0131n rehberli\u011finde ya\u015fam kalitesini art\u0131rmay\u0131 ama\u00e7layan \u00f6nemli \u00e7al\u0131\u015fmalara imza atm\u0131\u015ft\u0131r. \u00d6zellikle hastal\u0131klardan korunmak i\u00e7in hangi besinlerin tercih edilmesi gerekti\u011fini anlatan kitaplar\u0131yla tan\u0131nan M\u00fcft\u00fco\u011flu, medyada s\u0131k s\u0131k sa\u011fl\u0131k dan\u0131\u015fman\u0131 kimli\u011fiyle yer al\u0131yor. Hem akademik hem de pratik bilgiye dayal\u0131 yakla\u015f\u0131m\u0131yla dikkat \u00e7eken M\u00fcft\u00fco\u011flu, okuyucular\u0131na dengeli ya\u015fam\u0131n ipu\u00e7lar\u0131n\u0131 sunuyor. Peki sa\u011fl\u0131kl\u0131 ya\u015fam\u0131n p\u00fcf noktalar\u0131, hastal\u0131klardan korunmak i\u00e7in t\u00fcketilmesi gereken besin re\u00e7eteleri gibi bir\u00e7ok konuda kitap yazan Osman M\u00fcft\u00fco\u011flu kimdir, ka\u00e7 ya\u015f\u0131nda? Evli mi? \u0130\u015fte detaylar.. <b><\/b><\/p>\n<h3 class=\"p1\"><b>OSMAN M\u00dcFT\u00dcO\u011eLU K\u0130MD\u0130R, KA\u00c7 YA\u015eINDA? <\/b><\/h3>\n<p class=\"p3\">Prof. Dr. Osman M\u00fcft\u00fco\u011flu, 10 May\u0131s 1955\u2019te Mersin\u2019in Anamur il\u00e7esinde do\u011fmu\u015ftur. Gen\u00e7lik y\u0131llar\u0131nda m\u00fczi\u011fe duydu\u011fu ilgiyle dikkat \u00e7eken M\u00fcft\u00fco\u011flu, lise d\u00f6neminde bir orkestrada profesyonel olarak sahne alm\u0131\u015ft\u0131r. 1972 y\u0131l\u0131nda Anamur Lisesi\u2019nden mezun olmu\u015f, ard\u0131ndan 1978\u2019de Ankara \u00dcniversitesi T\u0131p Fak\u00fcltesi\u2019ni ba\u015far\u0131yla tamamlam\u0131\u015ft\u0131r. Uzmanl\u0131k e\u011fitimini 1984 y\u0131l\u0131nda i\u00e7 hastal\u0131klar\u0131 alan\u0131nda alarak t\u0131p kariyerine sa\u011flam bir ad\u0131m atm\u0131\u015ft\u0131r.<\/p>\n<p><img loading=\"lazy\" decoding=\"async\" class=\"alignnone wp-image-155958 \" src=\"https:\/\/www.tgrthaber.com\/mavikadin\/wp-content\/uploads\/Ekran-Resmi-2025-04-02-12.08.55.png\" alt=\"\" width=\"988\" height=\"571\" title=\"\" srcset=\"https:\/\/www.tgrthaber.com\/mavikadin\/wp-content\/uploads\/Ekran-Resmi-2025-04-02-12.08.55.png 934w, https:\/\/www.tgrthaber.com\/mavikadin\/wp-content\/uploads\/Ekran-Resmi-2025-04-02-12.08.55-300x173.png 300w, https:\/\/www.tgrthaber.com\/mavikadin\/wp-content\/uploads\/Ekran-Resmi-2025-04-02-12.08.55-768x444.png 768w\" sizes=\"(max-width: 988px) 100vw, 988px\" \/><\/p>\n<hr \/>\n<p class=\"p3\">Mecburi hizmet g\u00f6revlendirmesi Rize\u2019nin Pazar il\u00e7esine \u00e7\u0131ksa da, e\u015finin Ankara Mamak Belediyesi\u2019nde \u00e7al\u0131\u015fmas\u0131 nedeniyle g\u00f6revini Ankara Numune Hastanesi\u2019nde s\u00fcrd\u00fcrm\u00fc\u015ft\u00fcr. Amerika\u2019da metabolizma hastal\u0131klar\u0131 \u00fczerine doktora yapm\u0131\u015f ilk T\u00fcrk hekimlerden biri olan Saliha Yal\u00e7\u0131n\u2019\u0131n yan\u0131nda ba\u015fasistanl\u0131k g\u00f6revini \u00fcstlenmi\u015ftir.<\/p>\n<p><img loading=\"lazy\" decoding=\"async\" class=\"alignnone wp-image-155959 \" src=\"https:\/\/www.tgrthaber.com\/mavikadin\/wp-content\/uploads\/Ekran-Resmi-2025-04-02-12.09.01.png\" alt=\"\" width=\"988\" height=\"606\" title=\"\" srcset=\"https:\/\/www.tgrthaber.com\/mavikadin\/wp-content\/uploads\/Ekran-Resmi-2025-04-02-12.09.01.png 916w, https:\/\/www.tgrthaber.com\/mavikadin\/wp-content\/uploads\/Ekran-Resmi-2025-04-02-12.09.01-300x184.png 300w, https:\/\/www.tgrthaber.com\/mavikadin\/wp-content\/uploads\/Ekran-Resmi-2025-04-02-12.09.01-768x471.png 768w\" sizes=\"(max-width: 988px) 100vw, 988px\" \/><\/p>\n<hr \/>\n<p class=\"p3\">1993 ile 2001 y\u0131llar\u0131 aras\u0131nda Ankara Numune Hastanesi\u2019nde ba\u015fhekimlik g\u00f6revini y\u00fcr\u00fctm\u00fc\u015f; ayn\u0131 d\u00f6nemde Cumhurba\u015fkanl\u0131\u011f\u0131 sa\u011fl\u0131k ba\u015fdan\u0131\u015fman\u0131 olarak da g\u00f6rev alm\u0131\u015ft\u0131r. 1991\u2019den itibaren S\u00fcleyman Demirel\u2019in \u00f6zel doktorlu\u011funu \u00fcstlenmi\u015ftir. 2003 y\u0131l\u0131nda kendi iste\u011fiyle emekli olmu\u015f, fakat mesle\u011fine &#8216;Ya\u015fas\u0131n Hayat Klini\u011fi&#8217; ile devam etmi\u015ftir. Sa\u011fl\u0131kl\u0131 ya\u015fam konusundaki kitaplar\u0131 geni\u015f ilgi g\u00f6rm\u00fc\u015f, defalarca bask\u0131 yapm\u0131\u015ft\u0131r.<\/p>\n<h3>OSMAN M\u00dcFT\u00dcO\u011eLU EVL\u0130 M\u0130, \u00c7OCUKLARI VAR MI?<\/h3>\n<p class=\"p1\">Prof. Dr. Osman M\u00fcft\u00fco\u011flu, 1981 y\u0131l\u0131nda Mihriban Han\u0131m ile evlenmi\u015ftir. Bu evlilikten Merve ve Ra\u015fit ad\u0131nda iki \u00e7ocu\u011fu bulunmaktad\u0131r.<span class=\"Apple-converted-space\">\u00a0 <\/span>Aile ya\u015fam\u0131na b\u00fcy\u00fck \u00f6nem veren M\u00fcft\u00fco\u011flu, \u00e7ocuklar\u0131yla olan ili\u015fkilerinde e\u015fi Mihriban Han\u0131m\u2019\u0131n \u00f6nemli bir rol oynad\u0131\u011f\u0131n\u0131 belirtmi\u015ftir. Kendisini daha kuralc\u0131 bir baba olarak tan\u0131mlayan M\u00fcft\u00fco\u011flu, \u00e7ocuklar\u0131na y\u00f6nelik telkin ve tavsiyelerini genellikle e\u015fi arac\u0131l\u0131\u011f\u0131yla iletti\u011fini ifade etmi\u015ftir.<\/p>\n<p><img loading=\"lazy\" decoding=\"async\" class=\"alignnone wp-image-155961 \" src=\"https:\/\/www.tgrthaber.com\/mavikadin\/wp-content\/uploads\/Ekran-Resmi-2025-04-02-12.15.23.png\" alt=\"\" width=\"989\" height=\"606\" title=\"\" srcset=\"https:\/\/www.tgrthaber.com\/mavikadin\/wp-content\/uploads\/Ekran-Resmi-2025-04-02-12.15.23.png 966w, https:\/\/www.tgrthaber.com\/mavikadin\/wp-content\/uploads\/Ekran-Resmi-2025-04-02-12.15.23-300x184.png 300w, https:\/\/www.tgrthaber.com\/mavikadin\/wp-content\/uploads\/Ekran-Resmi-2025-04-02-12.15.23-768x471.png 768w\" sizes=\"(max-width: 989px) 100vw, 989px\" \/><\/p>\n<hr \/>\n<h3 class=\"p3\">OSMAN M\u00dcFT\u00dcO\u011eLU K\u0130TAPLARI<\/h3>\n<p class=\"p3\">2000 &#8211; \u00c7ay Bir Mucizedir<\/p>\n<p class=\"p3\">2003 &#8211; Ya\u015fas\u0131n Hayat<\/p>\n<p class=\"p3\">2004 &#8211; Hafifleyin Gen\u00e7le\u015fin<\/p>\n<p class=\"p3\">2005 &#8211; Hayat Bilgisi &#8220;Ya\u015fas\u0131n Hayat 3&#8221;<\/p>\n<p class=\"p3\">2007 &#8211; Mutlu Ya\u015fama Sanat\u0131<\/p>\n<p class=\"p3\">2008 &#8211; Sil Ba\u015ftan: Derin G\u00fczellik \u201cDermantoloji\u201d<\/p>\n<p><img loading=\"lazy\" decoding=\"async\" class=\"alignnone wp-image-155960 \" src=\"https:\/\/www.tgrthaber.com\/mavikadin\/wp-content\/uploads\/Ekran-Resmi-2025-04-02-12.09.10.png\" alt=\"\" width=\"992\" height=\"604\" title=\"\" srcset=\"https:\/\/www.tgrthaber.com\/mavikadin\/wp-content\/uploads\/Ekran-Resmi-2025-04-02-12.09.10.png 930w, https:\/\/www.tgrthaber.com\/mavikadin\/wp-content\/uploads\/Ekran-Resmi-2025-04-02-12.09.10-300x183.png 300w, https:\/\/www.tgrthaber.com\/mavikadin\/wp-content\/uploads\/Ekran-Resmi-2025-04-02-12.09.10-768x467.png 768w\" sizes=\"(max-width: 992px) 100vw, 992px\" \/><\/p>\n<hr \/>\n<p class=\"p3\">2008 &#8211; Sil Ba\u015ftan: Ya\u015fas\u0131n Yemek \u201cBeslenme ve Kilo Y\u00f6netimi\u201d<\/p>\n<p class=\"p3\">2008 &#8211; Sil Ba\u015ftan: Ya\u015fam Re\u00e7eteleri<\/p>\n<p class=\"p3\">2009 &#8211; Kolay Diyet<\/p>\n<p class=\"p3\">2010 &#8211; \u0130kinci Hayat<\/p>\n<p class=\"p3\">2013 &#8211; Prof. Dr. Osman M\u00fcft\u00fco\u011flu \u0130le Sil Ba\u015ftan (3 Kitap Tak\u0131m)<\/p>\n<p class=\"p3\">2013 &#8211; Hayat\u0131 Uzatman\u0131n S\u0131rlar\u0131<\/p>\n","protected":false},"excerpt":{"rendered":"<p>Sa\u011fl\u0131kl\u0131 ya\u015fam \u00fczerine yazd\u0131\u011f\u0131 kitaplarla geni\u015f bir okur kitlesine ula\u015fan isim, beslenme al\u0131\u015fkanl\u0131klar\u0131 ve ya\u015fam kalitesini art\u0131rmaya y\u00f6nelik \u00f6nerileriyle tan\u0131n\u0131yor. Medyada s\u0131k s\u0131k yer bulan a\u00e7\u0131klamalar\u0131, bilimsel temellere dayanan pratik bilgiler i\u00e7erirken, sa\u011fl\u0131kl\u0131 bir ya\u015fam i\u00e7in rehber niteli\u011fi ta\u015f\u0131yor. Peki Osman M\u00fcft\u00fco\u011flu kimdir, evli mi? \u0130\u015fte hayat\u0131na dair merak edilenler.. <\/p>\n","protected":false},"author":16,"featured_media":155962,"comment_status":"closed","ping_status":"closed","sticky":false,"template":"","format":"standard","meta":{"rank_math_lock_modified_date":false,"footnotes":""},"categories":[491],"tags":[16401,16400,16399],"class_list":["post-155957","post","type-post","status-publish","format-standard","has-post-thumbnail","hentry","category-biyografi","tag-osman-muftuoglu-evli-mi","tag-osman-muftuoglu-kac-yasinda","tag-osman-muftuoglu-kimdir"],"_links":{"self":[{"href":"https:\/\/www.tgrthaber.com\/mavikadin\/wp-json\/wp\/v2\/posts\/155957"}],"collection":[{"href":"https:\/\/www.tgrthaber.com\/mavikadin\/wp-json\/wp\/v2\/posts"}],"about":[{"href":"https:\/\/www.tgrthaber.com\/mavikadin\/wp-json\/wp\/v2\/types\/post"}],"author":[{"embeddable":true,"href":"https:\/\/www.tgrthaber.com\/mavikadin\/wp-json\/wp\/v2\/users\/16"}],"replies":[{"embeddable":true,"href":"https:\/\/www.tgrthaber.com\/mavikadin\/wp-json\/wp\/v2\/comments?post=155957"}],"version-history":[{"count":2,"href":"https:\/\/www.tgrthaber.com\/mavikadin\/wp-json\/wp\/v2\/posts\/155957\/revisions"}],"predecessor-version":[{"id":155968,"href":"https:\/\/www.tgrthaber.com\/mavikadin\/wp-json\/wp\/v2\/posts\/155957\/revisions\/155968"}],"wp:featuredmedia":[{"embeddable":true,"href":"https:\/\/www.tgrthaber.com\/mavikadin\/wp-json\/wp\/v2\/media\/155962"}],"wp:attachment":[{"href":"https:\/\/www.tgrthaber.com\/mavikadin\/wp-json\/wp\/v2\/media?parent=155957"}],"wp:term":[{"taxonomy":"category","embeddable":true,"href":"https:\/\/www.tgrthaber.com\/mavikadin\/wp-json\/wp\/v2\/categories?post=155957"},{"taxonomy":"post_tag","embeddable":true,"href":"https:\/\/www.tgrthaber.com\/mavikadin\/wp-json\/wp\/v2\/tags?post=155957"}],"curies":[{"name":"wp","href":"https:\/\/api.w.org\/{rel}","templated":true}]}}