{"id":156066,"date":"2025-04-02T15:41:16","date_gmt":"2025-04-02T12:41:16","guid":{"rendered":"https:\/\/www.tgrthaber.com\/mavikadin\/?p=156066"},"modified":"2025-04-02T15:41:15","modified_gmt":"2025-04-02T12:41:15","slug":"teskilat-yeni-sezon-devam-edecek-mi-teskilat-final-ne-zaman","status":"publish","type":"post","link":"https:\/\/www.tgrthaber.com\/mavikadin\/teskilat-yeni-sezon-devam-edecek-mi-teskilat-final-ne-zaman\/","title":{"rendered":"Te\u015fkilat yeni sezon devam edecek mi? Te\u015fkilat final ne zaman?"},"content":{"rendered":"<p>TRT 1\u2019in aksiyon ve istihbarat temal\u0131 sevilen dizisi Te\u015fkilat, yeni b\u00f6l\u00fcmleriyle ekranlara gelmeye devam ediyor. Ancak son g\u00fcnlerde diziyle ilgili \u00f6nemli bir geli\u015fme ya\u015fand\u0131. Oyuncu Ayb\u00fcke Pusat\u2019\u0131n sosyal medya \u00fczerinden yapt\u0131\u011f\u0131 boykot \u00e7a\u011fr\u0131s\u0131, dizinin yap\u0131mc\u0131lar\u0131 taraf\u0131ndan tepkiyle kar\u015f\u0131land\u0131 ve Pusat\u2019\u0131n Te\u015fkilat kadrosundan \u00e7\u0131kar\u0131lmas\u0131na neden oldu.<\/p>\n<h3>AYB\u00dcKE PUSAT KADRODAN AYRILDI!<\/h3>\n<p>Dizinin ba\u015far\u0131l\u0131 oyuncular\u0131ndan biri olan Ayb\u00fcke Pusat, sosyal medya hesaplar\u0131ndan yapt\u0131\u011f\u0131 payla\u015f\u0131mla boykot \u00e7a\u011fr\u0131s\u0131nda bulunmu\u015ftu. Bu payla\u015f\u0131m, TRT taraf\u0131ndan kurumsal ilkelerle ba\u011fda\u015fmad\u0131\u011f\u0131 gerek\u00e7esiyle ele\u015ftirildi ve Pusat\u2019\u0131n diziden ayr\u0131lmas\u0131na neden oldu. TRT Genel M\u00fcd\u00fcr\u00fc Zahid Sobac\u0131, konuyla ilgili olarak yapt\u0131\u011f\u0131 a\u00e7\u0131klamada, \u201cTe\u015fkilat dizisinde rol alan bir oyuncunun payla\u015f\u0131mlar\u0131, TRT\u2019nin kurumsal ilkeleri ile asla ba\u011fda\u015fmaz. Te\u015fkilat dizisi izleyicilerini de hayal k\u0131r\u0131kl\u0131\u011f\u0131na u\u011fratan payla\u015f\u0131mlar nedeniyle, s\u00f6z konusu ki\u015fi diziden \u00e7\u0131kar\u0131lm\u0131\u015ft\u0131r,\u201d ifadelerini kulland\u0131.<\/p>\n<p><img loading=\"lazy\" decoding=\"async\" class=\"alignnone wp-image-156079\" src=\"https:\/\/www.tgrthaber.com\/mavikadin\/wp-content\/uploads\/4-499.png\" alt=\"\" width=\"1208\" height=\"680\" title=\"\" srcset=\"https:\/\/www.tgrthaber.com\/mavikadin\/wp-content\/uploads\/4-499.png 1280w, https:\/\/www.tgrthaber.com\/mavikadin\/wp-content\/uploads\/4-499-300x169.png 300w, https:\/\/www.tgrthaber.com\/mavikadin\/wp-content\/uploads\/4-499-1024x576.png 1024w, https:\/\/www.tgrthaber.com\/mavikadin\/wp-content\/uploads\/4-499-768x432.png 768w\" sizes=\"(max-width: 1208px) 100vw, 1208px\" \/><\/p>\n<hr \/>\n<p>Bu geli\u015fmenin ard\u0131ndan sosyal medyada konu b\u00fcy\u00fck yank\u0131 uyand\u0131. Pusat\u2019a destek verenler kadar, TRT\u2019nin karar\u0131n\u0131 do\u011fru bulanlar da oldu. Ayr\u0131ca, Pusat\u2019a destek veren senarist Ali Ayd\u0131n\u2019\u0131n yazd\u0131\u011f\u0131 Rumi adl\u0131 dizinin de TRT\u2019nin dijital platformu Tabii\u2019den kald\u0131r\u0131ld\u0131\u011f\u0131 \u00f6\u011frenildi.<\/p>\n<h3>TE\u015eK\u0130LAT F\u0130NAL M\u0130 YAPACAK?<\/h3>\n<p>Ya\u015fanan bu geli\u015fmelere ra\u011fmen Te\u015fkilat dizisinin yeni sezonu ve devam edip etmeyece\u011fiyle ilgili izleyicilerin merak\u0131 s\u00fcr\u00fcyor. Dizi, her pazar ak\u015fam\u0131 ekranlarda olmaya devam edecek. Ge\u00e7mi\u015f sezonlara bak\u0131ld\u0131\u011f\u0131nda, Te\u015fkilat genellikle Haziran ay\u0131nda sezon finali yapm\u0131\u015ft\u0131. Bu nedenle, 2025 sezonunun da benzer bir tarihte sezon finali yapmas\u0131 bekleniyor.<\/p>\n<p>Yeni sezonla ilgili TRT\u2019den resmi bir final a\u00e7\u0131klamas\u0131 gelmedi. Ancak Te\u015fkilat\u2019\u0131n reytinglerdeki ba\u015far\u0131s\u0131 ve izleyici ilgisi g\u00f6z \u00f6n\u00fcne al\u0131nd\u0131\u011f\u0131nda, dizinin \u015fimdilik final yapma ihtimali olmad\u0131\u011f\u0131 belirtiliyor.<\/p>\n<p><img loading=\"lazy\" decoding=\"async\" class=\"alignnone wp-image-156077\" src=\"https:\/\/www.tgrthaber.com\/mavikadin\/wp-content\/uploads\/2-611.png\" alt=\"\" width=\"1208\" height=\"680\" title=\"\" srcset=\"https:\/\/www.tgrthaber.com\/mavikadin\/wp-content\/uploads\/2-611.png 1280w, https:\/\/www.tgrthaber.com\/mavikadin\/wp-content\/uploads\/2-611-300x169.png 300w, https:\/\/www.tgrthaber.com\/mavikadin\/wp-content\/uploads\/2-611-1024x576.png 1024w, https:\/\/www.tgrthaber.com\/mavikadin\/wp-content\/uploads\/2-611-768x432.png 768w\" sizes=\"(max-width: 1208px) 100vw, 1208px\" \/><\/p>\n<hr \/>\n<h3>TE\u015eK\u0130LATIN SON B\u00d6L\u00dcM\u00dcNDE NE OLDU?<\/h3>\n<p>Te\u015fkilat\u2019\u0131n son b\u00f6l\u00fcm\u00fcnde aksiyon ve gerilim dolu sahneler izleyicileri ekrana kilitledi. Ekip, uluslararas\u0131 casusluk a\u011f\u0131na kar\u015f\u0131 b\u00fcy\u00fck bir operasyon d\u00fczenlerken, liderleri Serdar kritik bir karar vermek zorunda kald\u0131. D\u00fc\u015fman taraf\u0131n i\u00e7ine s\u0131zma plan\u0131nda beklenmedik geli\u015fmeler ya\u015fan\u0131rken, ekip \u00e7ok say\u0131da tehditle kar\u015f\u0131 kar\u015f\u0131ya geldi.<\/p>\n<p>Dizinin yeni b\u00f6l\u00fcm\u00fc ise 6 Nisan 2025 tarihinde yay\u0131nlanacak. Fragmanda, ekibin b\u00fcy\u00fck bir operasyon i\u00e7in harekete ge\u00e7ti\u011fi ve Serdar\u2019\u0131n hayati bir karar alaca\u011f\u0131 g\u00f6r\u00fcl\u00fcyor.<\/p>\n<p><img loading=\"lazy\" decoding=\"async\" class=\"alignnone wp-image-156076\" src=\"https:\/\/www.tgrthaber.com\/mavikadin\/wp-content\/uploads\/1-573.png\" alt=\"\" width=\"1208\" height=\"680\" title=\"\" srcset=\"https:\/\/www.tgrthaber.com\/mavikadin\/wp-content\/uploads\/1-573.png 1280w, https:\/\/www.tgrthaber.com\/mavikadin\/wp-content\/uploads\/1-573-300x169.png 300w, https:\/\/www.tgrthaber.com\/mavikadin\/wp-content\/uploads\/1-573-1024x576.png 1024w, https:\/\/www.tgrthaber.com\/mavikadin\/wp-content\/uploads\/1-573-768x432.png 768w\" sizes=\"(max-width: 1208px) 100vw, 1208px\" \/><\/p>\n<hr \/>\n<p>Te\u015fkilat dizisi, ya\u015fanan son olaylara ra\u011fmen yay\u0131n hayat\u0131na devam ediyor. TRT\u2019nin resmi a\u00e7\u0131klamalar\u0131na g\u00f6re dizinin final yapmas\u0131 planlanm\u0131yor ve yeni sezon da ekranlarda olaca\u011f\u0131 bekleniyor. Ancak Ayb\u00fcke Pusat\u2019\u0131n ayr\u0131lmas\u0131 dizinin hayranlar\u0131 aras\u0131nda farkl\u0131 yorumlara neden oldu. Yeni sezonun nas\u0131l ilerleyece\u011fi ve hikayeye hangi karakterlerin dahil olaca\u011f\u0131 merakla bekleniyor.<\/p>\n","protected":false},"excerpt":{"rendered":"<p>TRT 1\u2019in sevilen dizisi Te\u015fkilat, aksiyon dolu sahneleriyle izleyicileri ekrana kilitlemeye devam ediyor. Ancak son g\u00fcnlerde, ba\u015frol oyuncular\u0131ndan Ayb\u00fcke Pusat\u2019\u0131n diziden ayr\u0131lmas\u0131 g\u00fcndeme bomba gibi d\u00fc\u015ft\u00fc. Peki, Te\u015fkilat yeni sezonda devam edecek mi, yoksa final mi yapacak? \u0130\u015fte merak edilen t\u00fcm detaylar\u2026<\/p>\n","protected":false},"author":28,"featured_media":156078,"comment_status":"closed","ping_status":"closed","sticky":false,"template":"","format":"standard","meta":{"rank_math_lock_modified_date":true,"footnotes":""},"categories":[602],"tags":[2806,840,16440,16439,16438],"class_list":["post-156066","post","type-post","status-publish","format-standard","has-post-thumbnail","hentry","category-diziler","tag-aybuke-pusat","tag-teskilat","tag-teskilat-devam-edecek-mi","tag-teskilat-final-mi","tag-teskilat-yeni-sezon-ne-zaman"],"_links":{"self":[{"href":"https:\/\/www.tgrthaber.com\/mavikadin\/wp-json\/wp\/v2\/posts\/156066"}],"collection":[{"href":"https:\/\/www.tgrthaber.com\/mavikadin\/wp-json\/wp\/v2\/posts"}],"about":[{"href":"https:\/\/www.tgrthaber.com\/mavikadin\/wp-json\/wp\/v2\/types\/post"}],"author":[{"embeddable":true,"href":"https:\/\/www.tgrthaber.com\/mavikadin\/wp-json\/wp\/v2\/users\/28"}],"replies":[{"embeddable":true,"href":"https:\/\/www.tgrthaber.com\/mavikadin\/wp-json\/wp\/v2\/comments?post=156066"}],"version-history":[{"count":2,"href":"https:\/\/www.tgrthaber.com\/mavikadin\/wp-json\/wp\/v2\/posts\/156066\/revisions"}],"predecessor-version":[{"id":156081,"href":"https:\/\/www.tgrthaber.com\/mavikadin\/wp-json\/wp\/v2\/posts\/156066\/revisions\/156081"}],"wp:featuredmedia":[{"embeddable":true,"href":"https:\/\/www.tgrthaber.com\/mavikadin\/wp-json\/wp\/v2\/media\/156078"}],"wp:attachment":[{"href":"https:\/\/www.tgrthaber.com\/mavikadin\/wp-json\/wp\/v2\/media?parent=156066"}],"wp:term":[{"taxonomy":"category","embeddable":true,"href":"https:\/\/www.tgrthaber.com\/mavikadin\/wp-json\/wp\/v2\/categories?post=156066"},{"taxonomy":"post_tag","embeddable":true,"href":"https:\/\/www.tgrthaber.com\/mavikadin\/wp-json\/wp\/v2\/tags?post=156066"}],"curies":[{"name":"wp","href":"https:\/\/api.w.org\/{rel}","templated":true}]}}