{"id":156096,"date":"2025-04-02T16:26:52","date_gmt":"2025-04-02T13:26:52","guid":{"rendered":"https:\/\/www.tgrthaber.com\/mavikadin\/?p=156096"},"modified":"2025-04-02T16:26:52","modified_gmt":"2025-04-02T13:26:52","slug":"tugce-tayfurdan-duygulandiran-baba-paylasimi-umitsiz-bir-bekleyis-bu","status":"publish","type":"post","link":"https:\/\/www.tgrthaber.com\/mavikadin\/tugce-tayfurdan-duygulandiran-baba-paylasimi-umitsiz-bir-bekleyis-bu\/","title":{"rendered":"Tu\u011f\u00e7e Tayfur\u2019dan duyguland\u0131ran baba payla\u015f\u0131m\u0131! \u201c\u00dcmitsiz bir bekleyi\u015f bu\u201d"},"content":{"rendered":"<p>Usta sanat\u00e7\u0131 Ferdi Tayfur, 2 Ocak 2025 Per\u015fembe g\u00fcn\u00fc tedavi g\u00f6rd\u00fc\u011f\u00fc hastanede t\u00fcm m\u00fcdahalelere ra\u011fmen hayat\u0131n\u0131 kaybetmi\u015fti. Vefat haberiyle hem yak\u0131nlar\u0131n\u0131 hem de sevenlerini derin bir h\u00fczne bo\u011fan sanat\u00e7\u0131, 4 Ocak Cumartesi g\u00fcn\u00fc ise son yolculu\u011funa u\u011furlanm\u0131\u015ft\u0131. Ferdi Tayfur\u2019un vefat\u0131n\u0131n ard\u0131ndan karde\u015fler ve ye\u011fenler aras\u0131nda miras tart\u0131\u015fmalar\u0131 \u00e7\u0131km\u0131\u015f ve bu konu magazin d\u00fcnyas\u0131n\u0131n g\u00fcndemine bomba gibi oturmu\u015ftu. Ferdi Tayfur\u2019un Necla Naz\u0131r ile birlikteli\u011finden d\u00fcnyaya gelen k\u0131z\u0131 Tu\u011f\u00e7e Tayfur\u2019dan duygusal baba payla\u015f\u0131m\u0131 geldi. Tu\u011f\u00e7e Tayfur, sosyal medya hesab\u0131ndan babas\u0131yla birlikte oldu\u011fu yeni bir foto\u011fraf payla\u015ft\u0131. \u0130\u015fte Tu\u011f\u00e7e Tayfur\u2019un babas\u0131 ile olan yeni payla\u015f\u0131m\u0131\u2026<\/p>\n<h3>TU\u011e\u00c7E TAYFUR\u2019DAN DUYGUSAL BABA PAYLA\u015eIMI!<\/h3>\n<p>Usta sanat\u00e7\u0131 Ferdi Tayfur ge\u00e7ti\u011fimiz aylarda 2 Ocak 2025 Per\u015fembe g\u00fcn\u00fc Antalya\u2019da tedavi g\u00f6rd\u00fc\u011f\u00fc hastanede hayata g\u00f6zlerini yummu\u015ftu. 15 Aral\u0131k g\u00fcn\u00fc Marmaris\u2019teki evinde fenala\u015fan usta sanat\u00e7\u0131 apar topar hastaneye kald\u0131r\u0131lm\u0131\u015ft\u0131. Hem kalp operasyonu hem de b\u00f6brek nakli ge\u00e7iren usta sanat\u00e7\u0131, t\u00fcm m\u00fcdahalelere ra\u011fmen kurtar\u0131lamam\u0131\u015f ve hayat\u0131n\u0131 kaybetmi\u015fti.<\/p>\n<p><img loading=\"lazy\" decoding=\"async\" class=\"alignnone wp-image-156101\" src=\"https:\/\/www.tgrthaber.com\/mavikadin\/wp-content\/uploads\/Tugce-Tayfur-3-1-1024x576.jpg\" alt=\"Tu\u011f\u00e7e Tayfur\u2019dan duyguland\u0131ran baba payla\u015f\u0131m\u0131! \u201c\u00dcmitsiz bir bekleyi\u015f bu\u201d \" width=\"1208\" height=\"680\" title=\"\" srcset=\"https:\/\/www.tgrthaber.com\/mavikadin\/wp-content\/uploads\/Tugce-Tayfur-3-1-1024x576.jpg 1024w, https:\/\/www.tgrthaber.com\/mavikadin\/wp-content\/uploads\/Tugce-Tayfur-3-1-300x169.jpg 300w, https:\/\/www.tgrthaber.com\/mavikadin\/wp-content\/uploads\/Tugce-Tayfur-3-1-768x432.jpg 768w, https:\/\/www.tgrthaber.com\/mavikadin\/wp-content\/uploads\/Tugce-Tayfur-3-1-1536x864.jpg 1536w, https:\/\/www.tgrthaber.com\/mavikadin\/wp-content\/uploads\/Tugce-Tayfur-3-1.jpg 1600w\" sizes=\"(max-width: 1208px) 100vw, 1208px\" \/><\/p>\n<hr \/>\n<p>Vefat\u0131yla t\u00fcm yak\u0131nlar\u0131n\u0131 ve sevenlerini derin bir h\u00fczne bo\u011fan Ferdi Tayfur\u2019un vefat\u0131n\u0131n ard\u0131ndan aras\u0131n\u0131n bozuk oldu\u011fu k\u0131z\u0131 Tu\u011f\u00e7e Tayfur, babas\u0131n\u0131n vasiyetinde ad\u0131n\u0131n ge\u00e7memesine tepki g\u00f6stermi\u015f ve &#8220;Bu i\u015fin pe\u015fini b\u0131rakmayaca\u011f\u0131m&#8221; \u015feklinde konu\u015fmu\u015ftu. Tu\u011f\u00e7e Tayfur\u2019dan duygusal baba payla\u015f\u0131m\u0131 geldi. Tu\u011f\u00e7e Tayfur, sosyal medya hesab\u0131ndan babas\u0131yla birlikte oldu\u011fu yeni bir foto\u011fraf payla\u015ft\u0131.<\/p>\n<p><img loading=\"lazy\" decoding=\"async\" class=\"alignnone wp-image-156102\" src=\"https:\/\/www.tgrthaber.com\/mavikadin\/wp-content\/uploads\/Tugce-Tayfur-4-1-1024x576.jpg\" alt=\"Tu\u011f\u00e7e Tayfur\u2019dan duyguland\u0131ran baba payla\u015f\u0131m\u0131! \u201c\u00dcmitsiz bir bekleyi\u015f bu\u201d \" width=\"1208\" height=\"680\" title=\"\" srcset=\"https:\/\/www.tgrthaber.com\/mavikadin\/wp-content\/uploads\/Tugce-Tayfur-4-1-1024x576.jpg 1024w, https:\/\/www.tgrthaber.com\/mavikadin\/wp-content\/uploads\/Tugce-Tayfur-4-1-300x169.jpg 300w, https:\/\/www.tgrthaber.com\/mavikadin\/wp-content\/uploads\/Tugce-Tayfur-4-1-768x432.jpg 768w, https:\/\/www.tgrthaber.com\/mavikadin\/wp-content\/uploads\/Tugce-Tayfur-4-1-1536x864.jpg 1536w, https:\/\/www.tgrthaber.com\/mavikadin\/wp-content\/uploads\/Tugce-Tayfur-4-1.jpg 1600w\" sizes=\"(max-width: 1208px) 100vw, 1208px\" \/><\/p>\n<hr \/>\n<h3>\u201c\u00dcM\u0130TS\u0130Z B\u0130R BEKLEY\u0130\u015e BU\u201d<\/h3>\n<p>Ge\u00e7ti\u011fimiz haftalarda yeni ya\u015f\u0131n\u0131 kutlayan Tu\u011f\u00e7e Tayfur, bu \u00f6zel g\u00fcn\u00fcnde babas\u0131n\u0131 da anmay\u0131 unutmam\u0131\u015ft\u0131. Babas\u0131n\u0131 kaybetmesinin derin \u00fcz\u00fcnt\u00fcs\u00fc i\u00e7erisinde olan Tu\u011f\u00e7e Tayfur\u2019dan yeni bir payla\u015f\u0131m geldi. Babas\u0131 merhum sanat\u00e7\u0131 Ferdi Tayfur ile yeni bir foto\u011fraf payla\u015fan Tu\u011f\u00e7e Tayfur, payla\u015f\u0131m\u0131yla herkesi duyguland\u0131rd\u0131.<\/p>\n<p>Sosyal medya hesab\u0131ndan babas\u0131 Ferdi Tayfur ile yeni bir foto\u011fraf\u0131n\u0131 payla\u015fan Tu\u011f\u00e7e Tayfur, foto\u011fraf\u0131n alt\u0131na: \u201c\u00dcmitsiz bir bekleyi\u015f bu\u201d notunu d\u00fc\u015ft\u00fc. \u0130\u015fte Tu\u011f\u00e7e Tayfur\u2019un babas\u0131 Ferdi Tayfur ile payla\u015ft\u0131\u011f\u0131 yeni foto\u011fraf\u0131\u2026<\/p>\n<p><img loading=\"lazy\" decoding=\"async\" class=\"alignnone wp-image-156103\" src=\"https:\/\/www.tgrthaber.com\/mavikadin\/wp-content\/uploads\/Tugce-Tayfur-1-3-1024x576.jpg\" alt=\"Tu\u011f\u00e7e Tayfur\u2019dan duyguland\u0131ran baba payla\u015f\u0131m\u0131! \u201c\u00dcmitsiz bir bekleyi\u015f bu\u201d \" width=\"1208\" height=\"680\" title=\"\" srcset=\"https:\/\/www.tgrthaber.com\/mavikadin\/wp-content\/uploads\/Tugce-Tayfur-1-3-1024x576.jpg 1024w, https:\/\/www.tgrthaber.com\/mavikadin\/wp-content\/uploads\/Tugce-Tayfur-1-3-300x169.jpg 300w, https:\/\/www.tgrthaber.com\/mavikadin\/wp-content\/uploads\/Tugce-Tayfur-1-3-768x432.jpg 768w, https:\/\/www.tgrthaber.com\/mavikadin\/wp-content\/uploads\/Tugce-Tayfur-1-3-1536x864.jpg 1536w, https:\/\/www.tgrthaber.com\/mavikadin\/wp-content\/uploads\/Tugce-Tayfur-1-3.jpg 1600w\" sizes=\"(max-width: 1208px) 100vw, 1208px\" \/><\/p>\n<hr \/>\n<h3>TU\u011e\u00c7E TAYFUR\u2019UN ARDINDAN B\u0130R D\u0130\u011eER PAYLA\u015eIM \u015e\u0130R\u0130N G\u00d6ZALICI\u2019DAN GELD\u0130!<\/h3>\n<p>Ferdi Tayfur\u2019un k\u0131z\u0131 Tu\u011f\u00e7e Tayfur\u2019un babas\u0131yla birlikte olan yeni payla\u015f\u0131m\u0131n\u0131n ard\u0131ndan bir di\u011fer payla\u015f\u0131m Ferdi Tayfur\u2019un ye\u011feni \u015eirin G\u00f6zal\u0131c\u0131\u2019dan geldi.<\/p>\n<p>\u015eirin G\u00f6zal\u0131c\u0131, day\u0131s\u0131 Ferdi Tayfur ile olan foto\u011fraf\u0131n\u0131 sosyal medya hesab\u0131ndan payla\u015farak, \u015fu notu d\u00fc\u015ft\u00fc: \u201cSeni sevmem i\u00e7in dolu sebeplerim var\u2026 Sen benim can\u0131m\u0131n sol yan\u0131s\u0131n&#8230; Nurlarda uyu Kral Day\u0131m. Hani diyordun ya bize,siz benim meleklerimsiniz&#8230; Meleklerin seni \u00e7ok \u00f6zl\u00fcyor&#8230;\u201d \u0130\u015fte Ferdi Tayfur&#8217;un ye\u011feni \u015eirin G\u00f6zal\u0131c\u0131&#8217;n\u0131n sosyal medya hesab\u0131ndan yapt\u0131\u011f\u0131 payla\u015f\u0131m&#8230;<\/p>\n<p><img loading=\"lazy\" decoding=\"async\" class=\"alignnone wp-image-156104\" src=\"https:\/\/www.tgrthaber.com\/mavikadin\/wp-content\/uploads\/Tugce-Tayfur-2-1-1024x576.jpg\" alt=\"Tu\u011f\u00e7e Tayfur\u2019dan duyguland\u0131ran baba payla\u015f\u0131m\u0131! \u201c\u00dcmitsiz bir bekleyi\u015f bu\u201d \" width=\"1208\" height=\"680\" title=\"\" srcset=\"https:\/\/www.tgrthaber.com\/mavikadin\/wp-content\/uploads\/Tugce-Tayfur-2-1-1024x576.jpg 1024w, https:\/\/www.tgrthaber.com\/mavikadin\/wp-content\/uploads\/Tugce-Tayfur-2-1-300x169.jpg 300w, https:\/\/www.tgrthaber.com\/mavikadin\/wp-content\/uploads\/Tugce-Tayfur-2-1-768x432.jpg 768w, https:\/\/www.tgrthaber.com\/mavikadin\/wp-content\/uploads\/Tugce-Tayfur-2-1-1536x864.jpg 1536w, https:\/\/www.tgrthaber.com\/mavikadin\/wp-content\/uploads\/Tugce-Tayfur-2-1.jpg 1600w\" sizes=\"(max-width: 1208px) 100vw, 1208px\" \/><\/p>\n","protected":false},"excerpt":{"rendered":"<p>Arabesk m\u00fczi\u011fin usta sanat\u00e7\u0131s\u0131 Ferdi Tayfur, ge\u00e7ti\u011fimiz aylarda hayat\u0131n\u0131 kaybetmi\u015fti. Vefat haberiyle t\u00fcm sevenlerini derin bir h\u00fczne bo\u011fan Ferdi Tayfur\u2019un Necla Naz\u0131r ile birlikteli\u011finden d\u00fcnyaya gelen k\u0131z\u0131 Tu\u011f\u00e7e Tayfur\u2019dan duygusal baba payla\u015f\u0131m\u0131 geldi. Tu\u011f\u00e7e Tayfur, sosyal medya hesab\u0131ndan babas\u0131yla birlikte oldu\u011fu yeni bir foto\u011fraf payla\u015ft\u0131\u2026 <\/p>\n","protected":false},"author":26,"featured_media":156100,"comment_status":"closed","ping_status":"closed","sticky":false,"template":"","format":"standard","meta":{"rank_math_lock_modified_date":false,"footnotes":""},"categories":[76],"tags":[4326,2616,16442],"class_list":["post-156096","post","type-post","status-publish","format-standard","has-post-thumbnail","hentry","category-magazin","tag-ferdi-tayfur","tag-tugce-tayfur","tag-tugce-tayfur-ferdi-tayfur-paylasimi"],"_links":{"self":[{"href":"https:\/\/www.tgrthaber.com\/mavikadin\/wp-json\/wp\/v2\/posts\/156096"}],"collection":[{"href":"https:\/\/www.tgrthaber.com\/mavikadin\/wp-json\/wp\/v2\/posts"}],"about":[{"href":"https:\/\/www.tgrthaber.com\/mavikadin\/wp-json\/wp\/v2\/types\/post"}],"author":[{"embeddable":true,"href":"https:\/\/www.tgrthaber.com\/mavikadin\/wp-json\/wp\/v2\/users\/26"}],"replies":[{"embeddable":true,"href":"https:\/\/www.tgrthaber.com\/mavikadin\/wp-json\/wp\/v2\/comments?post=156096"}],"version-history":[{"count":2,"href":"https:\/\/www.tgrthaber.com\/mavikadin\/wp-json\/wp\/v2\/posts\/156096\/revisions"}],"predecessor-version":[{"id":156106,"href":"https:\/\/www.tgrthaber.com\/mavikadin\/wp-json\/wp\/v2\/posts\/156096\/revisions\/156106"}],"wp:featuredmedia":[{"embeddable":true,"href":"https:\/\/www.tgrthaber.com\/mavikadin\/wp-json\/wp\/v2\/media\/156100"}],"wp:attachment":[{"href":"https:\/\/www.tgrthaber.com\/mavikadin\/wp-json\/wp\/v2\/media?parent=156096"}],"wp:term":[{"taxonomy":"category","embeddable":true,"href":"https:\/\/www.tgrthaber.com\/mavikadin\/wp-json\/wp\/v2\/categories?post=156096"},{"taxonomy":"post_tag","embeddable":true,"href":"https:\/\/www.tgrthaber.com\/mavikadin\/wp-json\/wp\/v2\/tags?post=156096"}],"curies":[{"name":"wp","href":"https:\/\/api.w.org\/{rel}","templated":true}]}}