{"id":156108,"date":"2025-04-02T17:19:22","date_gmt":"2025-04-02T14:19:22","guid":{"rendered":"https:\/\/www.tgrthaber.com\/mavikadin\/?p=156108"},"modified":"2025-04-02T17:24:19","modified_gmt":"2025-04-02T14:24:19","slug":"tarihte-bizans-komutani-claudius-kimdir","status":"publish","type":"post","link":"https:\/\/www.tgrthaber.com\/mavikadin\/tarihte-bizans-komutani-claudius-kimdir\/","title":{"rendered":"Tarihte Bizans Komutan\u0131 Claudius kimdir?"},"content":{"rendered":"<p>ATV ekranlar\u0131n\u0131n reyting rekortmeni dizisi Kurulu\u015f Osman 6. sezonunda t\u00fcm h\u0131z\u0131yla yay\u0131nlanmaya devam ediyor. Yeni b\u00f6l\u00fcmleriyle izleyiciyi ekran ba\u015f\u0131na kilitleyen dizi, b\u00fcy\u00fck bir ilgiyle takip edilmeye devam ediyor. Dizi hem konusu hem de g\u00fc\u00e7l\u00fc oyuncu kadrosuyla dikkatleri \u00fczerine \u00e7ekiyor.\u00a0Oyuncu kadrosunu geni\u015fletmeye devam eden diziye yeni b\u00f6l\u00fcmde\u00a0\u201cBizans Komutan\u0131 Claudius\u201d dahil oluyor. Tayan\u00e7 Ayayd\u0131n\u2019\u0131n \u00fcstlenece\u011fi\u00a0Bizans Komutan\u0131 Claudius\u2019un kim oldu\u011fu da merakla ara\u015ft\u0131r\u0131l\u0131yor. Peki, tarihte Bizans Komutan\u0131 Claudius kimdir? Bizans Komutan\u0131 Claudius hakk\u0131nda bilinmeyenleri sizin i\u00e7in ara\u015ft\u0131rd\u0131k. \u0130\u015fte Bizans Komutan\u0131 Claudius hakk\u0131nda bilinmeyenler\u2026<\/p>\n<h3>TAR\u0130HTE B\u0130ZANS KOMUTANI CLAUD\u0130US K\u0130MD\u0130R?<\/h3>\n<p>Kurulu\u015f Osman dizisinde izleyici kar\u015f\u0131s\u0131na \u00e7\u0131kmaya haz\u0131rlanan Bizans Komutan\u0131 Claudius\u2019un M.S. 41-54 y\u0131llar\u0131 aras\u0131nda ya\u015fayan Roma imparatoru Claudius oldu\u011fu d\u00fc\u015f\u00fcn\u00fcl\u00fcyor. Claudius, Roma \u0130mparatorlu\u011fu\u2019nun d\u00f6rd\u00fcnc\u00fc imparatoru olup, \u00f6zellikle Britanya\u2019n\u0131n fethi ve imparatorluk b\u00fcrokrasisinde yapt\u0131\u011f\u0131 reformlarla tan\u0131n\u0131r.<\/p>\n<p><img loading=\"lazy\" decoding=\"async\" class=\"alignnone wp-image-156110\" src=\"https:\/\/www.tgrthaber.com\/mavikadin\/wp-content\/uploads\/Tayanc-Ayaydin-6-1-1024x576.jpg\" alt=\"Tarihte Bizans Komutan\u0131 Claudius kimdir?\" width=\"1208\" height=\"680\" title=\"\" srcset=\"https:\/\/www.tgrthaber.com\/mavikadin\/wp-content\/uploads\/Tayanc-Ayaydin-6-1-1024x576.jpg 1024w, https:\/\/www.tgrthaber.com\/mavikadin\/wp-content\/uploads\/Tayanc-Ayaydin-6-1-300x169.jpg 300w, https:\/\/www.tgrthaber.com\/mavikadin\/wp-content\/uploads\/Tayanc-Ayaydin-6-1-768x432.jpg 768w, https:\/\/www.tgrthaber.com\/mavikadin\/wp-content\/uploads\/Tayanc-Ayaydin-6-1-1536x864.jpg 1536w, https:\/\/www.tgrthaber.com\/mavikadin\/wp-content\/uploads\/Tayanc-Ayaydin-6-1.jpg 1600w\" sizes=\"(max-width: 1208px) 100vw, 1208px\" \/><\/p>\n<hr \/>\n<p>Tarihte Claudius ismi en \u00e7ok Roma \u0130mparatoru Claudius (Tiberius Claudius Caesar Augustus Germanicus) ile ili\u015fkilendirilir. Fakat Bizans \u0130mparatorlu\u011fu d\u00f6nemine ait kaynaklarda \u201cClaudius\u201d ad\u0131nda \u00f6ne \u00e7\u0131kan bir Bizans Komutan\u0131\u2019n\u0131n net olarak kim oldu\u011fu bilinmemektedir. \u015eimdilerde Kurulu\u015f Osman dizisinde, Bizans Komutan\u0131 Claudius olarak kar\u015f\u0131m\u0131za \u00e7\u0131kan karakteri ba\u015far\u0131l\u0131 oyuncu Tayan\u00e7 Ayayd\u0131n oynamaktad\u0131r. Bu karakterin, dizinin kurgusal bir unsuru oldu\u011fu ve tarihsel bir fig\u00fcre dayand\u0131\u011f\u0131 d\u00fc\u015f\u00fcn\u00fclmektedir.<\/p>\n<p><img loading=\"lazy\" decoding=\"async\" class=\"alignnone wp-image-156112\" src=\"https:\/\/www.tgrthaber.com\/mavikadin\/wp-content\/uploads\/Tayanc-Ayaydin-3-1-1024x576.jpg\" alt=\"Tarihte Bizans Komutan\u0131 Claudius kimdir?\" width=\"1208\" height=\"680\" title=\"\" srcset=\"https:\/\/www.tgrthaber.com\/mavikadin\/wp-content\/uploads\/Tayanc-Ayaydin-3-1-1024x576.jpg 1024w, https:\/\/www.tgrthaber.com\/mavikadin\/wp-content\/uploads\/Tayanc-Ayaydin-3-1-300x169.jpg 300w, https:\/\/www.tgrthaber.com\/mavikadin\/wp-content\/uploads\/Tayanc-Ayaydin-3-1-768x432.jpg 768w, https:\/\/www.tgrthaber.com\/mavikadin\/wp-content\/uploads\/Tayanc-Ayaydin-3-1-1536x864.jpg 1536w, https:\/\/www.tgrthaber.com\/mavikadin\/wp-content\/uploads\/Tayanc-Ayaydin-3-1.jpg 1600w\" sizes=\"(max-width: 1208px) 100vw, 1208px\" \/><\/p>\n<hr \/>\n<h3>CLAUD\u0130US\u2019UN HAYATI VE S\u0130YAS\u0130 KAR\u0130YER\u0130!<\/h3>\n<p>Tarihsel kay\u0131tlarda \u201cBizans Komutan\u0131 Claudius\u201d ad\u0131na sahip belirgin bir fig\u00fcr bulunmamaktad\u0131r. Fakat Claudius oldu\u011fu d\u00fc\u015f\u00fcn\u00fclen, Roma \u0130mparatorlu\u011funun d\u00f6rd\u00fcnc\u00fc imparatoru Tiberius Claudius Caesar Augustus Germanicus, J\u00fcl Sezar\u2019\u0131n ye\u011feni ve Augustus\u2019un torunu olarak kar\u015f\u0131m\u0131za \u00e7\u0131kar. Soylu bir aileden gelen Claudius\u2019un, gen\u00e7li\u011finde fiziksel rahats\u0131zl\u0131klar\u0131 ve kekemeli\u011fi nedeniyle zay\u0131f g\u00f6r\u00fcld\u00fc\u011f\u00fc ve bu y\u00fczden siyasetten uzak tutuldu\u011fu iddia ediliyor.<\/p>\n<p><img loading=\"lazy\" decoding=\"async\" class=\"alignnone wp-image-156111\" src=\"https:\/\/www.tgrthaber.com\/mavikadin\/wp-content\/uploads\/Bizans-Komutani-Claudius-1-1024x576.jpg\" alt=\"Tarihte Bizans Komutan\u0131 Claudius kimdir?\" width=\"1208\" height=\"680\" title=\"\" srcset=\"https:\/\/www.tgrthaber.com\/mavikadin\/wp-content\/uploads\/Bizans-Komutani-Claudius-1-1024x576.jpg 1024w, https:\/\/www.tgrthaber.com\/mavikadin\/wp-content\/uploads\/Bizans-Komutani-Claudius-1-300x169.jpg 300w, https:\/\/www.tgrthaber.com\/mavikadin\/wp-content\/uploads\/Bizans-Komutani-Claudius-1-768x432.jpg 768w, https:\/\/www.tgrthaber.com\/mavikadin\/wp-content\/uploads\/Bizans-Komutani-Claudius-1-1536x864.jpg 1536w, https:\/\/www.tgrthaber.com\/mavikadin\/wp-content\/uploads\/Bizans-Komutani-Claudius-1.jpg 1600w\" sizes=\"(max-width: 1208px) 100vw, 1208px\" \/><\/p>\n<hr \/>\n<p>Bizans Komutan\u0131 oldu\u011fu d\u00fc\u015f\u00fcn\u00fclen Claudius, Roma ordusunu Britanya\u2019ya g\u00f6ndererek aday\u0131 fethetti\u011fi ve Roma topraklar\u0131na katt\u0131\u011f\u0131 s\u00f6yleniyor. Claudius\u2019un, ayn\u0131 zamanda Roma\u2019n\u0131n hukuk ve idari sisteminde reformlar yaparak b\u00fcrokrasiyi geli\u015ftirdi\u011fi de biliniyor. Claudius\u2019un e\u015fi Agrippina taraf\u0131ndan zehirlenerek \u00f6ld\u00fcr\u00fcld\u00fc\u011f\u00fc iddia ediliyor. Bununla birlikte \u00f6l\u00fcm\u00fcn\u00fcn ard\u0131ndan \u00fcvey o\u011flu Nero\u2019nun tahta ge\u00e7ti\u011fi s\u00f6yleniyor.<\/p>\n<p>Bizans Komutan\u0131 oldu\u011fu d\u00fc\u015f\u00fcn\u00fclen Claudius\u2019un hayat\u0131, siyasi ki\u015fili\u011fi ve \u00f6zel hayat\u0131 olduk\u00e7a tarihte farkl\u0131 farkl\u0131 ve olduk\u00e7a yo\u011fun bir \u015fekilde anlat\u0131l\u0131yor. Roma tarihi i\u00e7inde bir\u00e7ok Claudius adl\u0131 imparator bulunuyor. Yukar\u0131da bahse ge\u00e7en Roma \u0130mparatoru Claudius\u2019un Kurulu\u015f Osman dizisindeki Bizans Komutan\u0131 Claudius ile ayn\u0131 ki\u015fi olup olmad\u0131\u011f\u0131 ise belirsizli\u011fini koruyor.<\/p>\n<p><img loading=\"lazy\" decoding=\"async\" class=\"alignnone wp-image-156113\" src=\"https:\/\/www.tgrthaber.com\/mavikadin\/wp-content\/uploads\/Tayanc-Ayaydin-1-1024x576.jpg\" alt=\"Tarihte Bizans Komutan\u0131 Claudius kimdir?\" width=\"1208\" height=\"680\" title=\"\" srcset=\"https:\/\/www.tgrthaber.com\/mavikadin\/wp-content\/uploads\/Tayanc-Ayaydin-1-1024x576.jpg 1024w, https:\/\/www.tgrthaber.com\/mavikadin\/wp-content\/uploads\/Tayanc-Ayaydin-1-300x169.jpg 300w, https:\/\/www.tgrthaber.com\/mavikadin\/wp-content\/uploads\/Tayanc-Ayaydin-1-768x432.jpg 768w, https:\/\/www.tgrthaber.com\/mavikadin\/wp-content\/uploads\/Tayanc-Ayaydin-1-1536x864.jpg 1536w, https:\/\/www.tgrthaber.com\/mavikadin\/wp-content\/uploads\/Tayanc-Ayaydin-1.jpg 1600w\" sizes=\"(max-width: 1208px) 100vw, 1208px\" \/><\/p>\n","protected":false},"excerpt":{"rendered":"<p>ATV ekranlar\u0131n\u0131n b\u00fcy\u00fck bir ilgiyle takip edilen dizisi Kurulu\u015f Osman, yeni b\u00f6l\u00fcmleriyle seyirciyi ekran ba\u015f\u0131na kilitlemeye devam ediyor. Her ge\u00e7en g\u00fcn oyuncu kadrosunu geni\u015fletmeye devam eden diziye gelecek b\u00f6l\u00fcmde \u201cBizans Komutan\u0131 Claudius\u201d dahil oluyor. Bizans Komutan\u0131 Claudius\u2019u oynayacak oyuncu ise Tayan\u00e7 Ayayd\u0131n olarak kar\u015f\u0131m\u0131za \u00e7\u0131k\u0131yor. \u0130zleyiciler ise tarihte Bizans Komutan\u0131 Claudius\u2019un kim oldu\u011funu merak ediyor. Peki, tarihte Bizans Komutan\u0131 Claudius kimdir? \u0130\u015fte ayr\u0131nt\u0131lar\u2026<\/p>\n","protected":false},"author":26,"featured_media":156109,"comment_status":"closed","ping_status":"closed","sticky":false,"template":"","format":"standard","meta":{"rank_math_lock_modified_date":false,"footnotes":""},"categories":[491],"tags":[16435,16437,16436],"class_list":["post-156108","post","type-post","status-publish","format-standard","has-post-thumbnail","hentry","category-biyografi","tag-bizans-komutani-claudius","tag-bizans-komutani-claudius-kimdir","tag-bizans-komutani-claudius-tayanc-ayaydin"],"_links":{"self":[{"href":"https:\/\/www.tgrthaber.com\/mavikadin\/wp-json\/wp\/v2\/posts\/156108"}],"collection":[{"href":"https:\/\/www.tgrthaber.com\/mavikadin\/wp-json\/wp\/v2\/posts"}],"about":[{"href":"https:\/\/www.tgrthaber.com\/mavikadin\/wp-json\/wp\/v2\/types\/post"}],"author":[{"embeddable":true,"href":"https:\/\/www.tgrthaber.com\/mavikadin\/wp-json\/wp\/v2\/users\/26"}],"replies":[{"embeddable":true,"href":"https:\/\/www.tgrthaber.com\/mavikadin\/wp-json\/wp\/v2\/comments?post=156108"}],"version-history":[{"count":3,"href":"https:\/\/www.tgrthaber.com\/mavikadin\/wp-json\/wp\/v2\/posts\/156108\/revisions"}],"predecessor-version":[{"id":156116,"href":"https:\/\/www.tgrthaber.com\/mavikadin\/wp-json\/wp\/v2\/posts\/156108\/revisions\/156116"}],"wp:featuredmedia":[{"embeddable":true,"href":"https:\/\/www.tgrthaber.com\/mavikadin\/wp-json\/wp\/v2\/media\/156109"}],"wp:attachment":[{"href":"https:\/\/www.tgrthaber.com\/mavikadin\/wp-json\/wp\/v2\/media?parent=156108"}],"wp:term":[{"taxonomy":"category","embeddable":true,"href":"https:\/\/www.tgrthaber.com\/mavikadin\/wp-json\/wp\/v2\/categories?post=156108"},{"taxonomy":"post_tag","embeddable":true,"href":"https:\/\/www.tgrthaber.com\/mavikadin\/wp-json\/wp\/v2\/tags?post=156108"}],"curies":[{"name":"wp","href":"https:\/\/api.w.org\/{rel}","templated":true}]}}