{"id":156162,"date":"2025-04-02T19:59:32","date_gmt":"2025-04-02T16:59:32","guid":{"rendered":"https:\/\/www.tgrthaber.com\/mavikadin\/?p=156162"},"modified":"2025-04-02T19:59:31","modified_gmt":"2025-04-02T16:59:31","slug":"kurulus-osmanin-mogol-elcisi-kucari-sinan-tuzcu-kimdir-sinan-tuzcu-aslen-nereli","status":"publish","type":"post","link":"https:\/\/www.tgrthaber.com\/mavikadin\/kurulus-osmanin-mogol-elcisi-kucari-sinan-tuzcu-kimdir-sinan-tuzcu-aslen-nereli\/","title":{"rendered":"Kurulu\u015f Osman\u2019\u0131n Mo\u011fol El\u00e7isi Ku\u00e7ar\u2019\u0131 Sinan Tuzcu kimdir? Sinan Tuzcu aslen nereli?"},"content":{"rendered":"<p>ATV\u2019nin sevilen dizisi Kurulu\u015f Osman, tarihi karakterleri ve s\u00fcr\u00fckleyici hikayesiyle izleyicileri ekrana kilitlemeye devam ediyor. Dizinin son sezonunda dikkat \u00e7eken karakterlerden biri de Mo\u011fol el\u00e7isi Ku\u00e7ar oldu. Bu karakteri oynayan tecr\u00fcbeli oyuncu Sinan Tuzcu, sahne performans\u0131 ve etkileyici oyunculu\u011fu ile be\u011feni topluyor. Peki, Sinan Tuzcu kimdir, hangi projelerde yer al\u0131nd\u0131 ve aslen nerelidir?<\/p>\n<h3>S\u0130NAN TUZCU K\u0130MD\u0130R?<\/h3>\n<p>Sinan Tuzcu, 10 Temmuz 1977 tarihinde Gaziantep\u2019te do\u011fdu. E\u011fitim hayat\u0131na Bilkent \u00dcniversitesi Turizm ve Otelcilik B\u00f6l\u00fcm\u00fc\u2019nde ba\u015flad\u0131 ancak sanat tutkusu onu farkl\u0131 bir yola s\u00fcr\u00fckledi. Tiyatroya olan ilgisi sayesinde Mimar Sinan \u00dcniversitesi Devlet Konservatuvar\u0131 Tiyatro B\u00f6l\u00fcm\u00fc\u2019ne ge\u00e7i\u015f yaparak 2004 y\u0131l\u0131nda mezun oldu.<\/p>\n<p>Mezuniyetinin ard\u0131ndan sanat hayat\u0131n\u0131 geli\u015ftirmek i\u00e7in Londra\u2019ya giden Tuzcu, burada Arcola Theatre\u2019da sahne amirli\u011fi, elektrik\u00e7ilik ve \u0131\u015f\u0131k\u00e7\u0131l\u0131k gibi farkl\u0131 alanlarda \u00e7al\u0131\u015ft\u0131. Edindi\u011fi tecr\u00fcbelerle T\u00fcrkiye\u2019ye d\u00f6nerek tiyatro, sinema ve televizyon projelerinde yer almaya ba\u015flad\u0131.<\/p>\n<p><img loading=\"lazy\" decoding=\"async\" class=\"alignnone wp-image-156174\" src=\"https:\/\/www.tgrthaber.com\/mavikadin\/wp-content\/uploads\/3-607.png\" alt=\"\" width=\"1208\" height=\"680\" title=\"\" srcset=\"https:\/\/www.tgrthaber.com\/mavikadin\/wp-content\/uploads\/3-607.png 1280w, https:\/\/www.tgrthaber.com\/mavikadin\/wp-content\/uploads\/3-607-300x169.png 300w, https:\/\/www.tgrthaber.com\/mavikadin\/wp-content\/uploads\/3-607-1024x576.png 1024w, https:\/\/www.tgrthaber.com\/mavikadin\/wp-content\/uploads\/3-607-768x432.png 768w\" sizes=\"(max-width: 1208px) 100vw, 1208px\" \/><\/p>\n<hr \/>\n<h3>KAR\u0130YER BA\u015eLANGICI<\/h3>\n<p>Sinan Tuzcu, televizyon izleyicilerinin ilk kez geni\u015f kitlelerce tan\u0131nd\u0131\u011f\u0131 proje olan Ihlamurlar Alt\u0131nda dizisindeki \u00d6mer karakteri ile b\u00fcy\u00fck \u00e7\u0131k\u0131\u015f yapt\u0131. Bu ba\u015far\u0131s\u0131n\u0131 Elveda Rumeli, Sen Anlat Karadeniz, Son Yaz ve Alparslan: B\u00fcy\u00fck Sel\u00e7uklu gibi pop\u00fcler dizilerdeki rolleriyle s\u00fcrd\u00fcrd\u00fc.<\/p>\n<p>Sinema kariyerinde de ba\u015far\u0131l\u0131 projelere imza atan Tuzcu, Mavi G\u00f6zl\u00fc Dev, Veda ve \u0130n\u015faat gibi filmlerde rol ald\u0131. Oyunculu\u011funun yan\u0131 s\u0131ra tiyatro alan\u0131nda da aktif olan Tuzcu, \u00e7e\u015fitli oyunlar\u0131n senaryolar\u0131n\u0131 kaleme alarak sahne sanatlar\u0131na katk\u0131 sundu.<\/p>\n<p><img loading=\"lazy\" decoding=\"async\" class=\"alignnone wp-image-156175\" src=\"https:\/\/www.tgrthaber.com\/mavikadin\/wp-content\/uploads\/4-503.png\" alt=\"\" width=\"1208\" height=\"680\" title=\"\" srcset=\"https:\/\/www.tgrthaber.com\/mavikadin\/wp-content\/uploads\/4-503.png 1280w, https:\/\/www.tgrthaber.com\/mavikadin\/wp-content\/uploads\/4-503-300x169.png 300w, https:\/\/www.tgrthaber.com\/mavikadin\/wp-content\/uploads\/4-503-1024x576.png 1024w, https:\/\/www.tgrthaber.com\/mavikadin\/wp-content\/uploads\/4-503-768x432.png 768w\" sizes=\"(max-width: 1208px) 100vw, 1208px\" \/><\/p>\n<hr \/>\n<h3>KURULU\u015e OSMAN&#8217;IN MO\u011eOL EL\u00c7\u0130S\u0130 KU\u00c7AR&#8217;I<\/h3>\n<p>Tarih ve aksiyon dolu sahneleriyle b\u00fcy\u00fck ilgi g\u00f6ren Kurulu\u015f Osman dizisinde Sinan Tuzcu, Mo\u011fol el\u00e7isi Ku\u00e7ar karakteriyle izleyici kar\u015f\u0131s\u0131na \u00e7\u0131k\u0131yor. Mo\u011follar\u0131n Osmanl\u0131lar \u00fczerindeki bask\u0131s\u0131n\u0131 artt\u0131rmak ve stratejik oyunlar kurmak i\u00e7in g\u00f6revlendirilen Ku\u00e7ar, entrikalar\u0131 ve zekice hamleleriyle hikayeye heyecan kat\u0131yor. Sinan Tuzcu\u2019nun canl\u0131 performans\u0131, karakterin etkileyicili\u011fini daha da artt\u0131r\u0131yor.<\/p>\n<p><img loading=\"lazy\" decoding=\"async\" class=\"alignnone wp-image-156173\" src=\"https:\/\/www.tgrthaber.com\/mavikadin\/wp-content\/uploads\/2-615.png\" alt=\"\" width=\"1208\" height=\"680\" title=\"\" srcset=\"https:\/\/www.tgrthaber.com\/mavikadin\/wp-content\/uploads\/2-615.png 1280w, https:\/\/www.tgrthaber.com\/mavikadin\/wp-content\/uploads\/2-615-300x169.png 300w, https:\/\/www.tgrthaber.com\/mavikadin\/wp-content\/uploads\/2-615-1024x576.png 1024w, https:\/\/www.tgrthaber.com\/mavikadin\/wp-content\/uploads\/2-615-768x432.png 768w\" sizes=\"(max-width: 1208px) 100vw, 1208px\" \/><\/p>\n<hr \/>\n<h3>\u00d6ZEL HAYATI<\/h3>\n<p>Sinan Tuzcu, 2006 y\u0131l\u0131nda meslekta\u015f\u0131 Dolunay Soysert ile evlendi, ancak 2016 y\u0131l\u0131nda bu evlilik sona erdi. 2021 y\u0131l\u0131nda Beyza Kapu ile yeni bir evlili\u011fe ad\u0131m atan oyuncu, \u00f6zel hayat\u0131n\u0131 genellikle g\u00f6zlerden uzak ya\u015famay\u0131 tercih ediyor.<\/p>\n","protected":false},"excerpt":{"rendered":"<p>ATV\u2019nin sevilen dizisi Kurulu\u015f Osman, tarihi karakterleri ve s\u00fcr\u00fckleyici hikayesiyle izleyicileri ekran ba\u015f\u0131na kilitlemeye devam ediyor. Son b\u00f6l\u00fcmlerde dikkat \u00e7eken karakterlerden biri de Mo\u011fol el\u00e7isi Ku\u00e7ar oldu. Bu karakteri oynayan usta oyuncu Sinan Tuzcu, etkileyici performans\u0131yla b\u00fcy\u00fck be\u011feni toplad\u0131. Peki, Sinan Tuzcu kimdir, hangi projelerde yer ald\u0131 ve aslen nerelidir? \u0130\u015fte ba\u015far\u0131l\u0131 oyuncunun hayat\u0131 ve kariyeri hakk\u0131nda merak edilenler\u2026<\/p>\n","protected":false},"author":28,"featured_media":156172,"comment_status":"closed","ping_status":"closed","sticky":false,"template":"","format":"standard","meta":{"rank_math_lock_modified_date":true,"footnotes":""},"categories":[491],"tags":[3072,16466,16465],"class_list":["post-156162","post","type-post","status-publish","format-standard","has-post-thumbnail","hentry","category-biyografi","tag-kurulus-osman","tag-mogol-elcisi-kucar","tag-sinan-tuzcu"],"_links":{"self":[{"href":"https:\/\/www.tgrthaber.com\/mavikadin\/wp-json\/wp\/v2\/posts\/156162"}],"collection":[{"href":"https:\/\/www.tgrthaber.com\/mavikadin\/wp-json\/wp\/v2\/posts"}],"about":[{"href":"https:\/\/www.tgrthaber.com\/mavikadin\/wp-json\/wp\/v2\/types\/post"}],"author":[{"embeddable":true,"href":"https:\/\/www.tgrthaber.com\/mavikadin\/wp-json\/wp\/v2\/users\/28"}],"replies":[{"embeddable":true,"href":"https:\/\/www.tgrthaber.com\/mavikadin\/wp-json\/wp\/v2\/comments?post=156162"}],"version-history":[{"count":2,"href":"https:\/\/www.tgrthaber.com\/mavikadin\/wp-json\/wp\/v2\/posts\/156162\/revisions"}],"predecessor-version":[{"id":156177,"href":"https:\/\/www.tgrthaber.com\/mavikadin\/wp-json\/wp\/v2\/posts\/156162\/revisions\/156177"}],"wp:featuredmedia":[{"embeddable":true,"href":"https:\/\/www.tgrthaber.com\/mavikadin\/wp-json\/wp\/v2\/media\/156172"}],"wp:attachment":[{"href":"https:\/\/www.tgrthaber.com\/mavikadin\/wp-json\/wp\/v2\/media?parent=156162"}],"wp:term":[{"taxonomy":"category","embeddable":true,"href":"https:\/\/www.tgrthaber.com\/mavikadin\/wp-json\/wp\/v2\/categories?post=156162"},{"taxonomy":"post_tag","embeddable":true,"href":"https:\/\/www.tgrthaber.com\/mavikadin\/wp-json\/wp\/v2\/tags?post=156162"}],"curies":[{"name":"wp","href":"https:\/\/api.w.org\/{rel}","templated":true}]}}