{"id":156170,"date":"2025-04-02T20:08:56","date_gmt":"2025-04-02T17:08:56","guid":{"rendered":"https:\/\/www.tgrthaber.com\/mavikadin\/?p=156170"},"modified":"2025-04-02T20:08:57","modified_gmt":"2025-04-02T17:08:57","slug":"bugun-sahipsizler-dizisi-var-mi-sahipsizler-saat-kacta","status":"publish","type":"post","link":"https:\/\/www.tgrthaber.com\/mavikadin\/bugun-sahipsizler-dizisi-var-mi-sahipsizler-saat-kacta\/","title":{"rendered":"Bug\u00fcn Sahipsizler dizisi var m\u0131? Sahipsizler saat ka\u00e7ta?"},"content":{"rendered":"<p class=\"\" data-start=\"166\" data-end=\"652\">\u00c7ar\u015famba ak\u015famlar\u0131n\u0131n dikkat \u00e7eken yap\u0131mlar\u0131ndan biri haline gelen Sahipsizler dizisi, bu hafta izleyicilerini \u015fa\u015fk\u0131na \u00e7evirdi. Her hafta yeni b\u00f6l\u00fcm\u00fcyle ekranlara gelen dizi, 2 Nisan ak\u015fam\u0131 Star TV yay\u0131n ak\u0131\u015f\u0131nda yer almad\u0131. Hal b\u00f6yle olunca dizinin takip\u00e7ileri \u201cSahipsizler bu ak\u015fam var m\u0131, saat ka\u00e7ta ba\u015fl\u0131yor?\u201d sorular\u0131na yan\u0131t aramaya ba\u015flad\u0131. Yay\u0131n ak\u0131\u015f\u0131ndaki de\u011fi\u015fiklik sosyal medyada k\u0131sa s\u00fcrede g\u00fcndem olurken, dizinin neden ekranda olmad\u0131\u011f\u0131na dair ayr\u0131nt\u0131lar da netlik kazand\u0131. T\u00fcm detaylar haberimizde&#8230;<\/p>\n<h3 data-start=\"166\" data-end=\"652\">SAH\u0130PS\u0130ZLER D\u0130Z\u0130S\u0130 BUG\u00dcN VAR MI, SAAT KA\u00c7TA?<\/h3>\n<p>Dizi tutkunlar\u0131, 2 Nisan 2025 \u00c7ar\u015famba ak\u015fam\u0131 televizyon ba\u015f\u0131na ge\u00e7ti\u011finde kar\u015f\u0131lar\u0131nda Sahipsizler&#8217;in yeni b\u00f6l\u00fcm\u00fcn\u00fc g\u00f6rmeyi umut ediyordu. Ancak Star TV&#8217;nin g\u00fcncel yay\u0131n plan\u0131nda dizinin yeni b\u00f6l\u00fcm\u00fcne yer verilmedi\u011fi dikkatlerden ka\u00e7mad\u0131. Sosyal medyada k\u0131sa s\u00fcrede g\u00fcndeme gelen \u201cSahipsizler neden yay\u0131nlanmad\u0131?\u201d sorusu, binlerce izleyici taraf\u0131ndan ara\u015ft\u0131r\u0131ld\u0131.<\/p>\n<p><img loading=\"lazy\" decoding=\"async\" class=\"alignnone wp-image-156183 \" src=\"https:\/\/www.tgrthaber.com\/mavikadin\/wp-content\/uploads\/i-51.webp\" alt=\"\" width=\"843\" height=\"502\" title=\"\" srcset=\"https:\/\/www.tgrthaber.com\/mavikadin\/wp-content\/uploads\/i-51.webp 480w, https:\/\/www.tgrthaber.com\/mavikadin\/wp-content\/uploads\/i-51-300x179.webp 300w\" sizes=\"(max-width: 843px) 100vw, 843px\" \/><\/p>\n<hr \/>\n<h3>BAYRAM \u00d6NCES\u0130 YAYIN ARASI VER\u0130LD\u0130<\/h3>\n<p>Kanal y\u00f6netiminden al\u0131nan bilgilere g\u00f6re Sahipsizler dizisi, Ramazan Bayram\u0131 \u00f6ncesi planlanan k\u0131sa yay\u0131n aras\u0131na girdi. Pek \u00e7ok dizi projesinin bu haftay\u0131 pas ge\u00e7mesiyle birlikte, Sahipsizler de 2 Nisan ak\u015fam\u0131 yeni b\u00f6l\u00fcm\u00fcyle ekranda yer almayacak. Bunun yerine saat 20.00\u2019de daha \u00f6nce yay\u0131nlanan bir tekrar b\u00f6l\u00fcm\u00fcyle izleyici kar\u015f\u0131s\u0131na \u00e7\u0131kacak.<\/p>\n<h3>YEN\u0130 B\u00d6L\u00dcM NE ZAMAN YAYINLANACAK?<\/h3>\n<p>Dizinin 18. b\u00f6l\u00fcm\u00fc i\u00e7in belirlenen yeni tarih ise 9 Nisan 2025 \u00c7ar\u015famba. Star TV, bir haftal\u0131k aran\u0131n ard\u0131ndan yeni b\u00f6l\u00fcm\u00fc ekranlara getirecek. Yay\u0131nlanan tan\u0131t\u0131m fragman\u0131nda yer alan sahneler, dizinin heyecan dozunun daha da y\u00fckselece\u011fini g\u00f6steriyor. Bu da, izleyicilerde beklentiyi art\u0131rm\u0131\u015f durumda.<\/p>\n<p><img loading=\"lazy\" decoding=\"async\" class=\"alignnone wp-image-156182 \" src=\"https:\/\/www.tgrthaber.com\/mavikadin\/wp-content\/uploads\/sahipsizler-bu-aksam-var-mi-sahipsizler-neden-18489847_4440_amp.webp\" alt=\"\" width=\"829\" height=\"435\" title=\"\" srcset=\"https:\/\/www.tgrthaber.com\/mavikadin\/wp-content\/uploads\/sahipsizler-bu-aksam-var-mi-sahipsizler-neden-18489847_4440_amp.webp 648w, https:\/\/www.tgrthaber.com\/mavikadin\/wp-content\/uploads\/sahipsizler-bu-aksam-var-mi-sahipsizler-neden-18489847_4440_amp-300x157.webp 300w\" sizes=\"(max-width: 829px) 100vw, 829px\" \/><\/p>\n<hr \/>\n<h3>SAH\u0130PS\u0130ZLER YOLUNA KALDI\u011eI YERDEN DEVAM EDECEK<\/h3>\n<p>K\u0131sa s\u00fcrede b\u00fcy\u00fck bir izleyici kitlesine ula\u015fan Sahipsizler, gerek hikayesi gerekse oyuncu performanslar\u0131yla dikkat \u00e7ekmeye devam ediyor. Bir haftal\u0131k yay\u0131n aras\u0131n\u0131n ard\u0131ndan dizi, 9 Nisan\u2019da yeni b\u00f6l\u00fcm\u00fcyle tekrar ekranlara d\u00f6necek ve kald\u0131\u011f\u0131 yerden geli\u015fen olaylar\u0131 aktarmaya devam edecek.<\/p>\n<h3>SAH\u0130PS\u0130ZLER D\u0130Z\u0130S\u0130 NEY\u0130 ANLATIYOR, KONUSU NE?<\/h3>\n<p class=\"\" data-start=\"1711\" data-end=\"2179\">Dizi, anne ve babalar\u0131n\u0131 aniden kaybeden alt\u0131 karde\u015fin hayatta kalma m\u00fccadelesini konu al\u0131yor. Azize, Cemo, Zeliha, Fidan, Samet ve Bal\u0131m isimli karde\u015fler, kendilerine kalan hayat\u0131 tek ba\u015flar\u0131na g\u00f6\u011f\u00fcslemek zorunda kal\u0131yor.<\/p>\n<p data-start=\"1711\" data-end=\"2179\"><img loading=\"lazy\" decoding=\"async\" class=\"alignnone wp-image-156178 size-full\" src=\"https:\/\/www.tgrthaber.com\/mavikadin\/wp-content\/uploads\/sahipsizler-15-bolum-izle-star-tv-sahipsizler-yeni-bolum-izle-vldk.webp\" alt=\"\" width=\"1230\" height=\"692\" title=\"\" srcset=\"https:\/\/www.tgrthaber.com\/mavikadin\/wp-content\/uploads\/sahipsizler-15-bolum-izle-star-tv-sahipsizler-yeni-bolum-izle-vldk.webp 1230w, https:\/\/www.tgrthaber.com\/mavikadin\/wp-content\/uploads\/sahipsizler-15-bolum-izle-star-tv-sahipsizler-yeni-bolum-izle-vldk-300x169.webp 300w, https:\/\/www.tgrthaber.com\/mavikadin\/wp-content\/uploads\/sahipsizler-15-bolum-izle-star-tv-sahipsizler-yeni-bolum-izle-vldk-1024x576.webp 1024w, https:\/\/www.tgrthaber.com\/mavikadin\/wp-content\/uploads\/sahipsizler-15-bolum-izle-star-tv-sahipsizler-yeni-bolum-izle-vldk-768x432.webp 768w\" sizes=\"(max-width: 1230px) 100vw, 1230px\" \/><\/p>\n<hr \/>\n<p class=\"\" data-start=\"1711\" data-end=\"2179\">Her biri farkl\u0131 ya\u015flarda, farkl\u0131 duygularla y\u00fczle\u015fen bu \u00e7ocuklar i\u00e7in hayat, ac\u0131mas\u0131z bir s\u0131nava d\u00f6n\u00fc\u015f\u00fcyor. Yaln\u0131zca birbirlerine tutunarak ayakta kalmaya \u00e7al\u0131\u015fan karde\u015flerin hikayesi, izleyicilere hem dram hem de umut dolu bir yolculuk sunuyor.<\/p>\n<p class=\"\" data-start=\"2181\" data-end=\"2455\">Dizide i\u015flenen g\u00fc\u00e7l\u00fc aile ba\u011flar\u0131, ya\u015fanan trajediler ve karakterlerin i\u00e7 d\u00fcnyalar\u0131ndaki d\u00f6n\u00fc\u015f\u00fcm, Sahipsizler\u2019i s\u0131radan bir dram dizisinden \u00e7ok daha fazlas\u0131 haline getiriyor. Her b\u00f6l\u00fcmde derinle\u015fen hikaye \u00f6rg\u00fcs\u00fc ve karakter geli\u015fimi, izleyiciyi ekrana kilitlemeyi ba\u015far\u0131yor.<\/p>\n<p data-start=\"2181\" data-end=\"2455\"><img loading=\"lazy\" decoding=\"async\" class=\"alignnone wp-image-156180 \" src=\"https:\/\/www.tgrthaber.com\/mavikadin\/wp-content\/uploads\/0x0-sahipsizler-bu-aksam-var-mi-2-nisan-sahipsizler-neden-yok-yeni-bolumu-ne-zaman-1743599545637.webp\" alt=\"\" width=\"832\" height=\"492\" title=\"\" srcset=\"https:\/\/www.tgrthaber.com\/mavikadin\/wp-content\/uploads\/0x0-sahipsizler-bu-aksam-var-mi-2-nisan-sahipsizler-neden-yok-yeni-bolumu-ne-zaman-1743599545637.webp 800w, https:\/\/www.tgrthaber.com\/mavikadin\/wp-content\/uploads\/0x0-sahipsizler-bu-aksam-var-mi-2-nisan-sahipsizler-neden-yok-yeni-bolumu-ne-zaman-1743599545637-300x177.webp 300w, https:\/\/www.tgrthaber.com\/mavikadin\/wp-content\/uploads\/0x0-sahipsizler-bu-aksam-var-mi-2-nisan-sahipsizler-neden-yok-yeni-bolumu-ne-zaman-1743599545637-768x454.webp 768w\" sizes=\"(max-width: 832px) 100vw, 832px\" \/><\/p>\n<hr \/>\n<p class=\"\" data-start=\"2457\" data-end=\"2518\"><strong data-start=\"2457\" data-end=\"2518\">OYUNCU KADROSUNDA K\u0130MLER VAR?<\/strong><\/p>\n<p class=\"\" data-start=\"2520\" data-end=\"2673\">Sahipsizler dizisinin ba\u015far\u0131s\u0131nda, g\u00fc\u00e7l\u00fc senaryo kadar oyunculuk performanslar\u0131 da \u00f6nemli bir yer tutuyor. Alt\u0131 karde\u015fi canland\u0131ran oyuncular \u015fu \u015fekilde:<\/p>\n<p class=\"\" data-start=\"2677\" data-end=\"2828\">Azize karakterine Hazal Suba\u015f\u0131 hayat veriyor. Ailenin b\u00fcy\u00fck ablas\u0131 rol\u00fcnde olan Azize, sorumluluk sahibi ve fedak\u00e2r duru\u015fuyla dikkat \u00e7ekiyor. Cemo karakterini Kaan Mira\u00e7 Sezen canland\u0131r\u0131yor. Asi ve m\u00fccadeleci ruhuyla karde\u015flerinin koruyucusu konumunda.<\/p>\n<p class=\"\" data-start=\"2954\" data-end=\"3026\">Zeliha rol\u00fcnde \u0130SE Do\u011fa Bayram, duygusal y\u00f6n\u00fcyle \u00f6n plana \u00e7\u0131k\u0131yor. Fidan, Ece Ba\u011fc\u0131 taraf\u0131ndan canland\u0131r\u0131l\u0131yor ve naif karakteriyle \u00f6ne \u00e7\u0131k\u0131yor. Samet karakteriyle Umut Kapl\u0131ca, ailenin sessiz g\u00fcc\u00fc olarak kar\u015f\u0131m\u0131za \u00e7\u0131k\u0131yor. Bal\u0131m ise en k\u00fc\u00e7\u00fck karde\u015f olarak Z\u00fcleyha Y\u0131ld\u0131z taraf\u0131ndan canland\u0131r\u0131l\u0131yor ve izleyicinin kalbini fethediyor.<\/p>\n<p>2 Nisan \u00c7ar\u015famba ak\u015fam\u0131 Sahipsizler dizisi yeni b\u00f6l\u00fcm\u00fcyle ekranda olmayacak. Bayram haftas\u0131 nedeniyle verilen bu k\u0131sa aran\u0131n ard\u0131ndan, dizi 9 Nisan\u2019da 18. b\u00f6l\u00fcm\u00fcyle izleyici kar\u015f\u0131s\u0131na \u00e7\u0131kacak. Dizi severler i\u00e7in geri say\u0131m ba\u015flad\u0131.<\/p>\n","protected":false},"excerpt":{"rendered":"<p>Star TV ekranlar\u0131nda \u00c7ar\u015famba ak\u015famlar\u0131n\u0131n vazge\u00e7ilmez dizilerinden biri olan Sahipsizler, bu hafta beklenmedik bir \u015fekilde ekranlarda yer almad\u0131. \u0130zleyicilerin merakla yeni b\u00f6l\u00fcm\u00fcn\u00fc bekledi\u011fi yap\u0131m\u0131n yay\u0131n ak\u0131\u015f\u0131ndan \u00e7\u0131kar\u0131lmas\u0131 soru i\u015faretlerine neden oldu. Peki bug\u00fcn sahipsizler dizisi var m\u0131? Sahipsizler saat ka\u00e7ta? \u0130\u015fte herkesin merak etti\u011fi detaylar&#8230;<\/p>\n","protected":false},"author":35,"featured_media":156179,"comment_status":"closed","ping_status":"closed","sticky":false,"template":"","format":"standard","meta":{"rank_math_lock_modified_date":false,"footnotes":""},"categories":[602],"tags":[16475,3533,16473,3534,16474,14901,16472,16471],"class_list":["post-156170","post","type-post","status-publish","format-standard","has-post-thumbnail","hentry","category-diziler","tag-2-nisan-sahipsizler-dizisi-var-mi","tag-sahipsizler","tag-sahipsizler-bugun-yok-mu","tag-sahipsizler-dizisi","tag-sahipsizler-saat-kacta","tag-sahipsizler-yeni-bolum","tag-sahipsizler-yeni-bolum-var-mi","tag-sahipsizzler"],"_links":{"self":[{"href":"https:\/\/www.tgrthaber.com\/mavikadin\/wp-json\/wp\/v2\/posts\/156170"}],"collection":[{"href":"https:\/\/www.tgrthaber.com\/mavikadin\/wp-json\/wp\/v2\/posts"}],"about":[{"href":"https:\/\/www.tgrthaber.com\/mavikadin\/wp-json\/wp\/v2\/types\/post"}],"author":[{"embeddable":true,"href":"https:\/\/www.tgrthaber.com\/mavikadin\/wp-json\/wp\/v2\/users\/35"}],"replies":[{"embeddable":true,"href":"https:\/\/www.tgrthaber.com\/mavikadin\/wp-json\/wp\/v2\/comments?post=156170"}],"version-history":[{"count":2,"href":"https:\/\/www.tgrthaber.com\/mavikadin\/wp-json\/wp\/v2\/posts\/156170\/revisions"}],"predecessor-version":[{"id":156195,"href":"https:\/\/www.tgrthaber.com\/mavikadin\/wp-json\/wp\/v2\/posts\/156170\/revisions\/156195"}],"wp:featuredmedia":[{"embeddable":true,"href":"https:\/\/www.tgrthaber.com\/mavikadin\/wp-json\/wp\/v2\/media\/156179"}],"wp:attachment":[{"href":"https:\/\/www.tgrthaber.com\/mavikadin\/wp-json\/wp\/v2\/media?parent=156170"}],"wp:term":[{"taxonomy":"category","embeddable":true,"href":"https:\/\/www.tgrthaber.com\/mavikadin\/wp-json\/wp\/v2\/categories?post=156170"},{"taxonomy":"post_tag","embeddable":true,"href":"https:\/\/www.tgrthaber.com\/mavikadin\/wp-json\/wp\/v2\/tags?post=156170"}],"curies":[{"name":"wp","href":"https:\/\/api.w.org\/{rel}","templated":true}]}}