{"id":156222,"date":"2025-04-02T21:53:05","date_gmt":"2025-04-02T18:53:05","guid":{"rendered":"https:\/\/www.tgrthaber.com\/mavikadin\/?p=156222"},"modified":"2025-04-02T21:53:05","modified_gmt":"2025-04-02T18:53:05","slug":"boran-kuzum-bir-ruh-macerasindan-cikarildi-mi-boran-kuzum-nasil-unlu-oldu","status":"publish","type":"post","link":"https:\/\/www.tgrthaber.com\/mavikadin\/boran-kuzum-bir-ruh-macerasindan-cikarildi-mi-boran-kuzum-nasil-unlu-oldu\/","title":{"rendered":"Boran Kuzum Bir Ruh Maceras\u0131\u2019ndan \u00e7\u0131kar\u0131ld\u0131 mi? Boran Kuzum nas\u0131l \u00fcnl\u00fc oldu?"},"content":{"rendered":"<p>Oyuncu performans\u0131yla son zamanlar\u0131n g\u00f6zde oyuncusu Boran Kuzum, uzun s\u00fcredir haz\u0131rlar\u0131 devam eden Bir Ruh Maceras\u0131 dizisinden ayr\u0131ld\u0131. Birka\u00e7 g\u00fcn i\u00e7erisinde sete \u00e7\u0131kmas\u0131 planlanan Bir Ruh Maceras\u0131 dizisindeki ya\u015fan\u0131lan son dakika geli\u015fmesi cast ajans\u0131n\u0131 harekete ge\u00e7irdi. TRT tabii platformunda yay\u0131nlanmas\u0131 planlanan Bir Ruh Maceras\u0131 dizisinin yeni ba\u015frol oyuncunun kimin olaca\u011f\u0131 merak konusu oldu.<\/p>\n<h3>BORAN KUZUM D\u0130Z\u0130YE VEDA ETT\u0130<\/h3>\n<p>TRT tabii dijital platformunda yay\u0131nlanacak olan Ay\u015fe \u015ea\u015fa\u2019n\u0131n hayat\u0131n\u0131n anlat\u0131laca\u011f\u0131 dizide Boran Kuzum\u2019da yer al\u0131yordu. Ay\u015fe \u015ea\u015fa\u2019n\u0131n hayat\u0131ndaki \u00f6nemli bir karakteri oynayacak olan Boran Kuzum, 2 Mart 2025 g\u00fcn\u00fc sosyal medya \u00fczerinden ger\u00e7ekle\u015ftirdi\u011fi Boykot payla\u015f\u0131mdan dolay\u0131 diziden \u00e7\u0131kar\u0131ld\u0131. TRT kurumunun ald\u0131\u011f\u0131 karar do\u011frultusunda tabii\u2019nin projesinden ayr\u0131lan Kuzum\u2019un yeni dizisi ne olaca\u011f\u0131 bilinmiyor. Ayn\u0131 zamanda Bir Ruh Maceras\u0131 dizisinde Boran Kuzum\u2019un yerine kimin gelece\u011fi ise merak konusu oldu.<\/p>\n<p><img loading=\"lazy\" decoding=\"async\" class=\"alignnone wp-image-156224\" src=\"https:\/\/www.tgrthaber.com\/mavikadin\/wp-content\/uploads\/boran-kuzum-bir-ruh-macerasi-dizisinden-ayrildi-300x169.jpg\" alt=\"boran kuzum bir ruh macerasi dizisinden ayr\u0131ld\u0131\" width=\"1208\" height=\"680\" title=\"\" srcset=\"https:\/\/www.tgrthaber.com\/mavikadin\/wp-content\/uploads\/boran-kuzum-bir-ruh-macerasi-dizisinden-ayrildi-300x169.jpg 300w, https:\/\/www.tgrthaber.com\/mavikadin\/wp-content\/uploads\/boran-kuzum-bir-ruh-macerasi-dizisinden-ayrildi-1024x576.jpg 1024w, https:\/\/www.tgrthaber.com\/mavikadin\/wp-content\/uploads\/boran-kuzum-bir-ruh-macerasi-dizisinden-ayrildi-768x432.jpg 768w, https:\/\/www.tgrthaber.com\/mavikadin\/wp-content\/uploads\/boran-kuzum-bir-ruh-macerasi-dizisinden-ayrildi-1536x864.jpg 1536w, https:\/\/www.tgrthaber.com\/mavikadin\/wp-content\/uploads\/boran-kuzum-bir-ruh-macerasi-dizisinden-ayrildi.jpg 1920w\" sizes=\"(max-width: 1208px) 100vw, 1208px\" \/><\/p>\n<hr \/>\n<h3>\u00a0BORAN KUZUM NASIL \u00dcNL\u00dc OLDU?<\/h3>\n<p>1992 Ankara do\u011fumlu olan Boran Kuzum, \u0130stanbul \u00dcniversitesi Devlet Konservatuvar\u0131\u2019nda tiyatro b\u00f6l\u00fcm\u00fcnden mezun oldu. \u0130lk oyunculuk deneyimini 2015\u2019te \u201cAnalar ve Anneler\u201d dizisiyle ba\u015flad\u0131. Boran Kuzum\u2019un geni\u015f kitleler taraf\u0131ndan tan\u0131nmas\u0131n\u0131 sa\u011flayan dizi ise Vatan\u0131m Sensin\u2019deki Leonidas karakteriydi. Sayg\u0131 dizisinde Sava\u015f karakteriyle de ad\u0131ndan s\u00f6z ettirmeye devam etti. Gen\u00e7 oyuncu dizi sekt\u00f6r\u00fcnde yer ald\u0131\u011f\u0131 yap\u0131mlar\u0131n yan\u0131 s\u0131ra modelli\u011fiyle de ad\u0131ndan s\u00f6z ettirmeyi ba\u015fard\u0131.<\/p>\n<p><img loading=\"lazy\" decoding=\"async\" class=\"alignnone wp-image-156231\" src=\"https:\/\/www.tgrthaber.com\/mavikadin\/wp-content\/uploads\/boran-kuzumun-yer-aldigi-yapimlar-300x169.jpg\" alt=\"boran kuzumun yer ald\u0131\u011f\u0131 yap\u0131mlar\" width=\"1208\" height=\"680\" title=\"\" srcset=\"https:\/\/www.tgrthaber.com\/mavikadin\/wp-content\/uploads\/boran-kuzumun-yer-aldigi-yapimlar-300x169.jpg 300w, https:\/\/www.tgrthaber.com\/mavikadin\/wp-content\/uploads\/boran-kuzumun-yer-aldigi-yapimlar-1024x576.jpg 1024w, https:\/\/www.tgrthaber.com\/mavikadin\/wp-content\/uploads\/boran-kuzumun-yer-aldigi-yapimlar-768x432.jpg 768w, https:\/\/www.tgrthaber.com\/mavikadin\/wp-content\/uploads\/boran-kuzumun-yer-aldigi-yapimlar-1536x864.jpg 1536w, https:\/\/www.tgrthaber.com\/mavikadin\/wp-content\/uploads\/boran-kuzumun-yer-aldigi-yapimlar.jpg 1920w\" sizes=\"(max-width: 1208px) 100vw, 1208px\" \/><\/p>\n<hr \/>\n<h3>BORAN KUZUM\u2019UN YER ALDI\u011eI YAPIMLAR<\/h3>\n<ul>\n<li>2015 -Analar ve Anneler<\/li>\n<li>2016 -Muhte\u015fem Y\u00fczy\u0131l K\u00f6sem<\/li>\n<li>2016-2018- Vatan\u0131m Sensin<\/li>\n<li>2018- \u015eahin Tepesi<\/li>\n<li>2020- Menajerimi Ara<\/li>\n<li>2019- Hakan: Muhaf\u0131z<\/li>\n<li>2020-2021 &#8211; Sayg\u0131<\/li>\n<li>2024-g\u00fcn\u00fcm\u00fcz &#8211; Kimler Geldi, Kimler Ge\u00e7ti<\/li>\n<\/ul>\n","protected":false},"excerpt":{"rendered":"<p>TRT\u2019nin tabii dijital platformunda yay\u0131nlanmak i\u00e7in g\u00fcn sayan Bir Ruh Maceras\u0131 dizisinde beklenmeyen bir geli\u015fme ya\u015fand\u0131. Dizinin ba\u015frol oyuncular\u0131ndan Boran Kuzum, yap\u0131m \u015firketinin ald\u0131\u011f\u0131 karar do\u011frultusundan Bir Ruh Maceras\u0131\u2019ndan ayr\u0131ld\u0131. <\/p>\n","protected":false},"author":10,"featured_media":156232,"comment_status":"closed","ping_status":"closed","sticky":false,"template":"","format":"standard","meta":{"rank_math_lock_modified_date":false,"footnotes":""},"categories":[602],"tags":[8242,8630,2628,10390,133,2218],"class_list":["post-156222","post","type-post","status-publish","format-standard","has-post-thumbnail","hentry","category-diziler","tag-bir-ruh-macerasi","tag-boran-kuzum","tag-dizi-haberleri","tag-dizi-magazin","tag-magazin","tag-magazin-haberleri"],"_links":{"self":[{"href":"https:\/\/www.tgrthaber.com\/mavikadin\/wp-json\/wp\/v2\/posts\/156222"}],"collection":[{"href":"https:\/\/www.tgrthaber.com\/mavikadin\/wp-json\/wp\/v2\/posts"}],"about":[{"href":"https:\/\/www.tgrthaber.com\/mavikadin\/wp-json\/wp\/v2\/types\/post"}],"author":[{"embeddable":true,"href":"https:\/\/www.tgrthaber.com\/mavikadin\/wp-json\/wp\/v2\/users\/10"}],"replies":[{"embeddable":true,"href":"https:\/\/www.tgrthaber.com\/mavikadin\/wp-json\/wp\/v2\/comments?post=156222"}],"version-history":[{"count":1,"href":"https:\/\/www.tgrthaber.com\/mavikadin\/wp-json\/wp\/v2\/posts\/156222\/revisions"}],"predecessor-version":[{"id":156233,"href":"https:\/\/www.tgrthaber.com\/mavikadin\/wp-json\/wp\/v2\/posts\/156222\/revisions\/156233"}],"wp:featuredmedia":[{"embeddable":true,"href":"https:\/\/www.tgrthaber.com\/mavikadin\/wp-json\/wp\/v2\/media\/156232"}],"wp:attachment":[{"href":"https:\/\/www.tgrthaber.com\/mavikadin\/wp-json\/wp\/v2\/media?parent=156222"}],"wp:term":[{"taxonomy":"category","embeddable":true,"href":"https:\/\/www.tgrthaber.com\/mavikadin\/wp-json\/wp\/v2\/categories?post=156222"},{"taxonomy":"post_tag","embeddable":true,"href":"https:\/\/www.tgrthaber.com\/mavikadin\/wp-json\/wp\/v2\/tags?post=156222"}],"curies":[{"name":"wp","href":"https:\/\/api.w.org\/{rel}","templated":true}]}}