{"id":156241,"date":"2025-04-02T22:55:41","date_gmt":"2025-04-02T19:55:41","guid":{"rendered":"https:\/\/www.tgrthaber.com\/mavikadin\/?p=156241"},"modified":"2025-04-02T22:55:42","modified_gmt":"2025-04-02T19:55:42","slug":"zaradan-volkan-konakin-cenazesinde-yurek-yakan-veda-sana-annemi-getirdim","status":"publish","type":"post","link":"https:\/\/www.tgrthaber.com\/mavikadin\/zaradan-volkan-konakin-cenazesinde-yurek-yakan-veda-sana-annemi-getirdim\/","title":{"rendered":"Zara\u2019dan Volkan Konak\u2019\u0131n cenazesinde y\u00fcrek yakan veda: \u201cSana annemi getirdim!\u201d"},"content":{"rendered":"<p>Sanat d\u00fcnyas\u0131 Volkan Konak\u2019a son g\u00f6revini yerine getirirken, t\u00f6rende en \u00e7ok konu\u015fulan isim Zara oldu. Annesiyle birlikte cenazeye kat\u0131lan \u00fcnl\u00fc t\u00fcrk\u00fcc\u00fc, duyanlar\u0131 derinden sarsan bir notla herkesi duyguland\u0131rd\u0131: \u201cAnneler kutsald\u0131r derdin\u2026 Sana annemi getirdim!\u201d Bu s\u00f6zler t\u00f6rende adeta y\u00fcrekleri da\u011flad\u0131. \u0130\u015fte t\u00fcm detaylar&#8230;<\/p>\n<h3>58 YA\u015eINDA HAYATA VEDA ETT\u0130<\/h3>\n<p>Bir d\u00f6neme damgas\u0131n\u0131 vuran eserleriyle haf\u0131zalara kaz\u0131nan Volkan Konak, sahnede ya\u015fad\u0131\u011f\u0131 ani rahats\u0131zl\u0131k sonras\u0131 Kuzey K\u0131br\u0131s\u2019ta tedavi alt\u0131na al\u0131nm\u0131\u015f ancak t\u00fcm m\u00fcdahalelere ra\u011fmen kurtar\u0131lamam\u0131\u015ft\u0131. 58 ya\u015f\u0131nda hayata veda eden sanat\u00e7\u0131 i\u00e7in \u0130stanbul Levent\u2019teki Barbaros Hayrettin Pa\u015fa Camii\u2019nde geni\u015f kat\u0131l\u0131ml\u0131 bir cenaze t\u00f6reni d\u00fczenlendi. \u00d6\u011fle namaz\u0131n\u0131n ard\u0131ndan k\u0131l\u0131nan cenaze namaz\u0131nda sevenleri, dostlar\u0131 ve sanat d\u00fcnyas\u0131ndan bir\u00e7ok \u00f6nemli isim haz\u0131r bulundu.<\/p>\n<p><img loading=\"lazy\" decoding=\"async\" class=\"alignnone wp-image-156243 size-full\" src=\"https:\/\/www.tgrthaber.com\/mavikadin\/wp-content\/uploads\/volkan-konak-in-cenazesi.webp\" alt=\"\" width=\"1280\" height=\"720\" title=\"\" srcset=\"https:\/\/www.tgrthaber.com\/mavikadin\/wp-content\/uploads\/volkan-konak-in-cenazesi.webp 1280w, https:\/\/www.tgrthaber.com\/mavikadin\/wp-content\/uploads\/volkan-konak-in-cenazesi-300x169.webp 300w, https:\/\/www.tgrthaber.com\/mavikadin\/wp-content\/uploads\/volkan-konak-in-cenazesi-1024x576.webp 1024w, https:\/\/www.tgrthaber.com\/mavikadin\/wp-content\/uploads\/volkan-konak-in-cenazesi-768x432.webp 768w\" sizes=\"(max-width: 1280px) 100vw, 1280px\" \/><\/p>\n<hr \/>\n<h3>&#8220;SANA ANNEM\u0130 GET\u0130RD\u0130M&#8221;<\/h3>\n<p>Kuzey K\u0131br\u0131s\u2019ta sahne ald\u0131\u011f\u0131 bir konserde fenala\u015farak hayat\u0131n\u0131 kaybeden 58 ya\u015f\u0131ndaki Volkan Konak i\u00e7in \u0130stanbul Levent\u2019teki Barbaros Hayrettin Pa\u015fa Camii\u2019nde d\u00fczenlenen t\u00f6rene kat\u0131l\u0131m yo\u011fundu. \u00d6\u011fle namaz\u0131n\u0131n ard\u0131ndan k\u0131l\u0131nan cenaze namaz\u0131nda, sanat\u00e7\u0131n\u0131n tabutu omuzlarda ta\u015f\u0131n\u0131rken dostlar\u0131n\u0131n ve hayranlar\u0131n\u0131n g\u00f6zya\u015flar\u0131 sel oldu.<\/p>\n<p>Taziyeleri, hayli zor anlar ya\u015fayan e\u015fi Selma Konak kabul etti. G\u00f6zya\u015flar\u0131n\u0131 tutamayan Konak, yak\u0131nlar\u0131 taraf\u0131ndan teselli edildi. Konak\u2019\u0131n sevenleri, cenaze arac\u0131na ta\u015f\u0131nan tabutun \u00fczerine karanfiller b\u0131rakarak son veda hakk\u0131n\u0131 yerine getirdi.<\/p>\n<p><img loading=\"lazy\" decoding=\"async\" class=\"alignnone wp-image-156247 size-full\" src=\"https:\/\/www.tgrthaber.com\/mavikadin\/wp-content\/uploads\/Adsiz-tasarim-26-3.png\" alt=\"\" width=\"1920\" height=\"1080\" title=\"\" srcset=\"https:\/\/www.tgrthaber.com\/mavikadin\/wp-content\/uploads\/Adsiz-tasarim-26-3.png 1920w, https:\/\/www.tgrthaber.com\/mavikadin\/wp-content\/uploads\/Adsiz-tasarim-26-3-300x169.png 300w, https:\/\/www.tgrthaber.com\/mavikadin\/wp-content\/uploads\/Adsiz-tasarim-26-3-1024x576.png 1024w, https:\/\/www.tgrthaber.com\/mavikadin\/wp-content\/uploads\/Adsiz-tasarim-26-3-768x432.png 768w, https:\/\/www.tgrthaber.com\/mavikadin\/wp-content\/uploads\/Adsiz-tasarim-26-3-1536x864.png 1536w\" sizes=\"(max-width: 1920px) 100vw, 1920px\" \/><\/p>\n<hr \/>\n<p>Zara\u2019n\u0131n cenazeye annesiyle birlikte kat\u0131lmas\u0131 ise t\u00f6rende duygusal bir atmosfer yaratt\u0131. Volkan Konak\u2019\u0131n annelere verdi\u011fi de\u011feri bildi\u011fini dile getiren Zara, onun bu d\u00fcnyadan \u201canne sevgisiyle\u201d u\u011furlanmas\u0131n\u0131 sa\u011flad\u0131. Sosyal medyada payla\u015ft\u0131\u011f\u0131 not ise bir\u00e7ok ki\u015fiye duygusal anlar ya\u015fatt\u0131: \u201cAnneler kutsald\u0131r derdin, seni annemle u\u011furluyorum.\u201d<\/p>\n<p><img loading=\"lazy\" decoding=\"async\" class=\"alignnone wp-image-156244 size-full\" src=\"https:\/\/www.tgrthaber.com\/mavikadin\/wp-content\/uploads\/volkan-konak-2.webp\" alt=\"\" width=\"1280\" height=\"720\" title=\"\" srcset=\"https:\/\/www.tgrthaber.com\/mavikadin\/wp-content\/uploads\/volkan-konak-2.webp 1280w, https:\/\/www.tgrthaber.com\/mavikadin\/wp-content\/uploads\/volkan-konak-2-300x169.webp 300w, https:\/\/www.tgrthaber.com\/mavikadin\/wp-content\/uploads\/volkan-konak-2-1024x576.webp 1024w, https:\/\/www.tgrthaber.com\/mavikadin\/wp-content\/uploads\/volkan-konak-2-768x432.webp 768w\" sizes=\"(max-width: 1280px) 100vw, 1280px\" \/><\/p>\n<hr \/>\n<h3>E\u015e\u0130 AYAKTA DURMAKTA ZORLANDI<\/h3>\n<p>Sanat\u00e7\u0131n\u0131n e\u015fi Selma Konak ise t\u00f6rende olduk\u00e7a zor anlar ya\u015fad\u0131. Ayakta durmakta g\u00fc\u00e7l\u00fck \u00e7eken Konak, yak\u0131nlar\u0131n\u0131n deste\u011fiyle teskin edilmeye \u00e7al\u0131\u015f\u0131ld\u0131. Taziye i\u00e7in gelen konuklar\u0131 kar\u015f\u0131layan Selma Konak, g\u00f6zya\u015flar\u0131na hakim olamad\u0131.<\/p>\n<h3>SANAT D\u00dcNYASI YASTA<\/h3>\n<p>Cenazeye kat\u0131lan isimler aras\u0131nda Orhan Gencebay, Erol Evgin, M\u00fcjdat Gezen, Hakan Altun, H\u00fcsn\u00fc \u015eenlendirici, Resul Dindar, Linet ve Sinan \u00d6zen gibi pek \u00e7ok \u00fcnl\u00fc sanat\u00e7\u0131 yer ald\u0131. Her biri, Konak\u2019\u0131n ard\u0131ndan duyduklar\u0131 ac\u0131y\u0131 dile getirirken; ortak nokta, onun \u201cd\u00fcr\u00fcst ve y\u00fcrekli bir insan\u201d olu\u015fuydu.<\/p>\n<p>Linet, \u201c\u0130lk profesyonel ad\u0131m\u0131m\u0131 onunla atm\u0131\u015ft\u0131m. \u00c7ok \u00f6zel bir insand\u0131. Onunla hem meslekta\u015f hem kom\u015fu olduk. Yerini doldurmak zor,\u201d derken; Hakan Altun, \u201cSadece m\u00fczi\u011fi de\u011fil, duru\u015fuyla da \u00f6rnek biriydi. \u00c7ok \u00fczg\u00fcn\u00fcz,\u201d ifadelerini kulland\u0131.<\/p>\n<p><img loading=\"lazy\" decoding=\"async\" class=\"alignnone wp-image-156245 size-full\" src=\"https:\/\/www.tgrthaber.com\/mavikadin\/wp-content\/uploads\/unlu-sanatci-volkan-konak-icin-c.webp\" alt=\"\" width=\"1280\" height=\"720\" title=\"\" srcset=\"https:\/\/www.tgrthaber.com\/mavikadin\/wp-content\/uploads\/unlu-sanatci-volkan-konak-icin-c.webp 1280w, https:\/\/www.tgrthaber.com\/mavikadin\/wp-content\/uploads\/unlu-sanatci-volkan-konak-icin-c-300x169.webp 300w, https:\/\/www.tgrthaber.com\/mavikadin\/wp-content\/uploads\/unlu-sanatci-volkan-konak-icin-c-1024x576.webp 1024w, https:\/\/www.tgrthaber.com\/mavikadin\/wp-content\/uploads\/unlu-sanatci-volkan-konak-icin-c-768x432.webp 768w\" sizes=\"(max-width: 1280px) 100vw, 1280px\" \/><\/p>\n<hr \/>\n<h3>\u201cHERKES\u0130N \u00d6ZLEYECE\u011e\u0130 B\u0130R\u0130YD\u0130\u201d<\/h3>\n<p>T\u00f6rene kat\u0131lan CHP Genel Ba\u015fkan\u0131 \u00d6zg\u00fcr \u00d6zel de Konak\u2019\u0131n ard\u0131ndan \u015fu ifadeleri kulland\u0131: \u201cBu \u00fclkenin b\u00fct\u00fcn hakl\u0131 m\u00fccadelelerine y\u00fcre\u011fini basan birini kaybettik. Dereler onu \u00e7ok \u00f6zleyecek, \u00e7ocuklar onu \u00e7ok \u00f6zleyecek, ormanlar onu \u00e7ok \u00f6zleyecek, insanlar onu \u00e7ok \u00f6zleyecek, hepimiz \u00f6zleyece\u011fiz. \u00c7ok \u00fczg\u00fcn\u00fcz,\u201d diyerek hem bir sanat\u00e7\u0131n\u0131n hem de bir halk insan\u0131n\u0131n kayb\u0131na dikkat \u00e7ekti.<\/p>\n<h3>VOLKAN KONAK MA\u00c7KA\u2019DA DEFNED\u0130LD\u0130<\/h3>\n<p>\u0130stanbul\u2019daki t\u00f6renin ard\u0131ndan Volkan Konak\u2019\u0131n naa\u015f\u0131, do\u011fup b\u00fcy\u00fcd\u00fc\u011f\u00fc topraklara, Trabzon\u2019un Ma\u00e7ka il\u00e7esine g\u00f6t\u00fcr\u00fcld\u00fc. Hayat\u0131n\u0131 Karadeniz\u2019e, ezgilerine ve insan\u0131na adam\u0131\u015f olan usta sanat\u00e7\u0131, memleketinde son yolculu\u011funa u\u011furland\u0131. Konak\u2019\u0131n vefat\u0131yla birlikte sadece bir sanat\u00e7\u0131y\u0131 de\u011fil, duygulara terc\u00fcman olan g\u00fc\u00e7l\u00fc bir sesi de kaybettik.<\/p>\n<h3><img loading=\"lazy\" decoding=\"async\" class=\"alignnone wp-image-156246 \" style=\"font-size: 16px;\" src=\"https:\/\/www.tgrthaber.com\/mavikadin\/wp-content\/uploads\/Ekran-goruntusu-2025-03-31-184541.png\" alt=\"\" width=\"838\" height=\"737\" title=\"\" srcset=\"https:\/\/www.tgrthaber.com\/mavikadin\/wp-content\/uploads\/Ekran-goruntusu-2025-03-31-184541.png 540w, https:\/\/www.tgrthaber.com\/mavikadin\/wp-content\/uploads\/Ekran-goruntusu-2025-03-31-184541-300x264.png 300w\" sizes=\"(max-width: 838px) 100vw, 838px\" \/><\/h3>\n<hr \/>\n<p>Cenazede ya\u015fanan en dokunakl\u0131 anlardan biri ise Zara\u2019n\u0131n, y\u0131llar \u00f6nce Konak\u2019\u0131n dile getirdi\u011fi bir s\u00f6z\u00fc ger\u00e7e\u011fe d\u00f6n\u00fc\u015ft\u00fcrmesiydi. \u201cAnneler kutsald\u0131r\u201d diyen Volkan Konak\u2019a, Zara \u201cSana annemi getirdim\u201d diyerek veda etti. Bu sade ama anlaml\u0131 s\u00f6z, sanat\u00e7\u0131n\u0131n insanlar \u00fczerinde b\u0131rakt\u0131\u011f\u0131 derin etkiyi bir kez daha g\u00f6zler \u00f6n\u00fcne serdi.<\/p>\n<p>Volkan Konak art\u0131k do\u011fdu\u011fu da\u011flar\u0131n, \u00e7ocuklu\u011funu ge\u00e7irdi\u011fi sokaklar\u0131n sessizli\u011finde yat\u0131yor. Sevenleri onu, yaln\u0131zca \u015fark\u0131lar\u0131yla de\u011fil, ta\u015f\u0131d\u0131\u011f\u0131 de\u011ferlerle ve g\u00fc\u00e7l\u00fc duru\u015fuyla hat\u0131rlamaya devam edecek.<\/p>\n","protected":false},"excerpt":{"rendered":"<p>Usta sanat\u00e7\u0131 Volkan Konak, \u0130stanbul\u2019da d\u00fczenlenen cenaze t\u00f6reniyle son yolculu\u011funa u\u011furlan\u0131rken, t\u00f6rende duygusal anlar ya\u015fand\u0131. T\u00f6rene annesiyle birlikte kat\u0131lan \u00fcnl\u00fc t\u00fcrk\u00fcc\u00fc Zara, anlam y\u00fckl\u00fc notla herkesi derinden etkiledi. \u0130\u015fte Zara&#8217;dan Volkan Konak&#8217;\u0131n cenazesinde y\u00fcrek burkan veda&#8230;<\/p>\n","protected":false},"author":35,"featured_media":156242,"comment_status":"closed","ping_status":"closed","sticky":false,"template":"","format":"standard","meta":{"rank_math_lock_modified_date":false,"footnotes":""},"categories":[76],"tags":[16130,16486,16484,16487,16485],"class_list":["post-156241","post","type-post","status-publish","format-standard","has-post-thumbnail","hentry","category-magazin","tag-volkan-konak-cenazesi","tag-volkan-konak-cenazesinde-zaranin-vedasi","tag-volkankonakzara","tag-zara-cenazeye-annesiyle-geldi","tag-zara-volkan-konak-notu"],"_links":{"self":[{"href":"https:\/\/www.tgrthaber.com\/mavikadin\/wp-json\/wp\/v2\/posts\/156241"}],"collection":[{"href":"https:\/\/www.tgrthaber.com\/mavikadin\/wp-json\/wp\/v2\/posts"}],"about":[{"href":"https:\/\/www.tgrthaber.com\/mavikadin\/wp-json\/wp\/v2\/types\/post"}],"author":[{"embeddable":true,"href":"https:\/\/www.tgrthaber.com\/mavikadin\/wp-json\/wp\/v2\/users\/35"}],"replies":[{"embeddable":true,"href":"https:\/\/www.tgrthaber.com\/mavikadin\/wp-json\/wp\/v2\/comments?post=156241"}],"version-history":[{"count":2,"href":"https:\/\/www.tgrthaber.com\/mavikadin\/wp-json\/wp\/v2\/posts\/156241\/revisions"}],"predecessor-version":[{"id":156249,"href":"https:\/\/www.tgrthaber.com\/mavikadin\/wp-json\/wp\/v2\/posts\/156241\/revisions\/156249"}],"wp:featuredmedia":[{"embeddable":true,"href":"https:\/\/www.tgrthaber.com\/mavikadin\/wp-json\/wp\/v2\/media\/156242"}],"wp:attachment":[{"href":"https:\/\/www.tgrthaber.com\/mavikadin\/wp-json\/wp\/v2\/media?parent=156241"}],"wp:term":[{"taxonomy":"category","embeddable":true,"href":"https:\/\/www.tgrthaber.com\/mavikadin\/wp-json\/wp\/v2\/categories?post=156241"},{"taxonomy":"post_tag","embeddable":true,"href":"https:\/\/www.tgrthaber.com\/mavikadin\/wp-json\/wp\/v2\/tags?post=156241"}],"curies":[{"name":"wp","href":"https:\/\/api.w.org\/{rel}","templated":true}]}}