{"id":156379,"date":"2025-04-03T11:27:19","date_gmt":"2025-04-03T08:27:19","guid":{"rendered":"https:\/\/www.tgrthaber.com\/mavikadin\/?p=156379"},"modified":"2025-04-03T11:27:19","modified_gmt":"2025-04-03T08:27:19","slug":"sakir-pasa-ailesi-bu-hafta-var-mi-sakir-pasa-ailesi-neden-yok","status":"publish","type":"post","link":"https:\/\/www.tgrthaber.com\/mavikadin\/sakir-pasa-ailesi-bu-hafta-var-mi-sakir-pasa-ailesi-neden-yok\/","title":{"rendered":"\u015eakir Pa\u015fa Ailesi bu hafta var m\u0131? \u015eakir Pa\u015fa Ailesi neden yok?"},"content":{"rendered":"<p>NOW TV ekranlar\u0131n\u0131n iddial\u0131 dizileri aras\u0131nda yer alan \u015eakir Pa\u015fa Ailesi: Mucizeler ve Skandallar, yay\u0131nland\u0131\u011f\u0131 g\u00fcnden bu yana b\u00fcy\u00fck bir ilgiyle takip edilmeye devam ediyor. Pazar ak\u015famlar\u0131n\u0131n vazge\u00e7ilmez dizileri aras\u0131nda yer alan dizi, konusu ve g\u00fc\u00e7l\u00fc oyuncu kadrosuyla da dikkatleri \u00fczerine \u00e7ekiyor. \u0130zleyiciler ise bu hafta \u015eakir Pa\u015fa Ailesi dizisinin olup olmad\u0131\u011f\u0131n\u0131 merak ediyor. Bayram tatiline giren dizilerin ekranlara ne zaman d\u00f6nece\u011fi merakla ara\u015ft\u0131r\u0131l\u0131yor. B\u00fcy\u00fck bir ilgiyle ara\u015ft\u0131r\u0131lan diziler aras\u0131nda \u015eakir Pa\u015fa Ailesi yer al\u0131yor. Peki, \u015eakir Pa\u015fa Ailesi bu hafta var m\u0131? \u015eakir Pa\u015fa Ailesi neden yok? \u015eakir Pa\u015fa Ailesi yeni b\u00f6l\u00fcm ne zaman? \u0130\u015fte \u015eakir Pa\u015fa Ailesi dizisinin bu hafta olup olmad\u0131\u011f\u0131na dair detaylar\u2026<\/p>\n<h3>\u015eAK\u0130R PA\u015eA A\u0130LES\u0130 NEDEN YOK?<\/h3>\n<p>NOW TV ekranlar\u0131n\u0131n b\u00fcy\u00fck bir ilgiyle takip edilen dizisi \u015eakir Pa\u015fa Ailesi: Mucizeler ve Skandallar, yepyeni b\u00f6l\u00fcmleriyle seyirciyi ekran ba\u015f\u0131na kilitlemeye devam ediyor. Hem konusu hem de g\u00fc\u00e7l\u00fc oyuncu kadrosuyla yay\u0131nland\u0131\u011f\u0131 g\u00fcnden bu yana b\u00fcy\u00fck bir ilgiyle takip edilen dizi, izleyici taraf\u0131ndan da tam not al\u0131yor.<\/p>\n<p><img loading=\"lazy\" decoding=\"async\" class=\"alignnone wp-image-156387\" src=\"https:\/\/www.tgrthaber.com\/mavikadin\/wp-content\/uploads\/Sakir-Pasa-Ailesi-8-1-1024x576.jpg\" alt=\"\u015eakir Pa\u015fa Ailesi bu hafta var m\u0131? \u015eakir Pa\u015fa Ailesi neden yok?\" width=\"1208\" height=\"680\" title=\"\" srcset=\"https:\/\/www.tgrthaber.com\/mavikadin\/wp-content\/uploads\/Sakir-Pasa-Ailesi-8-1-1024x576.jpg 1024w, https:\/\/www.tgrthaber.com\/mavikadin\/wp-content\/uploads\/Sakir-Pasa-Ailesi-8-1-300x169.jpg 300w, https:\/\/www.tgrthaber.com\/mavikadin\/wp-content\/uploads\/Sakir-Pasa-Ailesi-8-1-768x432.jpg 768w, https:\/\/www.tgrthaber.com\/mavikadin\/wp-content\/uploads\/Sakir-Pasa-Ailesi-8-1-1536x864.jpg 1536w, https:\/\/www.tgrthaber.com\/mavikadin\/wp-content\/uploads\/Sakir-Pasa-Ailesi-8-1.jpg 1600w\" sizes=\"(max-width: 1208px) 100vw, 1208px\" \/><\/p>\n<hr \/>\n<p>Ge\u00e7ti\u011fimiz hafta 30 Mart 2025 ak\u015fam\u0131 bayram tatili nedeniyle ekranlara gelmeyen dizinin bu hafta yay\u0131nlan\u0131p yay\u0131nlanmayaca\u011f\u0131 ise merak ediliyor. Yay\u0131nland\u0131\u011f\u0131 g\u00fcnden bu yana bir\u00e7ok s\u0131k\u0131nt\u0131 ile kar\u015f\u0131 kar\u015f\u0131ya kalan \u015eakir Pa\u015fa Ailesi dizisinin, 12. b\u00f6l\u00fcm\u00fc bayram\u0131n ilk g\u00fcn\u00fcne denk geldi\u011fi i\u00e7in yay\u0131nlanmam\u0131\u015f ve dizi bayram tatiline \u00e7\u0131km\u0131\u015ft\u0131.<\/p>\n<p>Bayram tatilinden dolay\u0131 dizinin ge\u00e7ti\u011fimiz hafta yeni b\u00f6l\u00fcm\u00fc yay\u0131nlanmam\u0131\u015ft\u0131. Bayram tatili haftas\u0131na girilmesiyle birlikte dizinin bu hafta yay\u0131nlan\u0131p yay\u0131nlanmayaca\u011f\u0131 merak ediliyor. Peki, \u015eakir Pa\u015fa Ailesi bu hafta var m\u0131?<\/p>\n<p><img loading=\"lazy\" decoding=\"async\" class=\"alignnone wp-image-156389\" src=\"https:\/\/www.tgrthaber.com\/mavikadin\/wp-content\/uploads\/Sakir-Pasa-Ailesi-3-6-1024x576.jpg\" alt=\"\u015eakir Pa\u015fa Ailesi bu hafta var m\u0131? \u015eakir Pa\u015fa Ailesi neden yok?\" width=\"1208\" height=\"680\" title=\"\" srcset=\"https:\/\/www.tgrthaber.com\/mavikadin\/wp-content\/uploads\/Sakir-Pasa-Ailesi-3-6-1024x576.jpg 1024w, https:\/\/www.tgrthaber.com\/mavikadin\/wp-content\/uploads\/Sakir-Pasa-Ailesi-3-6-300x169.jpg 300w, https:\/\/www.tgrthaber.com\/mavikadin\/wp-content\/uploads\/Sakir-Pasa-Ailesi-3-6-768x432.jpg 768w, https:\/\/www.tgrthaber.com\/mavikadin\/wp-content\/uploads\/Sakir-Pasa-Ailesi-3-6-1536x864.jpg 1536w, https:\/\/www.tgrthaber.com\/mavikadin\/wp-content\/uploads\/Sakir-Pasa-Ailesi-3-6.jpg 1600w\" sizes=\"(max-width: 1208px) 100vw, 1208px\" \/><\/p>\n<hr \/>\n<h3>\u015eAK\u0130R PA\u015eA A\u0130LES\u0130 BU HAFTA VAR MI?<\/h3>\n<p>Bayram tatiline giren dizilerin ekranlara ne zaman d\u00f6nece\u011fi merakla ara\u015ft\u0131r\u0131l\u0131rken, \u015eakir Pa\u015fa Ailesi\u2019nin bu hafta yay\u0131nlan\u0131p yay\u0131nlanmayaca\u011f\u0131 b\u00fcy\u00fck bir ilgiyle ara\u015ft\u0131r\u0131lmaya ba\u015fland\u0131. Seyircinin b\u00fcy\u00fck bir heyecanla takip etti\u011fi \u015eakir Pa\u015fa Ailesi, bu hafta bayram tatilden \u00e7\u0131k\u0131yor.<\/p>\n<p><img loading=\"lazy\" decoding=\"async\" class=\"alignnone wp-image-156390\" src=\"https:\/\/www.tgrthaber.com\/mavikadin\/wp-content\/uploads\/Sakir-Pasa-Ailesi-7-3-1024x576.jpg\" alt=\"\u015eakir Pa\u015fa Ailesi bu hafta var m\u0131? \u015eakir Pa\u015fa Ailesi neden yok?\" width=\"1208\" height=\"680\" title=\"\" srcset=\"https:\/\/www.tgrthaber.com\/mavikadin\/wp-content\/uploads\/Sakir-Pasa-Ailesi-7-3-1024x576.jpg 1024w, https:\/\/www.tgrthaber.com\/mavikadin\/wp-content\/uploads\/Sakir-Pasa-Ailesi-7-3-300x169.jpg 300w, https:\/\/www.tgrthaber.com\/mavikadin\/wp-content\/uploads\/Sakir-Pasa-Ailesi-7-3-768x432.jpg 768w, https:\/\/www.tgrthaber.com\/mavikadin\/wp-content\/uploads\/Sakir-Pasa-Ailesi-7-3-1536x864.jpg 1536w, https:\/\/www.tgrthaber.com\/mavikadin\/wp-content\/uploads\/Sakir-Pasa-Ailesi-7-3.jpg 1600w\" sizes=\"(max-width: 1208px) 100vw, 1208px\" \/><\/p>\n<hr \/>\n<p>\u015eakir Pa\u015fa Ailesi\u2019nin yeni b\u00f6l\u00fcm\u00fc bu hafta ekranlara gelecek. Konusu ve g\u00fc\u00e7l\u00fc oyuncu kadrosuyla yay\u0131nland\u0131\u011f\u0131 ilk g\u00fcnden bu yana dikkatleri \u00fczerine \u00e7eken dizi, yepyeni b\u00f6l\u00fcm\u00fcyle izleyici kar\u015f\u0131s\u0131na \u00e7\u0131kmaya haz\u0131rlan\u0131yor.<\/p>\n<h3>\u015eAK\u0130R PA\u015eA A\u0130LES\u0130 YEN\u0130 B\u00d6L\u00dcM NE ZAMAN?<\/h3>\n<p>\u0130zleyicinin b\u00fcy\u00fck bir ilgiyle takip etti\u011fi\u00a0\u015eakir Pa\u015fa Ailesi hem televizyon izleyicilerinin hem de sosyal medya kullan\u0131c\u0131lar\u0131n\u0131n ilgisini \u00e7ekmeye devam ediyor. Tarihi konusu, kost\u00fcmleri ve g\u00fc\u00e7l\u00fc oyuncu kadrosuyla reytinglerde b\u00fcy\u00fck ba\u015far\u0131 elde eden dizi, bu hafta yeni b\u00f6l\u00fcm\u00fcyle seyirci ile bulu\u015fuyor.<\/p>\n<p><img loading=\"lazy\" decoding=\"async\" class=\"alignnone wp-image-156391\" src=\"https:\/\/www.tgrthaber.com\/mavikadin\/wp-content\/uploads\/Sakir-Pasa-Ailesi-6-5-1024x576.jpg\" alt=\"\u015eakir Pa\u015fa Ailesi bu hafta var m\u0131? \u015eakir Pa\u015fa Ailesi neden yok?\" width=\"1208\" height=\"680\" title=\"\" srcset=\"https:\/\/www.tgrthaber.com\/mavikadin\/wp-content\/uploads\/Sakir-Pasa-Ailesi-6-5-1024x576.jpg 1024w, https:\/\/www.tgrthaber.com\/mavikadin\/wp-content\/uploads\/Sakir-Pasa-Ailesi-6-5-300x169.jpg 300w, https:\/\/www.tgrthaber.com\/mavikadin\/wp-content\/uploads\/Sakir-Pasa-Ailesi-6-5-768x432.jpg 768w, https:\/\/www.tgrthaber.com\/mavikadin\/wp-content\/uploads\/Sakir-Pasa-Ailesi-6-5-1536x864.jpg 1536w, https:\/\/www.tgrthaber.com\/mavikadin\/wp-content\/uploads\/Sakir-Pasa-Ailesi-6-5.jpg 1600w\" sizes=\"(max-width: 1208px) 100vw, 1208px\" \/><\/p>\n<hr \/>\n<p>Bayram tatili nedeniyle yeni b\u00f6l\u00fcmlerine ara verilen \u015eakir Pa\u015fa Ailesi dizisi, yeni b\u00f6l\u00fcm\u00fcyle 6 Nisan Pazar 2025\u00a0izleyici kar\u015f\u0131s\u0131na \u00e7\u0131kmaya haz\u0131rlan\u0131yor. B\u00fcy\u00fck bir heyecanla beklenen dizinin yeni b\u00f6l\u00fcm\u00fcnde neler olaca\u011f\u0131 ise merakla ara\u015ft\u0131r\u0131l\u0131yor. \u015eakir Pa\u015fa Ailesi, nefes kesecek yeni b\u00f6l\u00fcm\u00fcyle 6 Nisan Pazar g\u00fcn\u00fc saat 20.00\u2019da NOW TV ekranlar\u0131nda izleyici ile bulu\u015fmaya geliyor.<\/p>\n","protected":false},"excerpt":{"rendered":"<p>NOW TV ekranlar\u0131n\u0131n sevilen dizisi \u015eakir Pa\u015fa Ailesi: Mucizeler ve Skandallar t\u00fcm h\u0131z\u0131yla yay\u0131nlanmaya devam ediyor. Konusu ve g\u00fc\u00e7l\u00fc oyuncu kadrosuyla dikkatleri \u00fczerine \u00e7eken dizinin bu hafta yeni b\u00f6l\u00fcm\u00fcn\u00fcn olup olmad\u0131\u011f\u0131 merak ediliyor. Peki, \u015eakir Pa\u015fa Ailesi bu hafta var m\u0131? \u015eakir Pa\u015fa Ailesi neden yok? \u0130\u015fte detaylar\u2026<\/p>\n","protected":false},"author":26,"featured_media":156386,"comment_status":"closed","ping_status":"closed","sticky":false,"template":"","format":"standard","meta":{"rank_math_lock_modified_date":false,"footnotes":""},"categories":[602],"tags":[2628,2324,15322,5365,6042,8516],"class_list":["post-156379","post","type-post","status-publish","format-standard","has-post-thumbnail","hentry","category-diziler","tag-dizi-haberleri","tag-sakir-pasa-ailesi","tag-sakir-pasa-ailesi-dizi","tag-sakir-pasa-ailesi-dizisi","tag-sakir-pasa-ailesi-yeni-bolum","tag-sakir-pasa-ailesi-yeni-bolum-ne-zaman"],"_links":{"self":[{"href":"https:\/\/www.tgrthaber.com\/mavikadin\/wp-json\/wp\/v2\/posts\/156379"}],"collection":[{"href":"https:\/\/www.tgrthaber.com\/mavikadin\/wp-json\/wp\/v2\/posts"}],"about":[{"href":"https:\/\/www.tgrthaber.com\/mavikadin\/wp-json\/wp\/v2\/types\/post"}],"author":[{"embeddable":true,"href":"https:\/\/www.tgrthaber.com\/mavikadin\/wp-json\/wp\/v2\/users\/26"}],"replies":[{"embeddable":true,"href":"https:\/\/www.tgrthaber.com\/mavikadin\/wp-json\/wp\/v2\/comments?post=156379"}],"version-history":[{"count":2,"href":"https:\/\/www.tgrthaber.com\/mavikadin\/wp-json\/wp\/v2\/posts\/156379\/revisions"}],"predecessor-version":[{"id":156393,"href":"https:\/\/www.tgrthaber.com\/mavikadin\/wp-json\/wp\/v2\/posts\/156379\/revisions\/156393"}],"wp:featuredmedia":[{"embeddable":true,"href":"https:\/\/www.tgrthaber.com\/mavikadin\/wp-json\/wp\/v2\/media\/156386"}],"wp:attachment":[{"href":"https:\/\/www.tgrthaber.com\/mavikadin\/wp-json\/wp\/v2\/media?parent=156379"}],"wp:term":[{"taxonomy":"category","embeddable":true,"href":"https:\/\/www.tgrthaber.com\/mavikadin\/wp-json\/wp\/v2\/categories?post=156379"},{"taxonomy":"post_tag","embeddable":true,"href":"https:\/\/www.tgrthaber.com\/mavikadin\/wp-json\/wp\/v2\/tags?post=156379"}],"curies":[{"name":"wp","href":"https:\/\/api.w.org\/{rel}","templated":true}]}}