{"id":156493,"date":"2025-04-03T14:31:36","date_gmt":"2025-04-03T11:31:36","guid":{"rendered":"https:\/\/www.tgrthaber.com\/mavikadin\/?p=156493"},"modified":"2025-04-03T14:31:36","modified_gmt":"2025-04-03T11:31:36","slug":"tolga-saritas-kimin-cocugu-tolga-saritas-estetikli-mi","status":"publish","type":"post","link":"https:\/\/www.tgrthaber.com\/mavikadin\/tolga-saritas-kimin-cocugu-tolga-saritas-estetikli-mi\/","title":{"rendered":"Tolga Sar\u0131ta\u015f kimin \u00e7ocu\u011fu? Tolga Sar\u0131ta\u015f estetikli mi?"},"content":{"rendered":"<p>Televizyon ve sinema d\u00fcnyas\u0131n\u0131n parlayan y\u0131ld\u0131zlar\u0131ndan biri olan Tolga Sar\u0131ta\u015f, sadece oyunculu\u011fuyla de\u011fil, samimi duru\u015fu ve do\u011fal karizmas\u0131yla da b\u00fcy\u00fck bir hayran kitlesine sahip oluyor. Sevenleri onun hakk\u0131nda her detay\u0131 merak ederken, \u00f6zellikle ailesi ve estetik iddialar\u0131 s\u0131k s\u0131k g\u00fcndeme geliyor. Peki, Tolga Sar\u0131ta\u015f kimin \u00e7ocu\u011fu? Tolga Sar\u0131ta\u015f estetikli mi? sorular\u0131n\u0131 sizler i\u00e7in ara\u015ft\u0131rd\u0131k. Merak edilenler haberimizde\u2026<\/p>\n<h3>TOLGA SARITA\u015e K\u0130M\u0130N \u00c7OCU\u011eU?<\/h3>\n<p>Tolga Sar\u0131ta\u015f, 30 May\u0131s 1991\u2019de \u0130stanbul\u2019da d\u00fcnyaya geldi. Aslen Sivasl\u0131 olan Sar\u0131ta\u015f, i\u015f\u00e7i emeklisi bir baba ve ev han\u0131m\u0131 bir annenin o\u011flu olarak b\u00fcy\u00fcd\u00fc. \u00c7ocukluk y\u0131llar\u0131n\u0131 \u0130stanbul\u2019un mahalle k\u00fclt\u00fcr\u00fc i\u00e7inde ge\u00e7iren ba\u015far\u0131l\u0131 oyuncu, k\u00fc\u00e7\u00fck ya\u015flardan itibaren sanata ve oyunculu\u011fa ilgi duydu. Onu yak\u0131ndan tan\u0131yanlar, \u00e7ocukluk y\u0131llar\u0131nda da enerjik ve ne\u015feli bir yap\u0131ya sahip oldu\u011funu s\u00f6yl\u00fcyor.<\/p>\n<p><img loading=\"lazy\" decoding=\"async\" class=\"alignnone wp-image-156509\" src=\"https:\/\/www.tgrthaber.com\/mavikadin\/wp-content\/uploads\/haber-gorselleri-fotoshop-2025-04-03T142655.530-1024x576.jpg\" alt=\"Tolga Sar\u0131ta\u015f kimin \u00e7ocu\u011fu? Tolga Sar\u0131ta\u015f estetikli mi?\" width=\"1208\" height=\"680\" title=\"\" srcset=\"https:\/\/www.tgrthaber.com\/mavikadin\/wp-content\/uploads\/haber-gorselleri-fotoshop-2025-04-03T142655.530-1024x576.jpg 1024w, https:\/\/www.tgrthaber.com\/mavikadin\/wp-content\/uploads\/haber-gorselleri-fotoshop-2025-04-03T142655.530-300x169.jpg 300w, https:\/\/www.tgrthaber.com\/mavikadin\/wp-content\/uploads\/haber-gorselleri-fotoshop-2025-04-03T142655.530-768x432.jpg 768w, https:\/\/www.tgrthaber.com\/mavikadin\/wp-content\/uploads\/haber-gorselleri-fotoshop-2025-04-03T142655.530-1536x864.jpg 1536w, https:\/\/www.tgrthaber.com\/mavikadin\/wp-content\/uploads\/haber-gorselleri-fotoshop-2025-04-03T142655.530.jpg 1600w\" sizes=\"(max-width: 1208px) 100vw, 1208px\" \/><\/p>\n<hr \/>\n<p>Lise y\u0131llar\u0131nda m\u00fczi\u011fe olan ilgisi sayesinde \u00e7e\u015fitli gruplarda bateri ve gitar \u00e7alan Sar\u0131ta\u015f, asl\u0131nda m\u00fczisyen olmay\u0131 d\u00fc\u015f\u00fcn\u00fcyordu. Ancak sahneye olan ilgisi onu tiyatroya y\u00f6nlendirdi ve oyunculuk kariyeri b\u00f6yle ba\u015flad\u0131. Bug\u00fcn geldi\u011fi noktada, rol ald\u0131\u011f\u0131 her projede g\u00f6sterdi\u011fi \u00fcst\u00fcn performansla milyonlar\u0131 kendisine hayran b\u0131rak\u0131yor.<\/p>\n<h3><img loading=\"lazy\" decoding=\"async\" class=\"alignnone wp-image-156510\" src=\"https:\/\/www.tgrthaber.com\/mavikadin\/wp-content\/uploads\/haber-gorselleri-fotoshop-2025-04-03T142641.985-1024x576.jpg\" alt=\"Tolga Sar\u0131ta\u015f kimin \u00e7ocu\u011fu? Tolga Sar\u0131ta\u015f estetikli mi?\" width=\"1208\" height=\"680\" title=\"\" srcset=\"https:\/\/www.tgrthaber.com\/mavikadin\/wp-content\/uploads\/haber-gorselleri-fotoshop-2025-04-03T142641.985-1024x576.jpg 1024w, https:\/\/www.tgrthaber.com\/mavikadin\/wp-content\/uploads\/haber-gorselleri-fotoshop-2025-04-03T142641.985-300x169.jpg 300w, https:\/\/www.tgrthaber.com\/mavikadin\/wp-content\/uploads\/haber-gorselleri-fotoshop-2025-04-03T142641.985-768x432.jpg 768w, https:\/\/www.tgrthaber.com\/mavikadin\/wp-content\/uploads\/haber-gorselleri-fotoshop-2025-04-03T142641.985-1536x864.jpg 1536w, https:\/\/www.tgrthaber.com\/mavikadin\/wp-content\/uploads\/haber-gorselleri-fotoshop-2025-04-03T142641.985.jpg 1600w\" sizes=\"(max-width: 1208px) 100vw, 1208px\" \/><\/h3>\n<hr \/>\n<h3>TOLGA SARITA\u015e ESTET\u0130KL\u0130 M\u0130?<\/h3>\n<p>Tolga Sar\u0131ta\u015f\u2019\u0131n y\u0131llar i\u00e7inde de\u011fi\u015fen g\u00f6r\u00fcn\u00fcm\u00fc, estetik yapt\u0131rd\u0131\u011f\u0131na dair baz\u0131 iddialar\u0131 beraberinde getirdi. \u00d6zellikle y\u00fcz hatlar\u0131n\u0131n belirginle\u015fmesi, burun yap\u0131s\u0131n\u0131n de\u011fi\u015fti\u011fi y\u00f6n\u00fcndeki s\u00f6ylentileri art\u0131rd\u0131. Ancak oyuncunun herhangi bir estetik operasyon ge\u00e7irdi\u011fine dair kesin bir bilgi bulunmuyor.<\/p>\n<p><img loading=\"lazy\" decoding=\"async\" class=\"alignnone wp-image-156508\" src=\"https:\/\/www.tgrthaber.com\/mavikadin\/wp-content\/uploads\/haber-gorselleri-fotoshop-2025-04-03T142707.023-1024x576.jpg\" alt=\"Tolga Sar\u0131ta\u015f kimin \u00e7ocu\u011fu? Tolga Sar\u0131ta\u015f estetikli mi?\" width=\"1208\" height=\"680\" title=\"\" srcset=\"https:\/\/www.tgrthaber.com\/mavikadin\/wp-content\/uploads\/haber-gorselleri-fotoshop-2025-04-03T142707.023-1024x576.jpg 1024w, https:\/\/www.tgrthaber.com\/mavikadin\/wp-content\/uploads\/haber-gorselleri-fotoshop-2025-04-03T142707.023-300x169.jpg 300w, https:\/\/www.tgrthaber.com\/mavikadin\/wp-content\/uploads\/haber-gorselleri-fotoshop-2025-04-03T142707.023-768x432.jpg 768w, https:\/\/www.tgrthaber.com\/mavikadin\/wp-content\/uploads\/haber-gorselleri-fotoshop-2025-04-03T142707.023-1536x864.jpg 1536w, https:\/\/www.tgrthaber.com\/mavikadin\/wp-content\/uploads\/haber-gorselleri-fotoshop-2025-04-03T142707.023.jpg 1600w\" sizes=\"(max-width: 1208px) 100vw, 1208px\" \/><\/p>\n<hr \/>\n<p>G\u00fczellik ve yak\u0131\u015f\u0131kl\u0131l\u0131k kavramlar\u0131 zamanla de\u011fi\u015firken, bir\u00e7ok \u00fcnl\u00fc isim gibi Sar\u0131ta\u015f da d\u00fczenli bak\u0131m ve sa\u011fl\u0131kl\u0131 ya\u015fam tarz\u0131yla do\u011fal bir de\u011fi\u015fim s\u00fcrecinden ge\u00e7ti\u011fi d\u00fc\u015f\u00fcn\u00fcl\u00fcyor. Cilt bak\u0131m\u0131, spor ve beslenmeye verdi\u011fi \u00f6nem, gen\u00e7 ve din\u00e7 g\u00f6r\u00fcn\u00fcm\u00fcn\u00fcn s\u0131rr\u0131 olarak g\u00f6steriliyor. Yak\u0131n \u00e7evresi de oyuncunun herhangi bir operasyon ge\u00e7irmedi\u011fini, sadece ya\u015f ald\u0131k\u00e7a y\u00fcz hatlar\u0131n\u0131n oturdu\u011funu belirtiyor.<\/p>\n<p><img loading=\"lazy\" decoding=\"async\" class=\"alignnone wp-image-156507\" src=\"https:\/\/www.tgrthaber.com\/mavikadin\/wp-content\/uploads\/haber-gorselleri-fotoshop-2025-04-03T142721.653-1024x576.jpg\" alt=\"Tolga Sar\u0131ta\u015f kimin \u00e7ocu\u011fu? Tolga Sar\u0131ta\u015f estetikli mi?\" width=\"1208\" height=\"680\" title=\"\" srcset=\"https:\/\/www.tgrthaber.com\/mavikadin\/wp-content\/uploads\/haber-gorselleri-fotoshop-2025-04-03T142721.653-1024x576.jpg 1024w, https:\/\/www.tgrthaber.com\/mavikadin\/wp-content\/uploads\/haber-gorselleri-fotoshop-2025-04-03T142721.653-300x169.jpg 300w, https:\/\/www.tgrthaber.com\/mavikadin\/wp-content\/uploads\/haber-gorselleri-fotoshop-2025-04-03T142721.653-768x432.jpg 768w, https:\/\/www.tgrthaber.com\/mavikadin\/wp-content\/uploads\/haber-gorselleri-fotoshop-2025-04-03T142721.653-1536x864.jpg 1536w, https:\/\/www.tgrthaber.com\/mavikadin\/wp-content\/uploads\/haber-gorselleri-fotoshop-2025-04-03T142721.653.jpg 1600w\" sizes=\"(max-width: 1208px) 100vw, 1208px\" \/><\/p>\n<hr \/>\n<p>Tolga Sar\u0131ta\u015f, bug\u00fcne kadar bir\u00e7ok dizi ve filmde yer ald\u0131. \u201cMuhte\u015fem Y\u00fczy\u0131l\u201d dizisindeki \u015eehzade Cihangir rol\u00fcyle b\u00fcy\u00fck bir \u00e7\u0131k\u0131\u015f yakalayan oyuncu, ard\u0131ndan \u201cG\u00fcne\u015fin K\u0131zlar\u0131\u201d dizisindeki Ali karakteriyle geni\u015f kitlelere ula\u015ft\u0131. Ancak as\u0131l b\u00fcy\u00fck patlamas\u0131n\u0131, \u201cS\u00f6z\u201d dizisindeki Yavuz Karasu karakteriyle yapt\u0131. Askeri dram t\u00fcr\u00fcndeki bu yap\u0131m, Sar\u0131ta\u015f\u2019\u0131n sert ve karizmatik rollerin de alt\u0131ndan ba\u015far\u0131yla kalkabilece\u011fini g\u00f6sterdi.<\/p>\n","protected":false},"excerpt":{"rendered":"<p>Tolga Sar\u0131ta\u015f, \u00f6zel hayat\u0131n\u0131 g\u00f6z \u00f6n\u00fcnde ya\u015famay\u0131 tercih etmeyen isimlerden biri oluyor. Magazin g\u00fcndemine \u00e7ok s\u0131k gelmemesi, hayranlar\u0131n\u0131n onun hakk\u0131nda daha da meraklanmas\u0131na neden oluyor. Arama motorlar\u0131nda Tolga Sar\u0131ta\u015f hakk\u0131nda kimin \u00e7ocu\u011fu oldu\u011fu ve Sar\u0131ta\u015f\u2019\u0131n estetikli mi oldu\u011fu merak edilen sorular\u0131n ba\u015f\u0131nda geliyor. Bizlerde sizler i\u00e7in bu sorular\u0131 ara\u015ft\u0131rd\u0131k.<\/p>\n","protected":false},"author":34,"featured_media":156506,"comment_status":"closed","ping_status":"closed","sticky":false,"template":"","format":"standard","meta":{"rank_math_lock_modified_date":false,"footnotes":""},"categories":[491],"tags":[2218,840,2312,16538,16537,16539],"class_list":["post-156493","post","type-post","status-publish","format-standard","has-post-thumbnail","hentry","category-biyografi","tag-magazin-haberleri","tag-teskilat","tag-tolga-saritas","tag-tolga-saritas-estetikli-mi","tag-tolga-saritas-kimdir","tag-tolga-saritas-kimin-oglu"],"_links":{"self":[{"href":"https:\/\/www.tgrthaber.com\/mavikadin\/wp-json\/wp\/v2\/posts\/156493"}],"collection":[{"href":"https:\/\/www.tgrthaber.com\/mavikadin\/wp-json\/wp\/v2\/posts"}],"about":[{"href":"https:\/\/www.tgrthaber.com\/mavikadin\/wp-json\/wp\/v2\/types\/post"}],"author":[{"embeddable":true,"href":"https:\/\/www.tgrthaber.com\/mavikadin\/wp-json\/wp\/v2\/users\/34"}],"replies":[{"embeddable":true,"href":"https:\/\/www.tgrthaber.com\/mavikadin\/wp-json\/wp\/v2\/comments?post=156493"}],"version-history":[{"count":1,"href":"https:\/\/www.tgrthaber.com\/mavikadin\/wp-json\/wp\/v2\/posts\/156493\/revisions"}],"predecessor-version":[{"id":156511,"href":"https:\/\/www.tgrthaber.com\/mavikadin\/wp-json\/wp\/v2\/posts\/156493\/revisions\/156511"}],"wp:featuredmedia":[{"embeddable":true,"href":"https:\/\/www.tgrthaber.com\/mavikadin\/wp-json\/wp\/v2\/media\/156506"}],"wp:attachment":[{"href":"https:\/\/www.tgrthaber.com\/mavikadin\/wp-json\/wp\/v2\/media?parent=156493"}],"wp:term":[{"taxonomy":"category","embeddable":true,"href":"https:\/\/www.tgrthaber.com\/mavikadin\/wp-json\/wp\/v2\/categories?post=156493"},{"taxonomy":"post_tag","embeddable":true,"href":"https:\/\/www.tgrthaber.com\/mavikadin\/wp-json\/wp\/v2\/tags?post=156493"}],"curies":[{"name":"wp","href":"https:\/\/api.w.org\/{rel}","templated":true}]}}