{"id":156560,"date":"2025-04-03T16:23:39","date_gmt":"2025-04-03T13:23:39","guid":{"rendered":"https:\/\/www.tgrthaber.com\/mavikadin\/?p=156560"},"modified":"2025-06-11T09:32:58","modified_gmt":"2025-06-11T06:32:58","slug":"2025-yilinin-en-iyi-sac-uzatan-vitaminleri-saclarin-vazgecilmezleri","status":"publish","type":"post","link":"https:\/\/www.tgrthaber.com\/mavikadin\/2025-yilinin-en-iyi-sac-uzatan-vitaminleri-saclarin-vazgecilmezleri\/","title":{"rendered":"2025 y\u0131l\u0131n\u0131n en iyi sa\u00e7 uzatan vitaminleri! Sa\u00e7lar\u0131n vazge\u00e7ilmezleri"},"content":{"rendered":"<p>Sa\u00e7 sa\u011fl\u0131\u011f\u0131, g\u00fcn\u00fcm\u00fczde sadece estetik bir konu olmaktan \u00e7\u0131k\u0131p genel sa\u011fl\u0131k g\u00f6stergelerinden biri haline geldi. \u00d6zellikle uzun, sa\u011fl\u0131kl\u0131 ve parlak sa\u00e7lara sahip olmak isteyenler i\u00e7in vitamin kullan\u0131m\u0131 b\u00fcy\u00fck \u00f6nem ta\u015f\u0131yor. 2025 y\u0131l\u0131n\u0131n en iyi sa\u00e7 uzatan vitaminleri, sa\u00e7lar\u0131n vazge\u00e7ilmezleri oluyor.<\/p>\n<h3>B\u0130OT\u0130N (B7 V\u0130TAM\u0130N\u0130):\u00a0 EN \u0130Y\u0130 SA\u00c7 UZATAN V\u0130TAM\u0130NLER<\/h3>\n<p>Biotin, sa\u00e7 sa\u011fl\u0131\u011f\u0131 denildi\u011finde ilk akla gelen vitaminlerden biridir. B7 vitamini olarak da bilinen bu besin \u00f6\u011fesi, sa\u00e7 k\u00f6klerini g\u00fc\u00e7lendirerek sa\u00e7 tellerinin k\u0131r\u0131lmas\u0131n\u0131 \u00f6nler ve daha h\u0131zl\u0131 uzamas\u0131na yard\u0131mc\u0131 olur. Biotin eksikli\u011fi, sa\u00e7 d\u00f6k\u00fclmesine ve cans\u0131z sa\u00e7lara yol a\u00e7abilir. 2025 y\u0131l\u0131nda bir\u00e7ok sa\u00e7 vitamini markas\u0131 biotin i\u00e7eren takviyeler geli\u015ftirmi\u015f durumda. \u00d6zellikle yumurta, badem ve avokado gibi do\u011fal g\u0131dalardan da biotin alabilirsiniz.<\/p>\n<h3><img loading=\"lazy\" decoding=\"async\" class=\"alignnone wp-image-156595\" src=\"https:\/\/www.tgrthaber.com\/mavikadin\/wp-content\/uploads\/haber-gorselleri-fotoshop-2025-04-03T162152.902-1024x576.jpg\" alt=\"2025 y\u0131l\u0131n\u0131n en iyi sa\u00e7 uzatan vitaminleri! Sa\u00e7lar\u0131n vazge\u00e7ilmezleri\" width=\"1208\" height=\"680\" title=\"\" srcset=\"https:\/\/www.tgrthaber.com\/mavikadin\/wp-content\/uploads\/haber-gorselleri-fotoshop-2025-04-03T162152.902-1024x576.jpg 1024w, https:\/\/www.tgrthaber.com\/mavikadin\/wp-content\/uploads\/haber-gorselleri-fotoshop-2025-04-03T162152.902-300x169.jpg 300w, https:\/\/www.tgrthaber.com\/mavikadin\/wp-content\/uploads\/haber-gorselleri-fotoshop-2025-04-03T162152.902-768x432.jpg 768w, https:\/\/www.tgrthaber.com\/mavikadin\/wp-content\/uploads\/haber-gorselleri-fotoshop-2025-04-03T162152.902-1536x864.jpg 1536w, https:\/\/www.tgrthaber.com\/mavikadin\/wp-content\/uploads\/haber-gorselleri-fotoshop-2025-04-03T162152.902.jpg 1600w\" sizes=\"(max-width: 1208px) 100vw, 1208px\" \/><\/h3>\n<hr \/>\n<h3>B V\u0130TAM\u0130NLER\u0130: SA\u00c7 DER\u0130S\u0130N\u0130 BESLEYEN G\u00dc\u00c7 KAYNA\u011eI<\/h3>\n<p>B<a href=\"https:\/\/turkiyehastanesi.com\/tr\/blog\/vitaminler-nedir-\" target=\"_blank\" rel=\"noopener\"> vitaminleri<\/a>, sa\u00e7 uzamas\u0131nda kritik bir rol oynar. B6 ve B12 vitaminleri sa\u00e7 derisindeki h\u00fccre yenilenmesini h\u0131zland\u0131rarak sa\u00e7 tellerinin daha sa\u011fl\u0131kl\u0131 b\u00fcy\u00fcmesini sa\u011flar. \u00d6zellikle B12 vitamini, sa\u00e7 k\u00f6klerinin oksijen al\u0131m\u0131n\u0131 art\u0131rarak sa\u00e7 tellerinin daha g\u00fc\u00e7l\u00fc ve canl\u0131 g\u00f6r\u00fcnmesine yard\u0131mc\u0131 olur.<\/p>\n<h3><img loading=\"lazy\" decoding=\"async\" class=\"alignnone wp-image-156584\" src=\"https:\/\/www.tgrthaber.com\/mavikadin\/wp-content\/uploads\/haber-gorselleri-fotoshop-2025-04-03T161619.803-1024x576.jpg\" alt=\"2025 y\u0131l\u0131n\u0131n en iyi sa\u00e7 uzatan vitaminleri! Sa\u00e7lar\u0131n vazge\u00e7ilmezleri\" width=\"1208\" height=\"680\" title=\"\" srcset=\"https:\/\/www.tgrthaber.com\/mavikadin\/wp-content\/uploads\/haber-gorselleri-fotoshop-2025-04-03T161619.803-1024x576.jpg 1024w, https:\/\/www.tgrthaber.com\/mavikadin\/wp-content\/uploads\/haber-gorselleri-fotoshop-2025-04-03T161619.803-300x169.jpg 300w, https:\/\/www.tgrthaber.com\/mavikadin\/wp-content\/uploads\/haber-gorselleri-fotoshop-2025-04-03T161619.803-768x432.jpg 768w, https:\/\/www.tgrthaber.com\/mavikadin\/wp-content\/uploads\/haber-gorselleri-fotoshop-2025-04-03T161619.803-1536x864.jpg 1536w, https:\/\/www.tgrthaber.com\/mavikadin\/wp-content\/uploads\/haber-gorselleri-fotoshop-2025-04-03T161619.803.jpg 1600w\" sizes=\"(max-width: 1208px) 100vw, 1208px\" \/><\/h3>\n<hr \/>\n<h3>C V\u0130TAM\u0130N\u0130: SA\u00c7 FOL\u0130K\u00dcLLER\u0130NE ANT\u0130OKS\u0130DAN DESTE\u011e\u0130<\/h3>\n<p>C vitamini, sa\u00e7 k\u00f6klerini serbest radikallerin zararlar\u0131ndan koruyan g\u00fc\u00e7l\u00fc bir antioksidand\u0131r. Ayn\u0131 zamanda v\u00fccutta kolajen \u00fcretimini destekleyerek sa\u00e7 tellerinin daha kal\u0131n ve dayan\u0131kl\u0131 olmas\u0131na katk\u0131 sa\u011flar. Turun\u00e7giller, \u00e7ilek ve k\u0131rm\u0131z\u0131 biber gibi besinler do\u011fal C vitamini kaynaklar\u0131d\u0131r.<\/p>\n<h3><img loading=\"lazy\" decoding=\"async\" class=\"alignnone wp-image-156586\" src=\"https:\/\/www.tgrthaber.com\/mavikadin\/wp-content\/uploads\/haber-gorselleri-fotoshop-2025-04-03T161553.895-1024x576.jpg\" alt=\"2025 y\u0131l\u0131n\u0131n en iyi sa\u00e7 uzatan vitaminleri! Sa\u00e7lar\u0131n vazge\u00e7ilmezleri\" width=\"1208\" height=\"680\" title=\"\" srcset=\"https:\/\/www.tgrthaber.com\/mavikadin\/wp-content\/uploads\/haber-gorselleri-fotoshop-2025-04-03T161553.895-1024x576.jpg 1024w, https:\/\/www.tgrthaber.com\/mavikadin\/wp-content\/uploads\/haber-gorselleri-fotoshop-2025-04-03T161553.895-300x169.jpg 300w, https:\/\/www.tgrthaber.com\/mavikadin\/wp-content\/uploads\/haber-gorselleri-fotoshop-2025-04-03T161553.895-768x432.jpg 768w, https:\/\/www.tgrthaber.com\/mavikadin\/wp-content\/uploads\/haber-gorselleri-fotoshop-2025-04-03T161553.895-1536x864.jpg 1536w, https:\/\/www.tgrthaber.com\/mavikadin\/wp-content\/uploads\/haber-gorselleri-fotoshop-2025-04-03T161553.895.jpg 1600w\" sizes=\"(max-width: 1208px) 100vw, 1208px\" \/><\/h3>\n<hr \/>\n<h3>DEM\u0130R: SA\u00c7 K\u00d6KLER\u0130N\u0130 G\u00dc\u00c7LEND\u0130REN M\u0130NERAL<\/h3>\n<p>Demir eksikli\u011fi, sa\u00e7 d\u00f6k\u00fclmesinin en yayg\u0131n nedenlerinden biridir. K\u0131rm\u0131z\u0131 kan h\u00fccrelerinin oksijen ta\u015f\u0131ma kapasitesini art\u0131ran demir, sa\u00e7 folik\u00fcllerinin sa\u011fl\u0131kl\u0131 \u00e7al\u0131\u015fmas\u0131n\u0131 sa\u011flar. 2025 y\u0131l\u0131nda demir i\u00e7eren takviyeler, sa\u00e7 uzatma s\u00fcrecine destek olmak i\u00e7in en \u00e7ok \u00f6nerilen \u00fcr\u00fcnler aras\u0131nda yer al\u0131yor.<\/p>\n<h3><img loading=\"lazy\" decoding=\"async\" class=\"alignnone wp-image-156588\" src=\"https:\/\/www.tgrthaber.com\/mavikadin\/wp-content\/uploads\/haber-gorselleri-fotoshop-2025-04-03T161037.654-1024x576.jpg\" alt=\"2025 y\u0131l\u0131n\u0131n en iyi sa\u00e7 uzatan vitaminleri! Sa\u00e7lar\u0131n vazge\u00e7ilmezleri\" width=\"1208\" height=\"680\" title=\"\" srcset=\"https:\/\/www.tgrthaber.com\/mavikadin\/wp-content\/uploads\/haber-gorselleri-fotoshop-2025-04-03T161037.654-1024x576.jpg 1024w, https:\/\/www.tgrthaber.com\/mavikadin\/wp-content\/uploads\/haber-gorselleri-fotoshop-2025-04-03T161037.654-300x169.jpg 300w, https:\/\/www.tgrthaber.com\/mavikadin\/wp-content\/uploads\/haber-gorselleri-fotoshop-2025-04-03T161037.654-768x432.jpg 768w, https:\/\/www.tgrthaber.com\/mavikadin\/wp-content\/uploads\/haber-gorselleri-fotoshop-2025-04-03T161037.654-1536x864.jpg 1536w, https:\/\/www.tgrthaber.com\/mavikadin\/wp-content\/uploads\/haber-gorselleri-fotoshop-2025-04-03T161037.654.jpg 1600w\" sizes=\"(max-width: 1208px) 100vw, 1208px\" \/><\/h3>\n<hr \/>\n<h3>OMEGA-3 YA\u011e AS\u0130TLER\u0130: SA\u00c7 DER\u0130S\u0130N\u0130 NEMLEND\u0130REN DO\u011eAL KAYNAK<\/h3>\n<p>Omega-3 ya\u011f asitleri, sa\u00e7 derisinin sa\u011fl\u0131kl\u0131 kalmas\u0131na yard\u0131mc\u0131 olan esansiyel ya\u011flard\u0131r. Sa\u00e7 derisindeki iltihaplanmay\u0131 azaltarak sa\u00e7lar\u0131n daha sa\u011fl\u0131kl\u0131 ve h\u0131zl\u0131 uzamas\u0131n\u0131 destekler. Somon, ceviz ve keten tohumu gibi besinler do\u011fal omega-3 kaynaklar\u0131 aras\u0131nda yer al\u0131r.<\/p>\n<h3><img loading=\"lazy\" decoding=\"async\" class=\"alignnone wp-image-156596\" src=\"https:\/\/www.tgrthaber.com\/mavikadin\/wp-content\/uploads\/haber-gorselleri-fotoshop-2025-04-03T162146.199-1024x576.jpg\" alt=\"2025 y\u0131l\u0131n\u0131n en iyi sa\u00e7 uzatan vitaminleri! Sa\u00e7lar\u0131n vazge\u00e7ilmezleri\" width=\"1208\" height=\"680\" title=\"\" srcset=\"https:\/\/www.tgrthaber.com\/mavikadin\/wp-content\/uploads\/haber-gorselleri-fotoshop-2025-04-03T162146.199-1024x576.jpg 1024w, https:\/\/www.tgrthaber.com\/mavikadin\/wp-content\/uploads\/haber-gorselleri-fotoshop-2025-04-03T162146.199-300x169.jpg 300w, https:\/\/www.tgrthaber.com\/mavikadin\/wp-content\/uploads\/haber-gorselleri-fotoshop-2025-04-03T162146.199-768x432.jpg 768w, https:\/\/www.tgrthaber.com\/mavikadin\/wp-content\/uploads\/haber-gorselleri-fotoshop-2025-04-03T162146.199-1536x864.jpg 1536w, https:\/\/www.tgrthaber.com\/mavikadin\/wp-content\/uploads\/haber-gorselleri-fotoshop-2025-04-03T162146.199.jpg 1600w\" sizes=\"(max-width: 1208px) 100vw, 1208px\" \/><\/h3>\n<hr \/>\n<h3>E V\u0130TAM\u0130N\u0130: SA\u00c7 TELLER\u0130NE PARLAKLIK KAZANDIRAN ANT\u0130OKS\u0130DAN<\/h3>\n<p>E vitamini, sa\u00e7 derisinde kan dola\u015f\u0131m\u0131n\u0131 art\u0131rarak sa\u00e7 k\u00f6klerinin daha iyi beslenmesine yard\u0131mc\u0131 olur. Ayn\u0131 zamanda sa\u00e7lar\u0131n daha parlak ve sa\u011fl\u0131kl\u0131 g\u00f6r\u00fcnmesini sa\u011flar. F\u0131nd\u0131k, badem ve ay\u00e7i\u00e7ek ya\u011f\u0131 gibi besinler E vitamini a\u00e7\u0131s\u0131ndan zengindir.<\/p>\n<h3><img loading=\"lazy\" decoding=\"async\" class=\"alignnone wp-image-156585\" src=\"https:\/\/www.tgrthaber.com\/mavikadin\/wp-content\/uploads\/haber-gorselleri-fotoshop-2025-04-03T161609.998-1024x576.jpg\" alt=\"2025 y\u0131l\u0131n\u0131n en iyi sa\u00e7 uzatan vitaminleri! Sa\u00e7lar\u0131n vazge\u00e7ilmezleri\" width=\"1208\" height=\"680\" title=\"\" srcset=\"https:\/\/www.tgrthaber.com\/mavikadin\/wp-content\/uploads\/haber-gorselleri-fotoshop-2025-04-03T161609.998-1024x576.jpg 1024w, https:\/\/www.tgrthaber.com\/mavikadin\/wp-content\/uploads\/haber-gorselleri-fotoshop-2025-04-03T161609.998-300x169.jpg 300w, https:\/\/www.tgrthaber.com\/mavikadin\/wp-content\/uploads\/haber-gorselleri-fotoshop-2025-04-03T161609.998-768x432.jpg 768w, https:\/\/www.tgrthaber.com\/mavikadin\/wp-content\/uploads\/haber-gorselleri-fotoshop-2025-04-03T161609.998-1536x864.jpg 1536w, https:\/\/www.tgrthaber.com\/mavikadin\/wp-content\/uploads\/haber-gorselleri-fotoshop-2025-04-03T161609.998.jpg 1600w\" sizes=\"(max-width: 1208px) 100vw, 1208px\" \/><\/h3>\n<hr \/>\n<h3>SA\u00c7LARIN VAZGE\u00c7\u0130LMEZLER\u0130 OLUYOR<\/h3>\n<p>Sa\u00e7lar\u0131n\u0131z\u0131 daha h\u0131zl\u0131 uzatmak ve g\u00fc\u00e7lendirmek i\u00e7in bu vitaminleri i\u00e7eren besinleri g\u00fcnl\u00fck beslenmenize dahil edebilir ya da doktor \u00f6nerisiyle uygun takviyeleri kullanabilirsiniz. Sa\u011fl\u0131kl\u0131 sa\u00e7lara kavu\u015fman\u0131n anahtar\u0131, dengeli beslenme ve do\u011fru bak\u0131m rutinlerinden ge\u00e7iyor.<\/p>\n","protected":false},"excerpt":{"rendered":"<p>2025 y\u0131l\u0131nda en iyi sa\u00e7 uzatan vitaminler olduk\u00e7a pop\u00fcler hale geldi. Arama motorlar\u0131nda en iyi sa\u00e7 uzatan vitaminler ara\u015ft\u0131r\u0131lmaya ba\u015fland\u0131. Bizlerde sa\u00e7 sa\u011fl\u0131\u011f\u0131na iyi gelen vitaminleri sizler i\u00e7in ara\u015ft\u0131rd\u0131k. Detaylar haberimizde\u2026<\/p>\n","protected":false},"author":34,"featured_media":156585,"comment_status":"closed","ping_status":"closed","sticky":false,"template":"","format":"standard","meta":{"rank_math_lock_modified_date":false,"footnotes":""},"categories":[166],"tags":[16554,16553,2832,14394,16555,16556],"class_list":["post-156560","post","type-post","status-publish","format-standard","has-post-thumbnail","hentry","category-sac-bakimi-sac-uzatma","tag-2025-yilinin-en-iyi-sac-uzatan-vitaminleri","tag-en-hizli-sac-uzatma","tag-sac-bakimi","tag-sac-uzatma","tag-sac-uzatma-ve-sac-bakim-haberleri","tag-sac-uzatma-vitaminleri"],"_links":{"self":[{"href":"https:\/\/www.tgrthaber.com\/mavikadin\/wp-json\/wp\/v2\/posts\/156560"}],"collection":[{"href":"https:\/\/www.tgrthaber.com\/mavikadin\/wp-json\/wp\/v2\/posts"}],"about":[{"href":"https:\/\/www.tgrthaber.com\/mavikadin\/wp-json\/wp\/v2\/types\/post"}],"author":[{"embeddable":true,"href":"https:\/\/www.tgrthaber.com\/mavikadin\/wp-json\/wp\/v2\/users\/34"}],"replies":[{"embeddable":true,"href":"https:\/\/www.tgrthaber.com\/mavikadin\/wp-json\/wp\/v2\/comments?post=156560"}],"version-history":[{"count":3,"href":"https:\/\/www.tgrthaber.com\/mavikadin\/wp-json\/wp\/v2\/posts\/156560\/revisions"}],"predecessor-version":[{"id":189696,"href":"https:\/\/www.tgrthaber.com\/mavikadin\/wp-json\/wp\/v2\/posts\/156560\/revisions\/189696"}],"wp:featuredmedia":[{"embeddable":true,"href":"https:\/\/www.tgrthaber.com\/mavikadin\/wp-json\/wp\/v2\/media\/156585"}],"wp:attachment":[{"href":"https:\/\/www.tgrthaber.com\/mavikadin\/wp-json\/wp\/v2\/media?parent=156560"}],"wp:term":[{"taxonomy":"category","embeddable":true,"href":"https:\/\/www.tgrthaber.com\/mavikadin\/wp-json\/wp\/v2\/categories?post=156560"},{"taxonomy":"post_tag","embeddable":true,"href":"https:\/\/www.tgrthaber.com\/mavikadin\/wp-json\/wp\/v2\/tags?post=156560"}],"curies":[{"name":"wp","href":"https:\/\/api.w.org\/{rel}","templated":true}]}}