{"id":156600,"date":"2025-04-03T17:17:19","date_gmt":"2025-04-03T14:17:19","guid":{"rendered":"https:\/\/www.tgrthaber.com\/mavikadin\/?p=156600"},"modified":"2025-04-03T17:20:11","modified_gmt":"2025-04-03T14:20:11","slug":"gulsen-bubikoglunun-kokeni-nereli-gulsen-bubikoglu-kac-kez-evlenmistir","status":"publish","type":"post","link":"https:\/\/www.tgrthaber.com\/mavikadin\/gulsen-bubikoglunun-kokeni-nereli-gulsen-bubikoglu-kac-kez-evlenmistir\/","title":{"rendered":"G\u00fcl\u015fen Bubiko\u011flu&#8217;nun k\u00f6keni nereli? G\u00fcl\u015fen Bubiko\u011flu ka\u00e7 kez evlenmi\u015ftir?"},"content":{"rendered":"<p>Ye\u015fil\u00e7am\u2019\u0131n zarif ve etkileyici isimlerinden biri olan G\u00fcl\u015fen Bubiko\u011flu, y\u0131llar ge\u00e7se de g\u00fczelli\u011fi ve duru\u015fuyla hayranlar\u0131n\u0131 etkilemeye devam ediyor. Sinema d\u00fcnyas\u0131na ad\u0131m att\u0131\u011f\u0131 ilk y\u0131llardan itibaren kendine has tarz\u0131yla dikkat \u00e7eken Bubiko\u011flu, yaln\u0131zca oyunculu\u011fuyla de\u011fil, \u00f6zel hayat\u0131yla da merak edilen isimlerden biri olmaya devam ediyor. Peki, G\u00fcl\u015fen Bubiko\u011flu&#8217;nun k\u00f6keni nereli? G\u00fcl\u015fen Bubiko\u011flu ka\u00e7 kez evlenmi\u015ftir? sorular\u0131n\u0131 sizler i\u00e7in ara\u015ft\u0131rd\u0131k. Detaylar haberimizde\u2026<\/p>\n<h3><strong>G\u00dcL\u015eEN BUB\u0130KO\u011eLU&#8217;NUN K\u00d6KEN\u0130 NEREL\u0130?<\/strong><\/h3>\n<p>G\u00fcl\u015fen Bubiko\u011flu, 5 Aral\u0131k 1954 tarihinde \u0130stanbul\u2019da d\u00fcnyaya geldi. \u00c7ocuklu\u011fu ve gen\u00e7li\u011fi \u0130stanbul\u2019un nostaljik sokaklar\u0131nda ge\u00e7en oyuncunun k\u00f6keni hakk\u0131nda net bir bilgi bulunmasa da ailesinin T\u00fcrk oldu\u011fu bilinmektedir. Ancak, soyad\u0131 Bubiko\u011flu\u2019nun farkl\u0131 bir k\u00f6kenden gelebilece\u011fine dair \u00e7e\u015fitli iddialar yap\u0131lsa da bu konuda kesin bir bilgi bulunmamaktad\u0131r.<\/p>\n<p><img loading=\"lazy\" decoding=\"async\" class=\"alignnone wp-image-156615\" src=\"https:\/\/www.tgrthaber.com\/mavikadin\/wp-content\/uploads\/haber-gorselleri-fotoshop-2025-04-03T171044.382-1024x576.jpg\" alt=\"G\u00fcl\u015fen Bubiko\u011flu&#039;nun k\u00f6keni nereli? G\u00fcl\u015fen Bubiko\u011flu ka\u00e7 kez evlenmi\u015ftir?\" width=\"1208\" height=\"680\" title=\"\" srcset=\"https:\/\/www.tgrthaber.com\/mavikadin\/wp-content\/uploads\/haber-gorselleri-fotoshop-2025-04-03T171044.382-1024x576.jpg 1024w, https:\/\/www.tgrthaber.com\/mavikadin\/wp-content\/uploads\/haber-gorselleri-fotoshop-2025-04-03T171044.382-300x169.jpg 300w, https:\/\/www.tgrthaber.com\/mavikadin\/wp-content\/uploads\/haber-gorselleri-fotoshop-2025-04-03T171044.382-768x432.jpg 768w, https:\/\/www.tgrthaber.com\/mavikadin\/wp-content\/uploads\/haber-gorselleri-fotoshop-2025-04-03T171044.382-1536x864.jpg 1536w, https:\/\/www.tgrthaber.com\/mavikadin\/wp-content\/uploads\/haber-gorselleri-fotoshop-2025-04-03T171044.382.jpg 1600w\" sizes=\"(max-width: 1208px) 100vw, 1208px\" \/><\/p>\n<hr \/>\n<p>G\u00fcl\u015fen Bubiko\u011flu, kariyerine 1970\u2019li y\u0131llar\u0131n ba\u015f\u0131nda ba\u015flad\u0131. O d\u00f6nemler, sinema sekt\u00f6r\u00fcne ad\u0131m atan gen\u00e7 ve yetenekli kad\u0131n oyuncular aras\u0131nda dikkat \u00e7ekmeyi ba\u015faran nadir isimlerden biri oldu.<\/p>\n<p><img loading=\"lazy\" decoding=\"async\" class=\"alignnone wp-image-156612\" src=\"https:\/\/www.tgrthaber.com\/mavikadin\/wp-content\/uploads\/haber-gorselleri-fotoshop-2025-04-03T171238.209-1024x576.jpg\" alt=\"G\u00fcl\u015fen Bubiko\u011flu&#039;nun k\u00f6keni nereli? G\u00fcl\u015fen Bubiko\u011flu ka\u00e7 kez evlenmi\u015ftir?\" width=\"1208\" height=\"680\" title=\"\" srcset=\"https:\/\/www.tgrthaber.com\/mavikadin\/wp-content\/uploads\/haber-gorselleri-fotoshop-2025-04-03T171238.209-1024x576.jpg 1024w, https:\/\/www.tgrthaber.com\/mavikadin\/wp-content\/uploads\/haber-gorselleri-fotoshop-2025-04-03T171238.209-300x169.jpg 300w, https:\/\/www.tgrthaber.com\/mavikadin\/wp-content\/uploads\/haber-gorselleri-fotoshop-2025-04-03T171238.209-768x432.jpg 768w, https:\/\/www.tgrthaber.com\/mavikadin\/wp-content\/uploads\/haber-gorselleri-fotoshop-2025-04-03T171238.209-1536x864.jpg 1536w, https:\/\/www.tgrthaber.com\/mavikadin\/wp-content\/uploads\/haber-gorselleri-fotoshop-2025-04-03T171238.209.jpg 1600w\" sizes=\"(max-width: 1208px) 100vw, 1208px\" \/><\/p>\n<hr \/>\n<p>\u00d6zellikle 1973 yap\u0131m\u0131 Yalanc\u0131 Y\u00e2rim filmiyle b\u00fcy\u00fck bir \u00e7\u0131k\u0131\u015f yakalayan sanat\u00e7\u0131, Tar\u0131k Akan ile olan uyumu ve enerjisiyle Ye\u015fil\u00e7am\u2019\u0131n unutulmaz \u00e7iftlerinden biri h\u00e2line geldi. Kariyeri boyunca say\u0131s\u0131z filmde rol alan Bubiko\u011flu, yaln\u0131zca yetene\u011fiyle de\u011fil, ayn\u0131 zamanda d\u00f6nemin en \u015f\u0131k ve zarif kad\u0131nlar\u0131ndan biri olarak da an\u0131ld\u0131.<\/p>\n<h3><img loading=\"lazy\" decoding=\"async\" class=\"alignnone wp-image-156613\" src=\"https:\/\/www.tgrthaber.com\/mavikadin\/wp-content\/uploads\/haber-gorselleri-fotoshop-2025-04-03T171130.097-1024x576.jpg\" alt=\"G\u00fcl\u015fen Bubiko\u011flu&#039;nun k\u00f6keni nereli? G\u00fcl\u015fen Bubiko\u011flu ka\u00e7 kez evlenmi\u015ftir?\" width=\"1208\" height=\"680\" title=\"\" srcset=\"https:\/\/www.tgrthaber.com\/mavikadin\/wp-content\/uploads\/haber-gorselleri-fotoshop-2025-04-03T171130.097-1024x576.jpg 1024w, https:\/\/www.tgrthaber.com\/mavikadin\/wp-content\/uploads\/haber-gorselleri-fotoshop-2025-04-03T171130.097-300x169.jpg 300w, https:\/\/www.tgrthaber.com\/mavikadin\/wp-content\/uploads\/haber-gorselleri-fotoshop-2025-04-03T171130.097-768x432.jpg 768w, https:\/\/www.tgrthaber.com\/mavikadin\/wp-content\/uploads\/haber-gorselleri-fotoshop-2025-04-03T171130.097-1536x864.jpg 1536w, https:\/\/www.tgrthaber.com\/mavikadin\/wp-content\/uploads\/haber-gorselleri-fotoshop-2025-04-03T171130.097.jpg 1600w\" sizes=\"(max-width: 1208px) 100vw, 1208px\" \/><\/h3>\n<hr \/>\n<h3><strong>G\u00dcL\u015eEN BUB\u0130KO\u011eLU KA\u00c7 KEZ EVLENM\u0130\u015eT\u0130R?<\/strong><\/h3>\n<p>Sinema kariyerinin en parlak d\u00f6nemlerinden birinde, G\u00fcl\u015fen Bubiko\u011flu hayat\u0131n\u0131n a\u015fk\u0131 olan \u00fcnl\u00fc yap\u0131mc\u0131 ve y\u00f6netmen T\u00fcrker \u0130nano\u011flu ile tan\u0131\u015ft\u0131. \u00c7ift, 1974 y\u0131l\u0131nda evlenerek mutlu bir birlikteli\u011fe ad\u0131m att\u0131. O d\u00f6nemler, Ye\u015fil\u00e7am d\u00fcnyas\u0131nda bu evlilik b\u00fcy\u00fck ilgi uyand\u0131rd\u0131. \u00c7\u00fcnk\u00fc T\u00fcrker \u0130nano\u011flu, Ye\u015fil\u00e7am\u2019\u0131n en \u00f6nemli yap\u0131mc\u0131lar\u0131ndan biriydi ve Bubiko\u011flu da en parlak y\u0131ld\u0131zlardan biri olarak kabul ediliyordu.<\/p>\n<p><img loading=\"lazy\" decoding=\"async\" class=\"alignnone wp-image-156611\" src=\"https:\/\/www.tgrthaber.com\/mavikadin\/wp-content\/uploads\/haber-gorselleri-fotoshop-2025-04-03T171357.602-1024x576.jpg\" alt=\"G\u00fcl\u015fen Bubiko\u011flu&#039;nun k\u00f6keni nereli? G\u00fcl\u015fen Bubiko\u011flu ka\u00e7 kez evlenmi\u015ftir?\" width=\"1208\" height=\"680\" title=\"\" srcset=\"https:\/\/www.tgrthaber.com\/mavikadin\/wp-content\/uploads\/haber-gorselleri-fotoshop-2025-04-03T171357.602-1024x576.jpg 1024w, https:\/\/www.tgrthaber.com\/mavikadin\/wp-content\/uploads\/haber-gorselleri-fotoshop-2025-04-03T171357.602-300x169.jpg 300w, https:\/\/www.tgrthaber.com\/mavikadin\/wp-content\/uploads\/haber-gorselleri-fotoshop-2025-04-03T171357.602-768x432.jpg 768w, https:\/\/www.tgrthaber.com\/mavikadin\/wp-content\/uploads\/haber-gorselleri-fotoshop-2025-04-03T171357.602-1536x864.jpg 1536w, https:\/\/www.tgrthaber.com\/mavikadin\/wp-content\/uploads\/haber-gorselleri-fotoshop-2025-04-03T171357.602.jpg 1600w\" sizes=\"(max-width: 1208px) 100vw, 1208px\" \/><\/p>\n<hr \/>\n<p>Bu ikili, sadece a\u015fklar\u0131n\u0131 de\u011fil, ayn\u0131 zamanda sanatsal anlamda da birbirlerini destekleyen bir uyum i\u00e7inde oldu.Evliliklerinden Zeynep \u0130nano\u011flu ad\u0131nda bir k\u0131zlar\u0131 d\u00fcnyaya geldi. \u00c7ift, y\u0131llar boyunca birlikte kalmay\u0131 ba\u015fararak sanat camias\u0131nda nadir g\u00f6r\u00fclen istikrarl\u0131 evliliklerden birini s\u00fcrd\u00fcrd\u00fc. G\u00fcl\u015fen Bubiko\u011flu, evlili\u011finin ard\u0131ndan kariyerine daha se\u00e7ici projelerle devam etti ve bir s\u00fcre sonra sinemadan uzakla\u015farak ailesine ve \u00f6zel hayat\u0131na daha fazla vakit ay\u0131rmaya ba\u015flad\u0131.<\/p>\n<p><img loading=\"lazy\" decoding=\"async\" class=\"alignnone wp-image-156610\" src=\"https:\/\/www.tgrthaber.com\/mavikadin\/wp-content\/uploads\/haber-gorselleri-fotoshop-2025-04-03T171429.944-1024x576.jpg\" alt=\"G\u00fcl\u015fen Bubiko\u011flu&#039;nun k\u00f6keni nereli? G\u00fcl\u015fen Bubiko\u011flu ka\u00e7 kez evlenmi\u015ftir?\" width=\"1208\" height=\"680\" title=\"\" srcset=\"https:\/\/www.tgrthaber.com\/mavikadin\/wp-content\/uploads\/haber-gorselleri-fotoshop-2025-04-03T171429.944-1024x576.jpg 1024w, https:\/\/www.tgrthaber.com\/mavikadin\/wp-content\/uploads\/haber-gorselleri-fotoshop-2025-04-03T171429.944-300x169.jpg 300w, https:\/\/www.tgrthaber.com\/mavikadin\/wp-content\/uploads\/haber-gorselleri-fotoshop-2025-04-03T171429.944-768x432.jpg 768w, https:\/\/www.tgrthaber.com\/mavikadin\/wp-content\/uploads\/haber-gorselleri-fotoshop-2025-04-03T171429.944-1536x864.jpg 1536w, https:\/\/www.tgrthaber.com\/mavikadin\/wp-content\/uploads\/haber-gorselleri-fotoshop-2025-04-03T171429.944.jpg 1600w\" sizes=\"(max-width: 1208px) 100vw, 1208px\" \/><\/p>\n<hr \/>\n<p>G\u00fcn\u00fcm\u00fczde G\u00fcl\u015fen Bubiko\u011flu, sinemadan uzak bir ya\u015fam s\u00fcrse de onun ismi hala Ye\u015fil\u00e7am\u2019\u0131n alt\u0131n y\u0131llar\u0131n\u0131 hat\u0131rlatan en \u00f6nemli fig\u00fcrlerden biri olarak an\u0131l\u0131yor. Sosyal medyada eski filmlerinden kesitler s\u0131k\u00e7a payla\u015f\u0131l\u0131rken, hayranlar\u0131 onun unutulmaz rollerini yeniden izleyerek nostalji ya\u015f\u0131yor.<\/p>\n","protected":false},"excerpt":{"rendered":"<p>Ye\u015fil\u00e7am\u2019\u0131n ba\u015far\u0131l\u0131 oyuncular\u0131ndan biri olan G\u00fcl\u015fen Bubiko\u011flu, eski e\u015fi T\u00fcrker \u0130nano\u011flu\u2019nun foto\u011fraf\u0131n\u0131 payla\u015fmas\u0131n\u0131n ard\u0131ndan g\u00fcndemdeki yerini ald\u0131. Ailesi ve \u00f6zel hayat\u0131 merak edilen usta sanat\u00e7\u0131n\u0131n ad\u0131 en \u00e7ok arat\u0131lan isim oldu. G\u00fcl\u015fen Bubiko\u011flu\u2019nun k\u00f6keni ve ka\u00e7 kez evlendi\u011fi merak edilen sorular aras\u0131nda yer ald\u0131. <\/p>\n","protected":false},"author":34,"featured_media":156614,"comment_status":"closed","ping_status":"closed","sticky":false,"template":"","format":"standard","meta":{"rank_math_lock_modified_date":false,"footnotes":""},"categories":[491],"tags":[12074,16559,16558,16557],"class_list":["post-156600","post","type-post","status-publish","format-standard","has-post-thumbnail","hentry","category-biyografi","tag-gulsen-bubikoglu","tag-gulsen-bubikoglu-biyografi","tag-gulsen-bubikoglu-kac-kez-evlendi","tag-gulsen-bubikoglu-kokeni"],"_links":{"self":[{"href":"https:\/\/www.tgrthaber.com\/mavikadin\/wp-json\/wp\/v2\/posts\/156600"}],"collection":[{"href":"https:\/\/www.tgrthaber.com\/mavikadin\/wp-json\/wp\/v2\/posts"}],"about":[{"href":"https:\/\/www.tgrthaber.com\/mavikadin\/wp-json\/wp\/v2\/types\/post"}],"author":[{"embeddable":true,"href":"https:\/\/www.tgrthaber.com\/mavikadin\/wp-json\/wp\/v2\/users\/34"}],"replies":[{"embeddable":true,"href":"https:\/\/www.tgrthaber.com\/mavikadin\/wp-json\/wp\/v2\/comments?post=156600"}],"version-history":[{"count":2,"href":"https:\/\/www.tgrthaber.com\/mavikadin\/wp-json\/wp\/v2\/posts\/156600\/revisions"}],"predecessor-version":[{"id":156617,"href":"https:\/\/www.tgrthaber.com\/mavikadin\/wp-json\/wp\/v2\/posts\/156600\/revisions\/156617"}],"wp:featuredmedia":[{"embeddable":true,"href":"https:\/\/www.tgrthaber.com\/mavikadin\/wp-json\/wp\/v2\/media\/156614"}],"wp:attachment":[{"href":"https:\/\/www.tgrthaber.com\/mavikadin\/wp-json\/wp\/v2\/media?parent=156600"}],"wp:term":[{"taxonomy":"category","embeddable":true,"href":"https:\/\/www.tgrthaber.com\/mavikadin\/wp-json\/wp\/v2\/categories?post=156600"},{"taxonomy":"post_tag","embeddable":true,"href":"https:\/\/www.tgrthaber.com\/mavikadin\/wp-json\/wp\/v2\/tags?post=156600"}],"curies":[{"name":"wp","href":"https:\/\/api.w.org\/{rel}","templated":true}]}}