{"id":156619,"date":"2025-04-03T17:24:19","date_gmt":"2025-04-03T14:24:19","guid":{"rendered":"https:\/\/www.tgrthaber.com\/mavikadin\/?p=156619"},"modified":"2025-04-03T17:24:19","modified_gmt":"2025-04-03T14:24:19","slug":"guzide-duran-cocuklari-kac-tane-ve-isimleri-ne-guzide-duran-evli-mi-bosandi-mi","status":"publish","type":"post","link":"https:\/\/www.tgrthaber.com\/mavikadin\/guzide-duran-cocuklari-kac-tane-ve-isimleri-ne-guzide-duran-evli-mi-bosandi-mi\/","title":{"rendered":"G\u00fczide Duran \u00e7ocuklar\u0131 ka\u00e7 tane ve isimleri ne? G\u00fczide Duran evli mi bo\u015fand\u0131 m\u0131?"},"content":{"rendered":"<p>T\u00fcrk televizyon ve moda d\u00fcnyas\u0131n\u0131n tan\u0131nm\u0131\u015f isimlerinden biri olan G\u00fczide Duran \u00f6zel hayat\u0131yla da merak ediliyor. \u0130\u015fte Benim Stilim j\u00fcri \u00fcyesi olan \u00fcnl\u00fc isim 1996 y\u0131l\u0131nda Best Model of Turkey yar\u0131\u015fmas\u0131nda birinci olarak ad\u0131n\u0131 duyurmu\u015ftu.<\/p>\n<h3>G\u00dcZ\u0130DE DURAN J\u00dcR\u0130 \u00dcYES\u0130 OLDU<\/h3>\n<p>T\u00fcrk televizyon ve moda d\u00fcnyas\u0131n\u0131n tan\u0131nm\u0131\u015f isimlerinden biri olan G\u00fczide Duran, 1996 y\u0131l\u0131nda Best Model of Turkey yar\u0131\u015fmas\u0131nda birinci olarak ad\u0131n\u0131 duyurmu\u015ftu. \u015eimdilerde \u2018\u0130\u015fte Benim Stilim\u2019 yar\u0131\u015fmas\u0131nda j\u00fcri \u00fcyesi olarak g\u00fcndem olan G\u00fczide Duran, modellik kariyerinin yan\u0131 s\u0131ra televizyon projelerinde de yer ald\u0131.<\/p>\n<p><img loading=\"lazy\" decoding=\"async\" class=\"alignnone size-full wp-image-156620\" src=\"https:\/\/www.tgrthaber.com\/mavikadin\/wp-content\/uploads\/Guzide-Duran-4.png\" alt=\"\" width=\"1208\" height=\"680\" title=\"\" srcset=\"https:\/\/www.tgrthaber.com\/mavikadin\/wp-content\/uploads\/Guzide-Duran-4.png 1208w, https:\/\/www.tgrthaber.com\/mavikadin\/wp-content\/uploads\/Guzide-Duran-4-300x169.png 300w, https:\/\/www.tgrthaber.com\/mavikadin\/wp-content\/uploads\/Guzide-Duran-4-1024x576.png 1024w, https:\/\/www.tgrthaber.com\/mavikadin\/wp-content\/uploads\/Guzide-Duran-4-768x432.png 768w\" sizes=\"(max-width: 1208px) 100vw, 1208px\" \/><\/p>\n<hr \/>\n<p>Oyunculuk yetene\u011fiyle de dikkat \u00e7eken Duran, geni\u015f bir takip\u00e7i kitlesine sahiptir. \u0130\u015fte Benim Stilim program\u0131nda j\u00fcri \u00fcyesi olmas\u0131yla birlikte ad\u0131ndan yeniden s\u00f6z ettiren Duran, yeni sezonuyla b\u00fcy\u00fck ilgi g\u00f6ren yar\u0131\u015fman\u0131n, j\u00fcri koltu\u011funda oturacak.<\/p>\n<p>Yar\u0131\u015fmada j\u00fcri koltu\u011funda Duran d\u0131\u015f\u0131nda Ivana Sert ve Nur Bilen Yavuzer gibi isimler de yer al\u0131yor.<\/p>\n<p><img loading=\"lazy\" decoding=\"async\" class=\"alignnone size-full wp-image-156623\" src=\"https:\/\/www.tgrthaber.com\/mavikadin\/wp-content\/uploads\/Guzide-Duran-5.png\" alt=\"\" width=\"1208\" height=\"680\" title=\"\" srcset=\"https:\/\/www.tgrthaber.com\/mavikadin\/wp-content\/uploads\/Guzide-Duran-5.png 1208w, https:\/\/www.tgrthaber.com\/mavikadin\/wp-content\/uploads\/Guzide-Duran-5-300x169.png 300w, https:\/\/www.tgrthaber.com\/mavikadin\/wp-content\/uploads\/Guzide-Duran-5-1024x576.png 1024w, https:\/\/www.tgrthaber.com\/mavikadin\/wp-content\/uploads\/Guzide-Duran-5-768x432.png 768w\" sizes=\"(max-width: 1208px) 100vw, 1208px\" \/><\/p>\n<hr \/>\n<h3>G\u00dcZ\u0130DE DURAN K\u0130MD\u0130R?<\/h3>\n<p>4 A\u011fustos 1980, Mersin do\u011fumlu olan G\u00fczide Duran, eski modeldir. 13 Nisan 2008 tarihinde i\u015f adam\u0131 Adnan Aksoy ile evlenen \u00fcnl\u00fc ismin Selin ad\u0131nda bir k\u0131z\u0131 ve Emir ad\u0131nda bir o\u011flu bulunuyor.<br \/>\nD\u00fcnya \u00e7ap\u0131nda olduk\u00e7a \u00fcnl\u00fc markalarla i\u015fbirli\u011fi i\u00e7inde olan G\u00fczide Duran; Vogue, GQ, Elle gibi \u00f6ne \u00e7\u0131kan dergilerin kapaklar\u0131nda boy g\u00f6sterdi.<\/p>\n<p>Duran, Redstar, Revlon, Replay, L\u2019Oreal, Pantene ve Saks 5th Avenue gibi markalar\u0131n reklamlar\u0131nda yer ald\u0131.<\/p>\n<p><img loading=\"lazy\" decoding=\"async\" class=\"alignnone size-full wp-image-156621\" src=\"https:\/\/www.tgrthaber.com\/mavikadin\/wp-content\/uploads\/Guzide-Duran-1.png\" alt=\"\" width=\"1208\" height=\"680\" title=\"\" srcset=\"https:\/\/www.tgrthaber.com\/mavikadin\/wp-content\/uploads\/Guzide-Duran-1.png 1208w, https:\/\/www.tgrthaber.com\/mavikadin\/wp-content\/uploads\/Guzide-Duran-1-300x169.png 300w, https:\/\/www.tgrthaber.com\/mavikadin\/wp-content\/uploads\/Guzide-Duran-1-1024x576.png 1024w, https:\/\/www.tgrthaber.com\/mavikadin\/wp-content\/uploads\/Guzide-Duran-1-768x432.png 768w\" sizes=\"(max-width: 1208px) 100vw, 1208px\" \/><\/p>\n<hr \/>\n<p>Bir d\u00f6nem Star kanal\u0131nda ekrana verilen \u201cProje Moda\u201d yar\u0131\u015fmas\u0131nda sunucu ve j\u00fcri \u00fcyesi olarak ad\u0131ndan s\u00f6z ettiren G\u00fczide Duran, \u201c90-60-90\u201d, \u201cYe\u015fil I\u015f\u0131k\u201d, \u201cKur\u015fun Asker\u201d gibi \u00e7e\u015fitli projelerde rol ald\u0131.<\/p>\n<p><img loading=\"lazy\" decoding=\"async\" class=\"alignnone size-full wp-image-156624\" src=\"https:\/\/www.tgrthaber.com\/mavikadin\/wp-content\/uploads\/Guzide-Duran-3.png\" alt=\"\" width=\"1208\" height=\"680\" title=\"\" srcset=\"https:\/\/www.tgrthaber.com\/mavikadin\/wp-content\/uploads\/Guzide-Duran-3.png 1208w, https:\/\/www.tgrthaber.com\/mavikadin\/wp-content\/uploads\/Guzide-Duran-3-300x169.png 300w, https:\/\/www.tgrthaber.com\/mavikadin\/wp-content\/uploads\/Guzide-Duran-3-1024x576.png 1024w, https:\/\/www.tgrthaber.com\/mavikadin\/wp-content\/uploads\/Guzide-Duran-3-768x432.png 768w\" sizes=\"(max-width: 1208px) 100vw, 1208px\" \/><\/p>\n<hr \/>\n<h3>G\u00dcZ\u0130DE DURAN BO\u015eANDI MI?<\/h3>\n<p>G\u00fczide Duran ve 16 y\u0131ll\u0131k i\u015f insan\u0131 e\u015fi Adnan Aksoy&#8217;un ayr\u0131l\u0131k haberi magazin g\u00fcndemine bomba gibi d\u00fc\u015fm\u00fc\u015ft\u00fc. \u00dcnl\u00fc \u00e7ift ayr\u0131l\u0131k karar\u0131n\u0131n ard\u0131ndan &#8220;Evet do\u011fru, bir s\u00fcre\u00e7ten ge\u00e7iyoruz \u015fu an&#8221; demi\u015fti.<\/p>\n","protected":false},"excerpt":{"rendered":"<p>\u0130\u015fte Benim Stilim j\u00fcri \u00fcyesi olan G\u00fczide Duran merak konusu oldu. G\u00fczide Duran \u00e7ocuklar\u0131 ka\u00e7 tane ve isimleri ne? ara\u015ft\u0131r\u0131l\u0131yor.<\/p>\n","protected":false},"author":5,"featured_media":156622,"comment_status":"closed","ping_status":"closed","sticky":false,"template":"","format":"standard","meta":{"rank_math_lock_modified_date":false,"footnotes":""},"categories":[76],"tags":[1307,133],"class_list":["post-156619","post","type-post","status-publish","format-standard","has-post-thumbnail","hentry","category-magazin","tag-guzide-duran","tag-magazin"],"_links":{"self":[{"href":"https:\/\/www.tgrthaber.com\/mavikadin\/wp-json\/wp\/v2\/posts\/156619"}],"collection":[{"href":"https:\/\/www.tgrthaber.com\/mavikadin\/wp-json\/wp\/v2\/posts"}],"about":[{"href":"https:\/\/www.tgrthaber.com\/mavikadin\/wp-json\/wp\/v2\/types\/post"}],"author":[{"embeddable":true,"href":"https:\/\/www.tgrthaber.com\/mavikadin\/wp-json\/wp\/v2\/users\/5"}],"replies":[{"embeddable":true,"href":"https:\/\/www.tgrthaber.com\/mavikadin\/wp-json\/wp\/v2\/comments?post=156619"}],"version-history":[{"count":1,"href":"https:\/\/www.tgrthaber.com\/mavikadin\/wp-json\/wp\/v2\/posts\/156619\/revisions"}],"predecessor-version":[{"id":156626,"href":"https:\/\/www.tgrthaber.com\/mavikadin\/wp-json\/wp\/v2\/posts\/156619\/revisions\/156626"}],"wp:featuredmedia":[{"embeddable":true,"href":"https:\/\/www.tgrthaber.com\/mavikadin\/wp-json\/wp\/v2\/media\/156622"}],"wp:attachment":[{"href":"https:\/\/www.tgrthaber.com\/mavikadin\/wp-json\/wp\/v2\/media?parent=156619"}],"wp:term":[{"taxonomy":"category","embeddable":true,"href":"https:\/\/www.tgrthaber.com\/mavikadin\/wp-json\/wp\/v2\/categories?post=156619"},{"taxonomy":"post_tag","embeddable":true,"href":"https:\/\/www.tgrthaber.com\/mavikadin\/wp-json\/wp\/v2\/tags?post=156619"}],"curies":[{"name":"wp","href":"https:\/\/api.w.org\/{rel}","templated":true}]}}