{"id":156634,"date":"2025-04-03T17:59:18","date_gmt":"2025-04-03T14:59:18","guid":{"rendered":"https:\/\/www.tgrthaber.com\/mavikadin\/?p=156634"},"modified":"2025-04-03T18:00:15","modified_gmt":"2025-04-03T15:00:15","slug":"gulsen-bubikoglu-hastaligi-var-mi-gulsen-bubikoglu-son-saglik-durumu-ne","status":"publish","type":"post","link":"https:\/\/www.tgrthaber.com\/mavikadin\/gulsen-bubikoglu-hastaligi-var-mi-gulsen-bubikoglu-son-saglik-durumu-ne\/","title":{"rendered":"G\u00fcl\u015fen Bubiko\u011flu hastal\u0131\u011f\u0131 var m\u0131? G\u00fcl\u015fen Bubiko\u011flu son sa\u011fl\u0131k durumu ne?"},"content":{"rendered":"<p>Ye\u015fil\u00e7am\u2019\u0131n unutulmaz isimlerinden G\u00fcl\u015fen Bubiko\u011flu, y\u0131llar ge\u00e7se de g\u00fczelli\u011fi ve zarafetiyle hala hayranlar\u0131n\u0131n g\u00f6nl\u00fcnde taht kurmaya devam ediyor. Ye\u015fil\u00e7am\u2019\u0131n en \u00f6nemli kad\u0131n oyuncular\u0131ndan biri olan Bubiko\u011flu\u2019nun sa\u011fl\u0131k durumu merak konusu oldu. Peki, G\u00fcl\u015fen Bubiko\u011flu hastal\u0131\u011f\u0131 var m\u0131? G\u00fcl\u015fen Bubiko\u011flu son sa\u011fl\u0131k durumu ne? sorular\u0131n\u0131 sizler i\u00e7in ara\u015ft\u0131rd\u0131k.<\/p>\n<h3>G\u00dcL\u015eEN BUB\u0130KO\u011eLU HASTALI\u011eI VAR MI?<\/h3>\n<p>Sanat d\u00fcnyas\u0131nda b\u00fcy\u00fck bir iz b\u0131rakan oyuncu, y\u0131llard\u0131r ekranlardan uzak bir ya\u015fam s\u00fcrse de sosyal medya \u00fczerinden zaman zaman payla\u015f\u0131mlar yaparak sevenleriyle ileti\u015fimini s\u00fcrd\u00fcr\u00fcyor. Son olarak 50 y\u0131ll\u0131k e\u015fi, \u00fcnl\u00fc yap\u0131mc\u0131 ve y\u00f6netmen T\u00fcrker \u0130nano\u011flu\u2019nun vefat\u0131n\u0131n y\u0131l d\u00f6n\u00fcm\u00fcnde yapt\u0131\u011f\u0131 payla\u015f\u0131m ile duygusal anlar ya\u015fatt\u0131.<\/p>\n<p><img loading=\"lazy\" decoding=\"async\" class=\"alignnone wp-image-156638\" src=\"https:\/\/www.tgrthaber.com\/mavikadin\/wp-content\/uploads\/haber-gorselleri-fotoshop-2025-04-03T174935.330-1024x576.jpg\" alt=\"G\u00fcl\u015fen Bubiko\u011flu hastal\u0131\u011f\u0131 var m\u0131? G\u00fcl\u015fen Bubiko\u011flu son sa\u011fl\u0131k durumu ne?\" width=\"1208\" height=\"680\" title=\"\" srcset=\"https:\/\/www.tgrthaber.com\/mavikadin\/wp-content\/uploads\/haber-gorselleri-fotoshop-2025-04-03T174935.330-1024x576.jpg 1024w, https:\/\/www.tgrthaber.com\/mavikadin\/wp-content\/uploads\/haber-gorselleri-fotoshop-2025-04-03T174935.330-300x169.jpg 300w, https:\/\/www.tgrthaber.com\/mavikadin\/wp-content\/uploads\/haber-gorselleri-fotoshop-2025-04-03T174935.330-768x432.jpg 768w, https:\/\/www.tgrthaber.com\/mavikadin\/wp-content\/uploads\/haber-gorselleri-fotoshop-2025-04-03T174935.330-1536x864.jpg 1536w, https:\/\/www.tgrthaber.com\/mavikadin\/wp-content\/uploads\/haber-gorselleri-fotoshop-2025-04-03T174935.330.jpg 1600w\" sizes=\"(max-width: 1208px) 100vw, 1208px\" \/><\/p>\n<hr \/>\n<p>Hayranlar\u0131 taraf\u0131ndan olduk\u00e7a sevilen G\u00fcl\u015fen Bubiko\u011flu\u2019nun sa\u011fl\u0131\u011f\u0131yla ilgili endi\u015feler zaman zaman g\u00fcndeme geliyor. Ancak yap\u0131lan ara\u015ft\u0131rmalar ve son payla\u015f\u0131mlar\u0131, sanat\u00e7\u0131n\u0131n herhangi bir sa\u011fl\u0131k sorunu ya\u015famad\u0131\u011f\u0131n\u0131 g\u00f6steriyor. Sa\u011fl\u0131kl\u0131 ve huzurlu bir ya\u015fam s\u00fcrd\u00fc\u011f\u00fc belirtilen Bubiko\u011flu, zaman\u0131n\u0131n b\u00fcy\u00fck bir k\u0131sm\u0131n\u0131 ailesiyle ve sevdikleriyle ge\u00e7iriyor.<\/p>\n<p><img loading=\"lazy\" decoding=\"async\" class=\"alignnone wp-image-156637\" src=\"https:\/\/www.tgrthaber.com\/mavikadin\/wp-content\/uploads\/haber-gorselleri-fotoshop-2025-04-03T175005.373-1024x576.jpg\" alt=\"G\u00fcl\u015fen Bubiko\u011flu hastal\u0131\u011f\u0131 var m\u0131? G\u00fcl\u015fen Bubiko\u011flu son sa\u011fl\u0131k durumu ne?\" width=\"1208\" height=\"680\" title=\"\" srcset=\"https:\/\/www.tgrthaber.com\/mavikadin\/wp-content\/uploads\/haber-gorselleri-fotoshop-2025-04-03T175005.373-1024x576.jpg 1024w, https:\/\/www.tgrthaber.com\/mavikadin\/wp-content\/uploads\/haber-gorselleri-fotoshop-2025-04-03T175005.373-300x169.jpg 300w, https:\/\/www.tgrthaber.com\/mavikadin\/wp-content\/uploads\/haber-gorselleri-fotoshop-2025-04-03T175005.373-768x432.jpg 768w, https:\/\/www.tgrthaber.com\/mavikadin\/wp-content\/uploads\/haber-gorselleri-fotoshop-2025-04-03T175005.373-1536x864.jpg 1536w, https:\/\/www.tgrthaber.com\/mavikadin\/wp-content\/uploads\/haber-gorselleri-fotoshop-2025-04-03T175005.373.jpg 1600w\" sizes=\"(max-width: 1208px) 100vw, 1208px\" \/><\/p>\n<hr \/>\n<p>Kendi d\u00f6neminin en g\u00f6zde aktrislerinden biri olan Bubiko\u011flu, her ne kadar sinemadan uzak bir hayat s\u00fcrse de eski filmleri hala b\u00fcy\u00fck bir ilgiyle izleniyor. Onun gibi unutulmaz isimler, zaman ge\u00e7se de haf\u0131zalardan silinmiyor. \u00d6zellikle 70\u2019li ve 80\u2019li y\u0131llarda T\u00fcrker \u0130nano\u011flu imzas\u0131 ta\u015f\u0131yan pek \u00e7ok filmde rol alan oyuncu hem yetene\u011fi hem de g\u00fczelli\u011fiyle T\u00fcrk sinemas\u0131na damgas\u0131n\u0131 vurmu\u015ftu.<\/p>\n<p><img loading=\"lazy\" decoding=\"async\" class=\"alignnone wp-image-156614\" src=\"https:\/\/www.tgrthaber.com\/mavikadin\/wp-content\/uploads\/haber-gorselleri-fotoshop-2025-04-03T171120.108-1024x576.jpg\" alt=\"G\u00fcl\u015fen Bubiko\u011flu&#039;nun k\u00f6keni nereli? G\u00fcl\u015fen Bubiko\u011flu ka\u00e7 kez evlenmi\u015ftir?\" width=\"1208\" height=\"680\" title=\"\" srcset=\"https:\/\/www.tgrthaber.com\/mavikadin\/wp-content\/uploads\/haber-gorselleri-fotoshop-2025-04-03T171120.108-1024x576.jpg 1024w, https:\/\/www.tgrthaber.com\/mavikadin\/wp-content\/uploads\/haber-gorselleri-fotoshop-2025-04-03T171120.108-300x169.jpg 300w, https:\/\/www.tgrthaber.com\/mavikadin\/wp-content\/uploads\/haber-gorselleri-fotoshop-2025-04-03T171120.108-768x432.jpg 768w, https:\/\/www.tgrthaber.com\/mavikadin\/wp-content\/uploads\/haber-gorselleri-fotoshop-2025-04-03T171120.108-1536x864.jpg 1536w, https:\/\/www.tgrthaber.com\/mavikadin\/wp-content\/uploads\/haber-gorselleri-fotoshop-2025-04-03T171120.108.jpg 1600w\" sizes=\"(max-width: 1208px) 100vw, 1208px\" \/><\/p>\n<hr \/>\n<h3>G\u00dcL\u015eEN BUB\u0130KO\u011eLU SON SA\u011eLIK DURUMU NE?<\/h3>\n<p>Usta oyuncunun son payla\u015f\u0131m\u0131, hayat arkada\u015f\u0131 T\u00fcrker \u0130nano\u011flu\u2019nun vefat\u0131n\u0131n birinci y\u0131l\u0131na \u00f6zel oldu. Bubiko\u011flu, sosyal medya hesab\u0131nda yapt\u0131\u011f\u0131 payla\u015f\u0131mla e\u015fine olan sevgisini ve \u00f6zlemini dile getirdi. Ye\u015fil\u00e7am\u2019\u0131n en g\u00fc\u00e7l\u00fc yap\u0131mc\u0131lar\u0131ndan biri olan \u0130nano\u011flu\u2019nun kayb\u0131, sinema camias\u0131nda b\u00fcy\u00fck bir \u00fcz\u00fcnt\u00fc ya\u015fatm\u0131\u015ft\u0131.<\/p>\n<p><img loading=\"lazy\" decoding=\"async\" class=\"alignnone wp-image-156610\" src=\"https:\/\/www.tgrthaber.com\/mavikadin\/wp-content\/uploads\/haber-gorselleri-fotoshop-2025-04-03T171429.944-1024x576.jpg\" alt=\"G\u00fcl\u015fen Bubiko\u011flu hastal\u0131\u011f\u0131 var m\u0131? G\u00fcl\u015fen Bubiko\u011flu son sa\u011fl\u0131k durumu ne?\" width=\"1208\" height=\"680\" title=\"\" srcset=\"https:\/\/www.tgrthaber.com\/mavikadin\/wp-content\/uploads\/haber-gorselleri-fotoshop-2025-04-03T171429.944-1024x576.jpg 1024w, https:\/\/www.tgrthaber.com\/mavikadin\/wp-content\/uploads\/haber-gorselleri-fotoshop-2025-04-03T171429.944-300x169.jpg 300w, https:\/\/www.tgrthaber.com\/mavikadin\/wp-content\/uploads\/haber-gorselleri-fotoshop-2025-04-03T171429.944-768x432.jpg 768w, https:\/\/www.tgrthaber.com\/mavikadin\/wp-content\/uploads\/haber-gorselleri-fotoshop-2025-04-03T171429.944-1536x864.jpg 1536w, https:\/\/www.tgrthaber.com\/mavikadin\/wp-content\/uploads\/haber-gorselleri-fotoshop-2025-04-03T171429.944.jpg 1600w\" sizes=\"(max-width: 1208px) 100vw, 1208px\" \/><\/p>\n<hr \/>\n<p>\u015eimdilerde 70 ya\u015f\u0131nda olan Bubiko\u011flu\u2019nun son sa\u011fl\u0131k durumu hakk\u0131nda bir sorun olmad\u0131\u011f\u0131 yap\u0131lan ara\u015ft\u0131rmalar sonucunda bulunmu\u015ftur.<\/p>\n","protected":false},"excerpt":{"rendered":"<p>Ye\u015fil\u00e7am&#8217;\u0131n g\u00fczel oyuncusu G\u00fcl\u015fen Bubiko\u011flu, sa\u011fl\u0131k durumu merak edildi. G\u00fcl\u015fen Bubiko\u011flu hastal\u0131\u011f\u0131 var m\u0131? G\u00fcl\u015fen Bubiko\u011flu son sa\u011fl\u0131k durumu ne? sorular\u0131 en \u00e7ok arat\u0131lan sorular oldu. Sizler i\u00e7in bu sorular\u0131 ara\u015ft\u0131rd\u0131k. Merak edilenler ve daha fazlas\u0131 haberimizde&#8230;<\/p>\n","protected":false},"author":34,"featured_media":156639,"comment_status":"closed","ping_status":"closed","sticky":false,"template":"","format":"standard","meta":{"rank_math_lock_modified_date":false,"footnotes":""},"categories":[491],"tags":[12074,16564,16563,8170],"class_list":["post-156634","post","type-post","status-publish","format-standard","has-post-thumbnail","hentry","category-biyografi","tag-gulsen-bubikoglu","tag-gulsen-bubikoglu-kimdir","tag-gulsen-bubikoglu-saglik-durumu","tag-turker-inanoglu"],"_links":{"self":[{"href":"https:\/\/www.tgrthaber.com\/mavikadin\/wp-json\/wp\/v2\/posts\/156634"}],"collection":[{"href":"https:\/\/www.tgrthaber.com\/mavikadin\/wp-json\/wp\/v2\/posts"}],"about":[{"href":"https:\/\/www.tgrthaber.com\/mavikadin\/wp-json\/wp\/v2\/types\/post"}],"author":[{"embeddable":true,"href":"https:\/\/www.tgrthaber.com\/mavikadin\/wp-json\/wp\/v2\/users\/34"}],"replies":[{"embeddable":true,"href":"https:\/\/www.tgrthaber.com\/mavikadin\/wp-json\/wp\/v2\/comments?post=156634"}],"version-history":[{"count":3,"href":"https:\/\/www.tgrthaber.com\/mavikadin\/wp-json\/wp\/v2\/posts\/156634\/revisions"}],"predecessor-version":[{"id":156642,"href":"https:\/\/www.tgrthaber.com\/mavikadin\/wp-json\/wp\/v2\/posts\/156634\/revisions\/156642"}],"wp:featuredmedia":[{"embeddable":true,"href":"https:\/\/www.tgrthaber.com\/mavikadin\/wp-json\/wp\/v2\/media\/156639"}],"wp:attachment":[{"href":"https:\/\/www.tgrthaber.com\/mavikadin\/wp-json\/wp\/v2\/media?parent=156634"}],"wp:term":[{"taxonomy":"category","embeddable":true,"href":"https:\/\/www.tgrthaber.com\/mavikadin\/wp-json\/wp\/v2\/categories?post=156634"},{"taxonomy":"post_tag","embeddable":true,"href":"https:\/\/www.tgrthaber.com\/mavikadin\/wp-json\/wp\/v2\/tags?post=156634"}],"curies":[{"name":"wp","href":"https:\/\/api.w.org\/{rel}","templated":true}]}}