{"id":156635,"date":"2025-04-03T18:15:01","date_gmt":"2025-04-03T15:15:01","guid":{"rendered":"https:\/\/www.tgrthaber.com\/mavikadin\/?p=156635"},"modified":"2025-04-03T18:15:00","modified_gmt":"2025-04-03T15:15:00","slug":"iste-benim-stilim-sema-korel-kimdir-kac-yasinda-meslegi-ne","status":"publish","type":"post","link":"https:\/\/www.tgrthaber.com\/mavikadin\/iste-benim-stilim-sema-korel-kimdir-kac-yasinda-meslegi-ne\/","title":{"rendered":"\u0130\u015fte Benim Stilim Sema Korel kimdir? Ka\u00e7 ya\u015f\u0131nda mesle\u011fi ne?"},"content":{"rendered":"<p>Moda ve tarz yar\u0131\u015fmalar\u0131n\u0131n en dikkat \u00e7eken programlar\u0131ndan biri olan \u0130\u015fte Benim Stilim, her sezon oldu\u011fu gibi bu y\u0131l da iddial\u0131 yar\u0131\u015fmac\u0131lar\u0131yla izleyicileri ekran ba\u015f\u0131na kilitliyor. 2025 sezonunda yar\u0131\u015fmac\u0131lar aras\u0131nda yer alan Sema Korel, \u015f\u0131k kombinleri ve g\u00fc\u00e7l\u00fc duru\u015fuyla ad\u0131ndan s\u00f6z ettirmeye ba\u015flad\u0131. Peki, Sema Korel kimdir, ka\u00e7 ya\u015f\u0131nda ve mesle\u011fi ne? \u0130\u015fte hakk\u0131nda bilinenler\u2026<\/p>\n<h3>SEMA KOREL K\u0130MD\u0130R?<\/h3>\n<p>\u0130\u015fte Benim Stilim\u2019in son sezon yar\u0131\u015fmac\u0131lar\u0131ndan biri olan Sema Korel, \u015fimdiden b\u00fcy\u00fck bir izleyici kitlesi taraf\u0131ndan takip ediliyor. Instagram\u2019da 112 bin takip\u00e7iye sahip olan Korel, yar\u0131\u015fmadaki tarz\u0131n\u0131 ve g\u00fcnl\u00fck kombinlerini s\u0131k s\u0131k sosyal medya hesab\u0131ndan payla\u015f\u0131yor. Payla\u015f\u0131mlar\u0131yla modaya ilgisi oldu\u011funu g\u00f6steren Korel, kendine has tarz\u0131yla j\u00fcri \u00fcyelerinden y\u00fcksek puan almay\u0131 hedefliyor.<\/p>\n<p><img loading=\"lazy\" decoding=\"async\" class=\"alignnone wp-image-156655\" src=\"https:\/\/www.tgrthaber.com\/mavikadin\/wp-content\/uploads\/4-512.png\" alt=\"\" width=\"1208\" height=\"680\" title=\"\" srcset=\"https:\/\/www.tgrthaber.com\/mavikadin\/wp-content\/uploads\/4-512.png 1280w, https:\/\/www.tgrthaber.com\/mavikadin\/wp-content\/uploads\/4-512-300x169.png 300w, https:\/\/www.tgrthaber.com\/mavikadin\/wp-content\/uploads\/4-512-1024x576.png 1024w, https:\/\/www.tgrthaber.com\/mavikadin\/wp-content\/uploads\/4-512-768x432.png 768w\" sizes=\"(max-width: 1208px) 100vw, 1208px\" \/><\/p>\n<hr \/>\n<p>Ancak Sema Korel\u2019in ya\u015f\u0131, do\u011fum yeri ve e\u011fitimi hakk\u0131nda \u015fu an i\u00e7in kamuya a\u00e7\u0131k kaynaklarda herhangi bir bilgi bulunmuyor. Yar\u0131\u015fman\u0131n ilerleyen b\u00f6l\u00fcmlerinde veya Korel\u2019in yapt\u0131\u011f\u0131 a\u00e7\u0131klamalarla birlikte bu bilgilerin netle\u015fmesi bekleniyor.<\/p>\n<p><img loading=\"lazy\" decoding=\"async\" class=\"alignnone wp-image-156651\" src=\"https:\/\/www.tgrthaber.com\/mavikadin\/wp-content\/uploads\/1-588.png\" alt=\"\" width=\"1208\" height=\"680\" title=\"\" srcset=\"https:\/\/www.tgrthaber.com\/mavikadin\/wp-content\/uploads\/1-588.png 1280w, https:\/\/www.tgrthaber.com\/mavikadin\/wp-content\/uploads\/1-588-300x169.png 300w, https:\/\/www.tgrthaber.com\/mavikadin\/wp-content\/uploads\/1-588-1024x576.png 1024w, https:\/\/www.tgrthaber.com\/mavikadin\/wp-content\/uploads\/1-588-768x432.png 768w\" sizes=\"(max-width: 1208px) 100vw, 1208px\" \/><\/p>\n<hr \/>\n<p>Sema Korel, yar\u0131\u015fmada modern ve iddial\u0131 kombinleriyle dikkat \u00e7ekiyor. Klasik \u015f\u0131kl\u0131k ile spor tarz\u0131 birle\u015ftiren Korel, tarz\u0131na g\u00fcveniyor ve j\u00fcri kar\u015f\u0131s\u0131nda kendinden emin duru\u015fuyla \u00f6ne \u00e7\u0131k\u0131yor. Yar\u0131\u015fman\u0131n \u00f6nceki b\u00f6l\u00fcmlerinde Korel\u2019in kombinleri hem j\u00fcri \u00fcyeleri hem de izleyiciler taraf\u0131ndan be\u011fenildi.<\/p>\n<p><img loading=\"lazy\" decoding=\"async\" class=\"alignnone wp-image-156656\" src=\"https:\/\/www.tgrthaber.com\/mavikadin\/wp-content\/uploads\/5-310.png\" alt=\"\" width=\"1208\" height=\"680\" title=\"\" srcset=\"https:\/\/www.tgrthaber.com\/mavikadin\/wp-content\/uploads\/5-310.png 1280w, https:\/\/www.tgrthaber.com\/mavikadin\/wp-content\/uploads\/5-310-300x169.png 300w, https:\/\/www.tgrthaber.com\/mavikadin\/wp-content\/uploads\/5-310-1024x576.png 1024w, https:\/\/www.tgrthaber.com\/mavikadin\/wp-content\/uploads\/5-310-768x432.png 768w\" sizes=\"(max-width: 1208px) 100vw, 1208px\" \/><\/p>\n<hr \/>\n<p>Programda her hafta farkl\u0131 konseptler do\u011frultusunda kombinler haz\u0131rlayan yar\u0131\u015fmac\u0131lar, en y\u00fcksek puanlar\u0131 alarak haftan\u0131n kazanan\u0131 olmaya \u00e7al\u0131\u015f\u0131yor. Sema Korel\u2019in bu s\u00fcre\u00e7te nas\u0131l bir performans sergileyece\u011fi, haftal\u0131k de\u011ferlendirmelerde nas\u0131l bir yol izleyece\u011fi b\u00fcy\u00fck merak konusu.<\/p>\n<p><img loading=\"lazy\" decoding=\"async\" class=\"alignnone wp-image-156654\" src=\"https:\/\/www.tgrthaber.com\/mavikadin\/wp-content\/uploads\/3-618.png\" alt=\"\" width=\"1208\" height=\"680\" title=\"\" srcset=\"https:\/\/www.tgrthaber.com\/mavikadin\/wp-content\/uploads\/3-618.png 1280w, https:\/\/www.tgrthaber.com\/mavikadin\/wp-content\/uploads\/3-618-300x169.png 300w, https:\/\/www.tgrthaber.com\/mavikadin\/wp-content\/uploads\/3-618-1024x576.png 1024w, https:\/\/www.tgrthaber.com\/mavikadin\/wp-content\/uploads\/3-618-768x432.png 768w\" sizes=\"(max-width: 1208px) 100vw, 1208px\" \/><\/p>\n<hr \/>\n<h3>MESLE\u011e\u0130 VE \u00d6ZEL HAYATI<\/h3>\n<p>\u015eu an i\u00e7in Sema Korel\u2019in mesle\u011fi, e\u011fitim hayat\u0131 veya \u00f6zel ya\u015fam\u0131 hakk\u0131nda net bir bilgi bulunmuyor. Sosyal medyadaki aktif payla\u015f\u0131mlar\u0131 onun moda d\u00fcnyas\u0131na ilgisi oldu\u011funu g\u00f6sterse de profesyonel olarak bir meslek icra edip etmedi\u011fi bilinmiyor.<\/p>\n<p>\u0130\u015fte Benim Stilim, moda ve tarz\u0131n\u0131 geni\u015f kitlelere tan\u0131tmak isteyen yar\u0131\u015fmac\u0131lar i\u00e7in \u00f6nemli bir platform sunuyor. Sema Korel de bu f\u0131rsat\u0131 en iyi \u015fekilde de\u011ferlendirerek hem j\u00fcriyi hem de izleyicileri etkilemeye \u00e7al\u0131\u015f\u0131yor.<\/p>\n","protected":false},"excerpt":{"rendered":"<p>\u0130\u015fte Benim Stilim\u2019in iddial\u0131 yar\u0131\u015fmac\u0131lar\u0131ndan Sema Korel, tarz\u0131 ve sosyal medyadaki payla\u015f\u0131mlar\u0131yla dikkat \u00e7ekiyor. Peki, Sema Korel kimdir, ka\u00e7 ya\u015f\u0131nda ve mesle\u011fi ne? \u0130\u015fte hakk\u0131nda bilinenler\u2026<\/p>\n","protected":false},"author":28,"featured_media":156653,"comment_status":"closed","ping_status":"closed","sticky":false,"template":"","format":"standard","meta":{"rank_math_lock_modified_date":true,"footnotes":""},"categories":[491],"tags":[7559,16569],"class_list":["post-156635","post","type-post","status-publish","format-standard","has-post-thumbnail","hentry","category-biyografi","tag-iste-benim-stilim","tag-sema-korel"],"_links":{"self":[{"href":"https:\/\/www.tgrthaber.com\/mavikadin\/wp-json\/wp\/v2\/posts\/156635"}],"collection":[{"href":"https:\/\/www.tgrthaber.com\/mavikadin\/wp-json\/wp\/v2\/posts"}],"about":[{"href":"https:\/\/www.tgrthaber.com\/mavikadin\/wp-json\/wp\/v2\/types\/post"}],"author":[{"embeddable":true,"href":"https:\/\/www.tgrthaber.com\/mavikadin\/wp-json\/wp\/v2\/users\/28"}],"replies":[{"embeddable":true,"href":"https:\/\/www.tgrthaber.com\/mavikadin\/wp-json\/wp\/v2\/comments?post=156635"}],"version-history":[{"count":2,"href":"https:\/\/www.tgrthaber.com\/mavikadin\/wp-json\/wp\/v2\/posts\/156635\/revisions"}],"predecessor-version":[{"id":156660,"href":"https:\/\/www.tgrthaber.com\/mavikadin\/wp-json\/wp\/v2\/posts\/156635\/revisions\/156660"}],"wp:featuredmedia":[{"embeddable":true,"href":"https:\/\/www.tgrthaber.com\/mavikadin\/wp-json\/wp\/v2\/media\/156653"}],"wp:attachment":[{"href":"https:\/\/www.tgrthaber.com\/mavikadin\/wp-json\/wp\/v2\/media?parent=156635"}],"wp:term":[{"taxonomy":"category","embeddable":true,"href":"https:\/\/www.tgrthaber.com\/mavikadin\/wp-json\/wp\/v2\/categories?post=156635"},{"taxonomy":"post_tag","embeddable":true,"href":"https:\/\/www.tgrthaber.com\/mavikadin\/wp-json\/wp\/v2\/tags?post=156635"}],"curies":[{"name":"wp","href":"https:\/\/api.w.org\/{rel}","templated":true}]}}