{"id":156636,"date":"2025-04-03T18:16:37","date_gmt":"2025-04-03T15:16:37","guid":{"rendered":"https:\/\/www.tgrthaber.com\/mavikadin\/?p=156636"},"modified":"2025-04-03T18:46:12","modified_gmt":"2025-04-03T15:46:12","slug":"yayindan-kaldirilan-piyasa-dizisinin-munevveri-ilayda-alisandan-dikkat-ceken-itiraf","status":"publish","type":"post","link":"https:\/\/www.tgrthaber.com\/mavikadin\/yayindan-kaldirilan-piyasa-dizisinin-munevveri-ilayda-alisandan-dikkat-ceken-itiraf\/","title":{"rendered":"Yay\u0131ndan kald\u0131r\u0131lan Piyasa dizisinin M\u00fcnevver&#8217;i \u0130layda Ali\u015fan&#8217;dan dikkat \u00e7eken itiraf!"},"content":{"rendered":"<p class=\"p2\">\u0130layda Ali\u015fan\u2019dan Piyasa dizisine dair \u00e7arp\u0131c\u0131 a\u00e7\u0131klamalar geldi. Dizide M\u00fcnevver karakterini oynayan ba\u015far\u0131l\u0131 oyuncu, yap\u0131m\u0131n beklenenden erken final yapmas\u0131yla ilgili ilk kez konu\u015ftu. Sessizli\u011fini bozan Ali\u015fan, dizinin yay\u0131ndan kald\u0131r\u0131lma sebebinin seyirciyle yeterince ba\u011f kuramamas\u0131 oldu\u011funu s\u00f6yledi. Seyircinin projeye s\u0131cak bakmad\u0131\u011f\u0131n\u0131 belirten oyuncu, \u2018seyirci sevmedi\u2019 itiraf\u0131yla g\u00fcndem oldu.<\/p>\n<h3>\u0130LAYDA AL\u0130\u015eAN&#8217;DAN P\u0130YASA \u0130T\u0130RAFI!<\/h3>\n<p class=\"p1\">Kanal D ekranlar\u0131nda yay\u0131nlanan ve iddial\u0131 kadrosuyla dikkat \u00e7eken Piyasa dizisinde M\u00fcnevver rol\u00fcn\u00fc \u00fcstlenen \u0130layda Ali\u015fan, dizinin beklenenden erken sona ermesiyle ilgili ilk kez konu\u015ftu. Final karar\u0131n\u0131n ard\u0131ndan sessizli\u011fini bozan gen\u00e7 oyuncu, projenin reytinglerde istenilen ba\u015far\u0131y\u0131 yakalayamad\u0131\u011f\u0131n\u0131 belirtti. Samimi a\u00e7\u0131klamalarda bulunan Ali\u015fan, 2Seyirciyle aram\u0131zda bir ba\u011f kurulamad\u0131, sevmediler&#8217; diyerek durumu a\u00e7\u0131k s\u00f6zl\u00fcl\u00fckle dile getirdi. Bu s\u00f6zleri sosyal medyada k\u0131sa s\u00fcrede g\u00fcndem olurken, bir\u00e7ok izleyici de diziye erken veda edilmesine \u00fcz\u00fcld\u00fc\u011f\u00fcn\u00fc belirtti. Ali\u015fan\u2019\u0131n a\u00e7\u0131klamalar\u0131 dikkat \u00e7ekti.<\/p>\n<div style=\"width: 640px;\" class=\"wp-video\"><!--[if lt IE 9]><script>document.createElement('video');<\/script><![endif]-->\n<video class=\"wp-video-shortcode\" id=\"video-156636-1\" width=\"640\" height=\"1138\" preload=\"metadata\" controls=\"controls\"><source type=\"video\/mp4\" src=\"https:\/\/www.tgrthaber.com\/mavikadin\/wp-content\/uploads\/Instagram-2.sayfaofficial-stories-3602656602080270736-online-video-cutter.com-1.mp4?_=1\" \/><a href=\"https:\/\/www.tgrthaber.com\/mavikadin\/wp-content\/uploads\/Instagram-2.sayfaofficial-stories-3602656602080270736-online-video-cutter.com-1.mp4\">https:\/\/www.tgrthaber.com\/mavikadin\/wp-content\/uploads\/Instagram-2.sayfaofficial-stories-3602656602080270736-online-video-cutter.com-1.mp4<\/a><\/video><\/div>\n<h3>P\u0130YASA D\u0130Z\u0130S\u0130N\u0130N M\u00dcNEVVER&#8217;\u0130 \u0130LAYDA AL\u0130\u015eAN K\u0130MD\u0130R?<\/h3>\n<p class=\"p1\">\u0130layda Ali\u015fan, 26 \u015eubat 1996\u2019da \u0130stanbul\u2019da d\u00fcnyaya geldi. E\u011fitim hayat\u0131n\u0131 Beh\u00e7et Kemal \u00c7a\u011flar Lisesi\u2019nde tamamlayan Ali\u015fan, oyunculu\u011fa olan ilgisini k\u00fc\u00e7\u00fck ya\u015flarda ke\u015ffetti. Televizyon kariyerine 2011 y\u0131l\u0131nda, &#8216;Bir \u00c7ocuk Sevdim&#8217; adl\u0131 diziyle ad\u0131m att\u0131 ve bu projeyle izleyici kar\u015f\u0131s\u0131na ilk kez \u00e7\u0131kt\u0131.<\/p>\n<p><img loading=\"lazy\" decoding=\"async\" class=\"alignnone wp-image-156661\" src=\"https:\/\/www.tgrthaber.com\/mavikadin\/wp-content\/uploads\/Ekran-Resmi-2025-04-03-18.15.20-300x174.png\" alt=\"\" width=\"1134\" height=\"658\" title=\"\" srcset=\"https:\/\/www.tgrthaber.com\/mavikadin\/wp-content\/uploads\/Ekran-Resmi-2025-04-03-18.15.20-300x174.png 300w, https:\/\/www.tgrthaber.com\/mavikadin\/wp-content\/uploads\/Ekran-Resmi-2025-04-03-18.15.20-768x446.png 768w, https:\/\/www.tgrthaber.com\/mavikadin\/wp-content\/uploads\/Ekran-Resmi-2025-04-03-18.15.20.png 972w\" sizes=\"(max-width: 1134px) 100vw, 1134px\" \/><\/p>\n<p class=\"p1\">Zaman i\u00e7inde R\u00fcya, Bana Sevmeyi Anlat, Benim Ad\u0131m G\u00fcltepe, Ser\u00e7e Saray\u0131 ve G\u00f6n\u00fcl H\u0131rs\u0131z\u0131 gibi yap\u0131mlarda farkl\u0131 karakterlerle ekranlarda yer ald\u0131. 2017\u2019de b\u00fcy\u00fck ses getiren \u00c7ukur dizisinde Aras Bulut \u0130ynemli ve Dilan \u00c7i\u00e7ek Deniz\u2019le birlikte rol ald\u0131.<\/p>\n<p><img loading=\"lazy\" decoding=\"async\" class=\"alignnone wp-image-156646 \" src=\"https:\/\/www.tgrthaber.com\/mavikadin\/wp-content\/uploads\/Ekran-Resmi-2025-04-03-18.07.28.png\" alt=\"\" width=\"989\" height=\"580\" title=\"\" srcset=\"https:\/\/www.tgrthaber.com\/mavikadin\/wp-content\/uploads\/Ekran-Resmi-2025-04-03-18.07.28.png 962w, https:\/\/www.tgrthaber.com\/mavikadin\/wp-content\/uploads\/Ekran-Resmi-2025-04-03-18.07.28-300x176.png 300w, https:\/\/www.tgrthaber.com\/mavikadin\/wp-content\/uploads\/Ekran-Resmi-2025-04-03-18.07.28-768x450.png 768w\" sizes=\"(max-width: 989px) 100vw, 989px\" \/><\/p>\n<hr \/>\n<p class=\"p1\">2019\u2019da \u015eampiyon dizisinin oyuncu kadrosuna kat\u0131lan Ali\u015fan, ayn\u0131 y\u0131l Hakan: Muhaf\u0131z adl\u0131 Netflix dizisinde Aylin karakterini oynad\u0131. 2021\u2019de ise Gain platformunda yay\u0131nlanan Terapist dizisinde rol ald\u0131. 2021 y\u0131l\u0131nda \u0130layda Ali\u015fan, ekranlara Masumiyet dizisiyle geri d\u00f6nd\u00fc ve burada Ela karakterini oynad\u0131.<span class=\"Apple-converted-space\">\u00a0 <\/span>H\u00fclya Av\u015far, Mehmet Aslantu\u011f ve Deniz \u00c7ak\u0131r gibi deneyimli isimlerle ayn\u0131 projede yer alarak performans\u0131yla dikkat \u00e7ekti. Ayn\u0131 y\u0131l K\u0131rm\u0131z\u0131 Oda dizisinde, Erdem \u015eanl\u0131 ile birlikte konuk oyuncu olarak izleyici kar\u015f\u0131s\u0131na \u00e7\u0131kt\u0131. 2022\u2019de ise Burak Y\u00f6r\u00fck\u2019le ba\u015frol\u00fc payla\u015ft\u0131\u011f\u0131 romantik komedi dizisi Seversin ile gen\u00e7 izleyici kitlesinden b\u00fcy\u00fck ilgi g\u00f6rd\u00fc. 2023\u2019te, Netflix\u2019te yay\u0131nlanan \u0130yi Adam\u0131n 10 G\u00fcn\u00fc adl\u0131 filmde rol alarak dijital platformlardaki kariyerini de g\u00fc\u00e7lendirdi.<\/p>\n","protected":false},"excerpt":{"rendered":"<p>\u0130layda Ali\u015fan, rol ald\u0131\u011f\u0131 diziyle ilgili ilk kez bu kadar a\u00e7\u0131k konu\u015ftu. Projenin neden erken final yapt\u0131\u011f\u0131na dair \u00e7arp\u0131c\u0131 a\u00e7\u0131klamalarda bulunan oyuncu, seyirciden beklenen ilgiyi g\u00f6remediklerini belirtti. Bu samimi itiraf, sosyal medyada k\u0131sa s\u00fcrede g\u00fcndem oldu.<\/p>\n","protected":false},"author":16,"featured_media":156657,"comment_status":"closed","ping_status":"closed","sticky":false,"template":"","format":"standard","meta":{"rank_math_lock_modified_date":false,"footnotes":""},"categories":[76],"tags":[2628,16571,12009,6183,16570],"class_list":["post-156636","post","type-post","status-publish","format-standard","has-post-thumbnail","hentry","category-magazin","tag-dizi-haberleri","tag-ilayda-alisan-kimdir","tag-ilayda-alisan-piyasa-dizisi","tag-piyasa-dizisi","tag-piyasa-dizisi-munevver-ilayda-alisan"],"_links":{"self":[{"href":"https:\/\/www.tgrthaber.com\/mavikadin\/wp-json\/wp\/v2\/posts\/156636"}],"collection":[{"href":"https:\/\/www.tgrthaber.com\/mavikadin\/wp-json\/wp\/v2\/posts"}],"about":[{"href":"https:\/\/www.tgrthaber.com\/mavikadin\/wp-json\/wp\/v2\/types\/post"}],"author":[{"embeddable":true,"href":"https:\/\/www.tgrthaber.com\/mavikadin\/wp-json\/wp\/v2\/users\/16"}],"replies":[{"embeddable":true,"href":"https:\/\/www.tgrthaber.com\/mavikadin\/wp-json\/wp\/v2\/comments?post=156636"}],"version-history":[{"count":2,"href":"https:\/\/www.tgrthaber.com\/mavikadin\/wp-json\/wp\/v2\/posts\/156636\/revisions"}],"predecessor-version":[{"id":156663,"href":"https:\/\/www.tgrthaber.com\/mavikadin\/wp-json\/wp\/v2\/posts\/156636\/revisions\/156663"}],"wp:featuredmedia":[{"embeddable":true,"href":"https:\/\/www.tgrthaber.com\/mavikadin\/wp-json\/wp\/v2\/media\/156657"}],"wp:attachment":[{"href":"https:\/\/www.tgrthaber.com\/mavikadin\/wp-json\/wp\/v2\/media?parent=156636"}],"wp:term":[{"taxonomy":"category","embeddable":true,"href":"https:\/\/www.tgrthaber.com\/mavikadin\/wp-json\/wp\/v2\/categories?post=156636"},{"taxonomy":"post_tag","embeddable":true,"href":"https:\/\/www.tgrthaber.com\/mavikadin\/wp-json\/wp\/v2\/tags?post=156636"}],"curies":[{"name":"wp","href":"https:\/\/api.w.org\/{rel}","templated":true}]}}