{"id":156666,"date":"2025-04-03T18:31:20","date_gmt":"2025-04-03T15:31:20","guid":{"rendered":"https:\/\/www.tgrthaber.com\/mavikadin\/?p=156666"},"modified":"2025-04-03T18:44:57","modified_gmt":"2025-04-03T15:44:57","slug":"avrupa-guzeli-guler-erdogan-feci-sekilde-hayatini-kaybetti-kopruden-dustu-arac-altinda-kaldi","status":"publish","type":"post","link":"https:\/\/www.tgrthaber.com\/mavikadin\/avrupa-guzeli-guler-erdogan-feci-sekilde-hayatini-kaybetti-kopruden-dustu-arac-altinda-kaldi\/","title":{"rendered":"Avrupa G\u00fczeli G\u00fcler Erdo\u011fan feci \u015fekilde hayat\u0131n\u0131 kaybetti: K\u00f6pr\u00fcden d\u00fc\u015ft\u00fc, ara\u00e7 alt\u0131nda kald\u0131!"},"content":{"rendered":"<p class=\"p1\">Ramazan Bayram\u0131\u2019n\u0131 ge\u00e7irmek \u00fczere Giresun\u2019a giden Kosova Avrupa G\u00fczeli G\u00fcler Erdo\u011fan, trajik bir olay sonucu ya\u015fam\u0131n\u0131 yitirdi. E\u011flenceden \u00e7\u0131kan Erdo\u011fan, kendi arac\u0131n\u0131 kullanarak yola \u00e7\u0131kt\u0131 ve k\u0131sa s\u00fcre sonra polis kontrol noktas\u0131na rastlad\u0131. Yap\u0131lan denetimde alkoll\u00fc oldu\u011fu belirlenince, arac\u0131n\u0131 olay yerinde b\u0131rak\u0131p y\u00fcr\u00fcyerek uzakla\u015fmaya \u00e7al\u0131\u015ft\u0131. \u00dcst ge\u00e7ide \u00e7\u0131kan Erdo\u011fan ka\u00e7arken yola d\u00fc\u015ferek, a\u011f\u0131r yaraland\u0131. Erdo\u011fan\u2019\u0131n hayat\u0131n\u0131 kaybetti\u011fi \u00f6\u011frenildi.<\/p>\n<h3>AVRUPA G\u00dcZEL\u0130 G\u00dcLER ERDO\u011eAN FEC\u0130 \u015eEK\u0130LDE HAYATINI KAYBETT\u0130<\/h3>\n<p class=\"p1\">Giresun\u2019da ya\u015fanan trajik bir olay, hem kamuoyunu hem de yak\u0131nlar\u0131n\u0131 derinden sarst\u0131. 27 ya\u015f\u0131ndaki Kosova Avrupa G\u00fczeli G\u00fcler Erdo\u011fan, Ramazan Bayram\u0131 tatilini ge\u00e7irmek \u00fczere memleketine geldi. Gece saatlerinde e\u011flence mekan\u0131ndan ayr\u0131larak arac\u0131na binen Erdo\u011fan, k\u0131sa s\u00fcre sonra polis kontrol noktas\u0131nda durduruldu. \u0130ddiaya g\u00f6re yap\u0131lan kontrollerde alkoll\u00fc oldu\u011fu belirlenen gen\u00e7 kad\u0131n, otomobilini b\u0131rak\u0131p pani\u011fe kap\u0131larak olay yerinden yaya olarak uzakla\u015fmaya ba\u015flad\u0131.<\/p>\n<p><img loading=\"lazy\" decoding=\"async\" class=\"alignnone wp-image-156667 size-large\" src=\"https:\/\/www.tgrthaber.com\/mavikadin\/wp-content\/uploads\/Ekran-Resmi-2025-04-03-18.24.48-1024x551.png\" alt=\"\" width=\"1024\" height=\"551\" title=\"\" srcset=\"https:\/\/www.tgrthaber.com\/mavikadin\/wp-content\/uploads\/Ekran-Resmi-2025-04-03-18.24.48-1024x551.png 1024w, https:\/\/www.tgrthaber.com\/mavikadin\/wp-content\/uploads\/Ekran-Resmi-2025-04-03-18.24.48-300x161.png 300w, https:\/\/www.tgrthaber.com\/mavikadin\/wp-content\/uploads\/Ekran-Resmi-2025-04-03-18.24.48-768x413.png 768w, https:\/\/www.tgrthaber.com\/mavikadin\/wp-content\/uploads\/Ekran-Resmi-2025-04-03-18.24.48.png 1412w\" sizes=\"(max-width: 1024px) 100vw, 1024px\" \/><\/p>\n<hr \/>\n<p class=\"p1\">Ka\u00e7\u0131\u015f s\u0131ras\u0131nda \u00fcst ge\u00e7ide \u00e7\u0131kan Erdo\u011fan, dengesini kaybederek aniden yola d\u00fc\u015ft\u00fc. O s\u0131rada yoldan ge\u00e7en bir arac\u0131n \u00e7arpmas\u0131 sonucu a\u011f\u0131r \u015fekilde yaraland\u0131. Olay\u0131 g\u00f6ren \u00e7evredekilerin ihbar\u0131 \u00fczerine sa\u011fl\u0131k ekipleri h\u0131zla b\u00f6lgeye sevk edildi. Yap\u0131lan ilk incelemelerde Erdo\u011fan\u2019\u0131n olay yerinde hayat\u0131n\u0131 kaybetti\u011fi belirlendi.<\/p>\n<p><img loading=\"lazy\" decoding=\"async\" class=\"alignnone wp-image-156671 size-large\" src=\"https:\/\/www.tgrthaber.com\/mavikadin\/wp-content\/uploads\/Ekran-Resmi-2025-04-03-18.26.08-1024x751.png\" alt=\"\" width=\"1024\" height=\"751\" title=\"\" srcset=\"https:\/\/www.tgrthaber.com\/mavikadin\/wp-content\/uploads\/Ekran-Resmi-2025-04-03-18.26.08-1024x751.png 1024w, https:\/\/www.tgrthaber.com\/mavikadin\/wp-content\/uploads\/Ekran-Resmi-2025-04-03-18.26.08-300x220.png 300w, https:\/\/www.tgrthaber.com\/mavikadin\/wp-content\/uploads\/Ekran-Resmi-2025-04-03-18.26.08-768x563.png 768w, https:\/\/www.tgrthaber.com\/mavikadin\/wp-content\/uploads\/Ekran-Resmi-2025-04-03-18.26.08.png 1058w\" sizes=\"(max-width: 1024px) 100vw, 1024px\" \/><\/p>\n<hr \/>\n<p class=\"p1\">Gen\u00e7 ya\u015fta hayata veda eden G\u00fcler Erdo\u011fan\u2019\u0131n ge\u00e7mi\u015fte psikolojik s\u0131k\u0131nt\u0131lar ya\u015fad\u0131\u011f\u0131, hatta daha \u00f6nce intihar giri\u015fiminde bulundu\u011fu da \u00f6ne s\u00fcr\u00fcld\u00fc. G\u00fczellik tac\u0131 ta\u015f\u0131yan bir isim olmas\u0131na ra\u011fmen ya\u015fam\u0131nda zorluklarla m\u00fccadele etti\u011fi ifade edilen Erdo\u011fan\u2019\u0131n ani \u00f6l\u00fcm\u00fc, sevenlerini yasa bo\u011farken, olayla ilgili soru\u015fturma ba\u015flat\u0131ld\u0131.<\/p>\n<p><img loading=\"lazy\" decoding=\"async\" class=\"alignnone wp-image-156679 \" src=\"https:\/\/www.tgrthaber.com\/mavikadin\/wp-content\/uploads\/Ekran-Resmi-2025-04-03-18.32.41.png\" alt=\"\" width=\"989\" height=\"526\" title=\"\" srcset=\"https:\/\/www.tgrthaber.com\/mavikadin\/wp-content\/uploads\/Ekran-Resmi-2025-04-03-18.32.41.png 978w, https:\/\/www.tgrthaber.com\/mavikadin\/wp-content\/uploads\/Ekran-Resmi-2025-04-03-18.32.41-300x160.png 300w, https:\/\/www.tgrthaber.com\/mavikadin\/wp-content\/uploads\/Ekran-Resmi-2025-04-03-18.32.41-768x408.png 768w\" sizes=\"(max-width: 989px) 100vw, 989px\" \/><\/p>\n<hr \/>\n<h3>AVRUPA G\u00dcZEL\u0130 G\u00dcLER ERDO\u011eAN K\u0130MD\u0130R?<\/h3>\n<p class=\"p1\">G\u00fcler Erdo\u011fan, 27 ya\u015f\u0131nda gen\u00e7 bir mankendi. Aslen Giresun\u2019un Tirebolu il\u00e7esinden olan Erdo\u011fan, ya\u015fam\u0131n\u0131 \u0130stanbul Be\u015fikta\u015f\u2019ta s\u00fcrd\u00fcr\u00fcyordu. Kariyerinde \u00f6nemli bir ba\u015far\u0131ya imza atarak Kosova\u2019da d\u00fczenlenen g\u00fczellik yar\u0131\u015fmas\u0131nda Avrupa G\u00fczeli unvan\u0131n\u0131 elde etmi\u015fti. Moda d\u00fcnyas\u0131nda ad\u0131ndan s\u00f6z ettiren Erdo\u011fan, Sabiha Alaku\u015fu\u2019nun manken kadrosunda yer al\u0131yor, \u00e7e\u015fitli defile ve etkinliklerde sahne al\u0131yordu. Sosyal medya platformlar\u0131nda da olduk\u00e7a aktif olan gen\u00e7 model, kat\u0131ld\u0131\u011f\u0131 organizasyonlarda sergiledi\u011fi profesyonel performanslarla dikkat \u00e7ekmeyi ba\u015farm\u0131\u015ft\u0131. I\u015f\u0131lt\u0131l\u0131 kariyerine ra\u011fmen ya\u015fad\u0131\u011f\u0131 talihsiz olayla hayat\u0131 gen\u00e7 ya\u015fta son buldu.<\/p>\n","protected":false},"excerpt":{"rendered":"<p>Bayram tatili i\u00e7in Giresun\u2019a gelen Kosova Avrupa G\u00fczeli G\u00fcler Erdo\u011fan, feci bir trafik kazas\u0131nda hayat\u0131n\u0131 kaybetti. Gece saatlerinde ya\u015fanan olayda, e\u011flenceden d\u00f6nerken polis kontrol\u00fcne tak\u0131lan Erdo\u011fan\u2019\u0131n alkoll\u00fc oldu\u011fu iddia edildi. Ka\u00e7arken \u00fcst ge\u00e7itten d\u00fc\u015fen gen\u00e7 kad\u0131n, kurtar\u0131lamad\u0131.<\/p>\n","protected":false},"author":16,"featured_media":156676,"comment_status":"closed","ping_status":"closed","sticky":false,"template":"","format":"standard","meta":{"rank_math_lock_modified_date":false,"footnotes":""},"categories":[76],"tags":[16572,16573,16574,133,2218],"class_list":["post-156666","post","type-post","status-publish","format-standard","has-post-thumbnail","hentry","category-magazin","tag-avrupa-guzeli-guler-erdogan","tag-guler-erdogan-oldu","tag-guler-erdogan-trafik-kazasi","tag-magazin","tag-magazin-haberleri"],"_links":{"self":[{"href":"https:\/\/www.tgrthaber.com\/mavikadin\/wp-json\/wp\/v2\/posts\/156666"}],"collection":[{"href":"https:\/\/www.tgrthaber.com\/mavikadin\/wp-json\/wp\/v2\/posts"}],"about":[{"href":"https:\/\/www.tgrthaber.com\/mavikadin\/wp-json\/wp\/v2\/types\/post"}],"author":[{"embeddable":true,"href":"https:\/\/www.tgrthaber.com\/mavikadin\/wp-json\/wp\/v2\/users\/16"}],"replies":[{"embeddable":true,"href":"https:\/\/www.tgrthaber.com\/mavikadin\/wp-json\/wp\/v2\/comments?post=156666"}],"version-history":[{"count":4,"href":"https:\/\/www.tgrthaber.com\/mavikadin\/wp-json\/wp\/v2\/posts\/156666\/revisions"}],"predecessor-version":[{"id":156681,"href":"https:\/\/www.tgrthaber.com\/mavikadin\/wp-json\/wp\/v2\/posts\/156666\/revisions\/156681"}],"wp:featuredmedia":[{"embeddable":true,"href":"https:\/\/www.tgrthaber.com\/mavikadin\/wp-json\/wp\/v2\/media\/156676"}],"wp:attachment":[{"href":"https:\/\/www.tgrthaber.com\/mavikadin\/wp-json\/wp\/v2\/media?parent=156666"}],"wp:term":[{"taxonomy":"category","embeddable":true,"href":"https:\/\/www.tgrthaber.com\/mavikadin\/wp-json\/wp\/v2\/categories?post=156666"},{"taxonomy":"post_tag","embeddable":true,"href":"https:\/\/www.tgrthaber.com\/mavikadin\/wp-json\/wp\/v2\/tags?post=156666"}],"curies":[{"name":"wp","href":"https:\/\/api.w.org\/{rel}","templated":true}]}}