{"id":156669,"date":"2025-04-03T18:40:01","date_gmt":"2025-04-03T15:40:01","guid":{"rendered":"https:\/\/www.tgrthaber.com\/mavikadin\/?p=156669"},"modified":"2025-04-03T18:55:26","modified_gmt":"2025-04-03T15:55:26","slug":"avrupa-guzeli-guler-erdogan-kimdir-kac-yasindaydi-hayati-arastiriliyor","status":"publish","type":"post","link":"https:\/\/www.tgrthaber.com\/mavikadin\/avrupa-guzeli-guler-erdogan-kimdir-kac-yasindaydi-hayati-arastiriliyor\/","title":{"rendered":"Avrupa G\u00fczeli G\u00fcler Erdo\u011fan kimdir, ka\u00e7 ya\u015f\u0131nda? Hayat\u0131 ara\u015ft\u0131r\u0131l\u0131yor"},"content":{"rendered":"<article class=\"text-token-text-primary w-full\" dir=\"auto\" data-testid=\"conversation-turn-12\" data-scroll-anchor=\"true\">\n<div class=\"text-base my-auto mx-auto py-5 px-6\">\n<div class=\"mx-auto flex flex-1 text-base gap-4 md:gap-5 lg:gap-6 md:max-w-3xl group\/turn-messages focus-visible:outline-hidden\" tabindex=\"-1\">\n<div class=\"group\/conversation-turn relative flex w-full min-w-0 flex-col agent-turn @xs\/thread:px-0 @sm\/thread:px-1.5 @md\/thread:px-4\">\n<div class=\"relative flex-col gap-1 md:gap-3\">\n<div class=\"flex max-w-full flex-col grow\">\n<div class=\"min-h-8 text-message relative flex w-full flex-col items-end gap-2 text-start break-words whitespace-normal [.text-message+&amp;]:mt-5\" dir=\"auto\" data-message-author-role=\"assistant\" data-message-id=\"b831c23d-4075-402c-ba89-cff2de921bd5\" data-message-model-slug=\"gpt-4o\">\n<div class=\"flex w-full flex-col gap-1 empty:hidden first:pt-[3px]\">\n<div class=\"markdown prose dark:prose-invert w-full break-words dark\">\n<p class=\"\" data-start=\"90\" data-end=\"500\">Gen\u00e7 ya\u015fta ya\u015fam\u0131n\u0131 yitiren Kosova Avrupa G\u00fczeli G\u00fcler Erdo\u011fan\u2019\u0131n ani \u00f6l\u00fcm\u00fc hem sosyal medyay\u0131 hem de kamuoyunu derinden sarst\u0131. Giresun\u2019da meydana gelen trajik olay\u0131n ard\u0131ndan, binlerce ki\u015fi \u201cG\u00fcler Erdo\u011fan kimdi, ka\u00e7 ya\u015f\u0131ndayd\u0131, nas\u0131l \u00f6ld\u00fc?\u201d sorular\u0131n\u0131n yan\u0131t\u0131n\u0131 aramaya ba\u015flad\u0131. G\u00fczelli\u011fiyle dikkat \u00e7eken ve modellik d\u00fcnyas\u0131nda h\u0131zla y\u00fckselen Erdo\u011fan\u2019\u0131n hayat\u0131 ve \u00f6l\u00fcm\u00fcne dair detaylar merak konusu oldu. T\u00fcm detaylar ise haberimizde&#8230;<\/p>\n<\/div>\n<\/div>\n<\/div>\n<\/div>\n<div class=\"flex justify-start\">\n<h3 class=\"touch:-me-2 touch:-ms-3.5 -ms-2.5 -me-1 flex items-center p-1 select-none -mt-1 duration-[1.5s] focus-within:transition-none hover:transition-none pointer-events-none [mask-image:linear-gradient(to_right,black_33%,transparent_66%)] [mask-position:100%_0%] [mask-size:300%_100%] motion-safe:transition-[mask-position] group-hover\/turn-messages:pointer-events-auto group-hover\/turn-messages:[mask-position:0_0] group-focus-within\/turn-messages:pointer-events-auto group-focus-within\/turn-messages:[mask-position:0_0] has-data-[state=open]:pointer-events-auto has-data-[state=open]:[mask-position:0_0]\">G\u00dcLER ERDO\u011eAN K\u0130MD\u0130R?<\/h3>\n<\/div>\n<\/div>\n<\/div>\n<\/div>\n<\/div>\n<\/article>\n<p>Kosova Avrupa G\u00fczeli unvan\u0131yla tan\u0131nan G\u00fcler Erdo\u011fan, modellik kariyerine T\u00fcrkiye&#8217;de devam eden gen\u00e7 bir isimdi. \u0130stanbul Be\u015fikta\u015f\u2019ta ya\u015fayan Erdo\u011fan\u2019\u0131n aslen Giresun\u2019un Tirebolu il\u00e7esinden oldu\u011fu \u00f6\u011frenildi. Son olarak Sabiha Alaku\u015fu Ajans\u0131&#8217;na ba\u011fl\u0131 olarak \u00e7al\u0131\u015fmalar\u0131n\u0131 s\u00fcrd\u00fcren Erdo\u011fan, bir\u00e7ok defilede ve reklam projesinde yer al\u0131yordu.<\/p>\n<p><img loading=\"lazy\" decoding=\"async\" class=\"alignnone wp-image-156673\" src=\"https:\/\/www.tgrthaber.com\/mavikadin\/wp-content\/uploads\/guzellik-yarismasi-birincisi-guler-erdogan-kimdir-kazada-mi-oldu-300x169.webp\" alt=\"\" width=\"1170\" height=\"658\" title=\"\" srcset=\"https:\/\/www.tgrthaber.com\/mavikadin\/wp-content\/uploads\/guzellik-yarismasi-birincisi-guler-erdogan-kimdir-kazada-mi-oldu-300x169.webp 300w, https:\/\/www.tgrthaber.com\/mavikadin\/wp-content\/uploads\/guzellik-yarismasi-birincisi-guler-erdogan-kimdir-kazada-mi-oldu-1024x576.webp 1024w, https:\/\/www.tgrthaber.com\/mavikadin\/wp-content\/uploads\/guzellik-yarismasi-birincisi-guler-erdogan-kimdir-kazada-mi-oldu-768x432.webp 768w, https:\/\/www.tgrthaber.com\/mavikadin\/wp-content\/uploads\/guzellik-yarismasi-birincisi-guler-erdogan-kimdir-kazada-mi-oldu.webp 1280w\" sizes=\"(max-width: 1170px) 100vw, 1170px\" \/><\/p>\n<hr \/>\n<h3>G\u00dcLER ERDO\u011eAN KA\u00c7 YA\u015eINDAYDI?<\/h3>\n<p>Hayat\u0131n\u0131n en verimli d\u00f6neminde olan G\u00fcler Erdo\u011fan, hen\u00fcz 27 ya\u015f\u0131ndayd\u0131. Hem yurt i\u00e7inde hem yurt d\u0131\u015f\u0131nda kat\u0131ld\u0131\u011f\u0131 g\u00fczellik yar\u0131\u015fmalar\u0131yla dikkat \u00e7eken gen\u00e7 model, \u00f6zellikle Kosova\u2019da kazand\u0131\u011f\u0131 Avrupa G\u00fczeli unvan\u0131yla ad\u0131ndan s\u00f6z ettirmi\u015fti.<\/p>\n<h3>KAZA NASIL MEYDANA GELD\u0130?<\/h3>\n<p>Ramazan Bayram\u0131 tatili i\u00e7in memleketi Giresun\u2019a giden Erdo\u011fan, Karadeniz Sahil Yolu \u00fczerinde bulunan bir \u00fcst ge\u00e7itte feci bir kaza ge\u00e7irdi. \u0130ddiaya g\u00f6re gece saatlerinde dengesini kaybederek \u00fcst ge\u00e7itten yola d\u00fc\u015fen Erdo\u011fan, bu s\u0131rada bir arac\u0131n \u00e7arpmas\u0131yla a\u011f\u0131r yaraland\u0131 ve olay yerinde ya\u015fam\u0131n\u0131 yitirdi. Sa\u011fl\u0131k ekiplerinin t\u00fcm m\u00fcdahalelerine ra\u011fmen kurtar\u0131lamad\u0131.<\/p>\n<p><img loading=\"lazy\" decoding=\"async\" class=\"alignnone wp-image-156675\" src=\"https:\/\/www.tgrthaber.com\/mavikadin\/wp-content\/uploads\/i-66-300x257.webp\" alt=\"\" width=\"835\" height=\"715\" title=\"\" srcset=\"https:\/\/www.tgrthaber.com\/mavikadin\/wp-content\/uploads\/i-66-300x257.webp 300w, https:\/\/www.tgrthaber.com\/mavikadin\/wp-content\/uploads\/i-66.webp 373w\" sizes=\"(max-width: 835px) 100vw, 835px\" \/><\/p>\n<hr \/>\n<h3>G\u00dcLER ERDO\u011eAN NEDEN \u00d6LD\u00dc?<\/h3>\n<p>Bas\u0131na yans\u0131yan iddialara g\u00f6re G\u00fcler Erdo\u011fan\u2019\u0131n olay s\u0131ras\u0131nda alkoll\u00fc oldu\u011fu \u00f6ne s\u00fcr\u00fcld\u00fc. Polis ekiplerinin kendisini durdurmas\u0131n\u0131n ard\u0131ndan \u00fcst ge\u00e7ide do\u011fru ko\u015farak uzakla\u015ft\u0131\u011f\u0131, ard\u0131ndan da d\u00fc\u015ft\u00fc\u011f\u00fc belirtiliyor. Ancak bu bilgiler hen\u00fcz resmi makamlarca do\u011frulanmad\u0131. Kesin bilgiler, otopsi raporuyla birlikte netle\u015fecek.<\/p>\n<h3>G\u00dcLER ERDO\u011eAN\u2019IN MESLE\u011e\u0130 NEYD\u0130?<\/h3>\n<p>G\u00fczelli\u011fi ve sahne duru\u015fuyla dikkat \u00e7eken Erdo\u011fan, modellik mesle\u011fini aktif olarak s\u00fcrd\u00fcr\u00fcyordu. G\u00fczellik yar\u0131\u015fmalar\u0131, defileler ve marka tan\u0131t\u0131mlar\u0131 gibi pek \u00e7ok alanda yer al\u0131yor; ayn\u0131 zamanda sosyal medyada da geni\u015f bir takip\u00e7i kitlesine hitap ediyordu.<\/p>\n<p><img loading=\"lazy\" decoding=\"async\" class=\"alignnone wp-image-156672\" src=\"https:\/\/www.tgrthaber.com\/mavikadin\/wp-content\/uploads\/67ee7651e83df1abb49a6a97-300x169.webp\" alt=\"\" width=\"1170\" height=\"658\" title=\"\" srcset=\"https:\/\/www.tgrthaber.com\/mavikadin\/wp-content\/uploads\/67ee7651e83df1abb49a6a97-300x169.webp 300w, https:\/\/www.tgrthaber.com\/mavikadin\/wp-content\/uploads\/67ee7651e83df1abb49a6a97-768x432.webp 768w, https:\/\/www.tgrthaber.com\/mavikadin\/wp-content\/uploads\/67ee7651e83df1abb49a6a97.webp 770w\" sizes=\"(max-width: 1170px) 100vw, 1170px\" \/><\/p>\n<hr \/>\n<h3>SEVG\u0130L\u0130S\u0130 K\u0130M, EVL\u0130 M\u0130YD\u0130?<\/h3>\n<p>Gen\u00e7 modelin evli olup olmad\u0131\u011f\u0131na dair net bir bilgi bulunmuyor. Kamuya a\u00e7\u0131k kaynaklarda evlili\u011fine ya da bir birlikteli\u011fine ili\u015fkin herhangi bir detay yer almad\u0131\u011f\u0131 i\u00e7in bekar oldu\u011fu d\u00fc\u015f\u00fcn\u00fcl\u00fcyor. \u00d6zel hayat\u0131n\u0131 g\u00f6z \u00f6n\u00fcnde ya\u015famayan Erdo\u011fan, daha \u00e7ok kariyerine odaklanan bir profil \u00e7iziyordu.<\/p>\n<h3>SOSYAL MEDYADA YASTA<\/h3>\n<p>G\u00fcler Erdo\u011fan\u2019\u0131n beklenmedik \u00f6l\u00fcm\u00fc sosyal medyada b\u00fcy\u00fck yank\u0131 uyand\u0131rd\u0131. \u00d6zellikle Be\u015fikta\u015f trib\u00fcnlerinden arkada\u015flar\u0131n\u0131n yapt\u0131\u011f\u0131 duygusal payla\u015f\u0131mlar dikkat \u00e7ekti. \u201cTrib\u00fcnde bir eksik, cennette bir fazlay\u0131z\u201d \u015feklindeki mesajlar, gen\u00e7 modelin sevenleri taraf\u0131ndan s\u0131k\u00e7a payla\u015f\u0131ld\u0131.<\/p>\n<p><img loading=\"lazy\" decoding=\"async\" class=\"alignnone wp-image-156670\" src=\"https:\/\/www.tgrthaber.com\/mavikadin\/wp-content\/uploads\/Ekran-Resmi-2025-04-03-18.25.40-300x178.png\" alt=\"\" width=\"1279\" height=\"758\" title=\"\" srcset=\"https:\/\/www.tgrthaber.com\/mavikadin\/wp-content\/uploads\/Ekran-Resmi-2025-04-03-18.25.40-300x178.png 300w, https:\/\/www.tgrthaber.com\/mavikadin\/wp-content\/uploads\/Ekran-Resmi-2025-04-03-18.25.40-768x455.png 768w, https:\/\/www.tgrthaber.com\/mavikadin\/wp-content\/uploads\/Ekran-Resmi-2025-04-03-18.25.40.png 982w\" sizes=\"(max-width: 1279px) 100vw, 1279px\" \/><\/p>\n<hr \/>\n<h3>OLAYLA \u0130LG\u0130L\u0130 SORU\u015eTURMA BA\u015eLATILDI<\/h3>\n<p>Giresun Emniyet M\u00fcd\u00fcrl\u00fc\u011f\u00fc, olayla ilgili geni\u015f \u00e7apl\u0131 bir soru\u015fturma ba\u015flatt\u0131. Kamera kay\u0131tlar\u0131, tan\u0131k ifadeleri ve adli t\u0131p raporlar\u0131 do\u011frultusunda \u00f6l\u00fcm\u00fcn kesin nedeni k\u0131sa s\u00fcre i\u00e7inde kamuoyuyla payla\u015f\u0131lacak.<\/p>\n","protected":false},"excerpt":{"rendered":"<p>Kosova Avrupa G\u00fczeli unvan\u0131yla tan\u0131nan G\u00fcler Erdo\u011fan\u2019\u0131n hayat\u0131n\u0131 kaybetmesinin ard\u0131ndan, sosyal medyada ve arama motorlar\u0131nda \u201cG\u00fcler Erdo\u011fan kimdir, ka\u00e7 ya\u015f\u0131ndayd\u0131?\u201d sorular\u0131 g\u00fcndem oldu. Peki Kosova Avrupa G\u00fczeli G\u00fcler Erdo\u011fan kimdir, ka\u00e7 ya\u015f\u0131ndayd\u0131? \u0130\u015fte G\u00fcler Erdo\u011fan&#8217;\u0131n hayat\u0131na dair merak edilen t\u00fcm detaylar&#8230;.<\/p>\n","protected":false},"author":35,"featured_media":156674,"comment_status":"closed","ping_status":"closed","sticky":false,"template":"","format":"standard","meta":{"rank_math_lock_modified_date":false,"footnotes":""},"categories":[491],"tags":[16572,16579,16578,16576,16577,16575],"class_list":["post-156669","post","type-post","status-publish","format-standard","has-post-thumbnail","hentry","category-biyografi","tag-avrupa-guzeli-guler-erdogan","tag-guler-erdogan-evli-mi","tag-guler-erdogan-kac-yasindaydi","tag-guler-erdogan-kimdir","tag-guler-erdogan-neden-oldu","tag-manken-guler-erdogan"],"_links":{"self":[{"href":"https:\/\/www.tgrthaber.com\/mavikadin\/wp-json\/wp\/v2\/posts\/156669"}],"collection":[{"href":"https:\/\/www.tgrthaber.com\/mavikadin\/wp-json\/wp\/v2\/posts"}],"about":[{"href":"https:\/\/www.tgrthaber.com\/mavikadin\/wp-json\/wp\/v2\/types\/post"}],"author":[{"embeddable":true,"href":"https:\/\/www.tgrthaber.com\/mavikadin\/wp-json\/wp\/v2\/users\/35"}],"replies":[{"embeddable":true,"href":"https:\/\/www.tgrthaber.com\/mavikadin\/wp-json\/wp\/v2\/comments?post=156669"}],"version-history":[{"count":3,"href":"https:\/\/www.tgrthaber.com\/mavikadin\/wp-json\/wp\/v2\/posts\/156669\/revisions"}],"predecessor-version":[{"id":156692,"href":"https:\/\/www.tgrthaber.com\/mavikadin\/wp-json\/wp\/v2\/posts\/156669\/revisions\/156692"}],"wp:featuredmedia":[{"embeddable":true,"href":"https:\/\/www.tgrthaber.com\/mavikadin\/wp-json\/wp\/v2\/media\/156674"}],"wp:attachment":[{"href":"https:\/\/www.tgrthaber.com\/mavikadin\/wp-json\/wp\/v2\/media?parent=156669"}],"wp:term":[{"taxonomy":"category","embeddable":true,"href":"https:\/\/www.tgrthaber.com\/mavikadin\/wp-json\/wp\/v2\/categories?post=156669"},{"taxonomy":"post_tag","embeddable":true,"href":"https:\/\/www.tgrthaber.com\/mavikadin\/wp-json\/wp\/v2\/tags?post=156669"}],"curies":[{"name":"wp","href":"https:\/\/api.w.org\/{rel}","templated":true}]}}