{"id":156716,"date":"2025-04-03T20:34:28","date_gmt":"2025-04-03T17:34:28","guid":{"rendered":"https:\/\/www.tgrthaber.com\/mavikadin\/?p=156716"},"modified":"2025-04-03T20:34:28","modified_gmt":"2025-04-03T17:34:28","slug":"kus-pisligi-yedirelim-sozleri-ortaligi-karistirdi-ibrahim-tatlisese-kardesinden-bomba-suclamalar","status":"publish","type":"post","link":"https:\/\/www.tgrthaber.com\/mavikadin\/kus-pisligi-yedirelim-sozleri-ortaligi-karistirdi-ibrahim-tatlisese-kardesinden-bomba-suclamalar\/","title":{"rendered":"\u201cKu\u015f pisli\u011fi yedirelim\u201d s\u00f6zleri ortal\u0131\u011f\u0131 kar\u0131\u015ft\u0131rd\u0131! \u0130brahim Tatl\u0131ses\u2019e karde\u015finden bomba su\u00e7lamalar"},"content":{"rendered":"<p>T\u00fcrk\u00fclerin imparatoru olarak bilinen \u0130brahim Tatl\u0131ses, bu kez sahne performanslar\u0131yla de\u011fil, aile i\u00e7indeki \u00e7alkant\u0131larla g\u00fcndemde. K\u0131z\u0131 Dilan \u00c7\u0131tak\u2019la ya\u015fad\u0131\u011f\u0131 gerilim hen\u00fcz so\u011fumam\u0131\u015fken, \u015fimdi de y\u0131llard\u0131r m\u00fczik d\u00fcnyas\u0131nda kendi yolunu \u00e7izmeye \u00e7al\u0131\u015fan karde\u015fi H\u00fcseyin Tatl\u0131 ile ipler koptu. Tatl\u0131ses\u2019in bir televizyon program\u0131nda karde\u015fine y\u00f6nelik sarf etti\u011fi k\u00fc\u00e7\u00fcmseyici s\u00f6zler, aile i\u00e7inde y\u0131llard\u0131r biriken k\u0131rg\u0131nl\u0131klar\u0131n fitilini ate\u015fledi. H\u00fcseyin Tatl\u0131 ise ge\u00e7mi\u015fin hesaplar\u0131n\u0131 a\u00e7t\u0131, hem ki\u015fisel hem mesleki hayal k\u0131r\u0131kl\u0131klar\u0131n\u0131 bir bir s\u0131ralayarak adeta y\u0131llar\u0131n suskunlu\u011funu bozdu.<\/p>\n<h3>AB\u0130-KARDE\u015e D\u0130YALO\u011eU KOPMA NOKTASINDA: \u201cBUNU BANA ASLA S\u00d6YLEMED\u0130N\u201d<\/h3>\n<p>\u0130brahim Tatl\u0131ses\u2019in bir televizyon program\u0131nda karde\u015fi H\u00fcseyin Tatl\u0131\u2019ya y\u00f6nelik \u201cSenden bir \u015fey olmaz, kendini yorma\u201d s\u00f6zleri, aile i\u00e7indeki buz gibi r\u00fczgarlar\u0131 yeniden estirdi. Bu c\u00fcmleye sosyal medya \u00fczerinden sert bir \u00e7\u0131k\u0131\u015fla yan\u0131t veren H\u00fcseyin Tatl\u0131, b\u00f6yle bir konu\u015fman\u0131n asla ya\u015fanmad\u0131\u011f\u0131n\u0131 ifade etti.<\/p>\n<p><img loading=\"lazy\" decoding=\"async\" class=\"alignnone wp-image-156722\" src=\"https:\/\/www.tgrthaber.com\/mavikadin\/wp-content\/uploads\/images-7-1-300x164.jpg\" alt=\"\" width=\"1208\" height=\"662\" title=\"\" srcset=\"https:\/\/www.tgrthaber.com\/mavikadin\/wp-content\/uploads\/images-7-1-300x164.jpg 300w, https:\/\/www.tgrthaber.com\/mavikadin\/wp-content\/uploads\/images-7-1.jpg 303w\" sizes=\"(max-width: 1208px) 100vw, 1208px\" \/><\/p>\n<hr \/>\n<p>\u201cHi\u00e7bir zaman bu laf\u0131 y\u00fcz\u00fcme s\u00f6ylemedin. \u015eimdi kalkm\u0131\u015f televizyonda anlat\u0131yorsun. Do\u011fruyu konu\u015fmuyorsun\u201d diyerek adeta isyan etti. Tatl\u0131 ailesi aras\u0131nda uzun s\u00fcredir devam eden k\u0131rg\u0131nl\u0131k, bu a\u00e7\u0131klamalarla yeniden alevlendi.<\/p>\n<h3>&#8220;KU\u015e P\u0130SL\u0130\u011e\u0130 YED\u0130REL\u0130M&#8221; ESPR\u0130S\u0130 G\u00dcNDEME GELD\u0130<\/h3>\n<p>Yaln\u0131zca son ya\u015fananlarla s\u0131n\u0131rl\u0131 kalmayan H\u00fcseyin Tatl\u0131, ge\u00e7mi\u015ften bug\u00fcne ya\u015fad\u0131klar\u0131n\u0131 da kamuoyu ile payla\u015ft\u0131. \u0130ddias\u0131na g\u00f6re, \u0130brahim Tatl\u0131ses\u2019in bir d\u00f6nem arabada kendi ses kayd\u0131n\u0131 dinlerken \u201cLa buna ku\u015f pisli\u011fi yedirelim\u201d \u015feklinde espri yapt\u0131\u011f\u0131n\u0131 aktard\u0131. Bu olay\u0131n da aralar\u0131nda y\u0131llar s\u00fcren bir k\u0131rg\u0131nl\u0131\u011fa yol a\u00e7t\u0131\u011f\u0131 ima edildi.<\/p>\n<p>H\u00fcseyin Tatl\u0131 ayr\u0131ca, 2000 y\u0131l\u0131nda \u00e7\u0131kard\u0131\u011f\u0131 ilk alb\u00fcm\u00fcn k\u0131sa s\u00fcre i\u00e7inde piyasadan toplat\u0131ld\u0131\u011f\u0131n\u0131 ve 360 binlik sat\u0131\u015f ba\u015far\u0131s\u0131na ra\u011fmen destek g\u00f6rmedi\u011fini s\u00f6yledi. Kral TV&#8217;deki klibinin yay\u0131ndan kald\u0131r\u0131lmas\u0131, yurtd\u0131\u015f\u0131ndaki konser tekliflerinin ba\u015fka sanat\u00e7\u0131lara y\u00f6nlendirilmesi gibi bir\u00e7ok \u00f6rnek vererek abisinin kendisine arka \u00e7\u0131kmad\u0131\u011f\u0131n\u0131 iddia etti.<\/p>\n<p><img loading=\"lazy\" decoding=\"async\" class=\"alignnone wp-image-156720\" src=\"https:\/\/www.tgrthaber.com\/mavikadin\/wp-content\/uploads\/o-sozleri-duyunca-sinirlendi-ibrahim-tatlisesin-kardesi-huseyin-tatlidan-olay-aciklama-kus-pisligi-yedirelim-17436805045900_1-300x169.jpg\" alt=\"\" width=\"1208\" height=\"680\" title=\"\" srcset=\"https:\/\/www.tgrthaber.com\/mavikadin\/wp-content\/uploads\/o-sozleri-duyunca-sinirlendi-ibrahim-tatlisesin-kardesi-huseyin-tatlidan-olay-aciklama-kus-pisligi-yedirelim-17436805045900_1-300x169.jpg 300w, https:\/\/www.tgrthaber.com\/mavikadin\/wp-content\/uploads\/o-sozleri-duyunca-sinirlendi-ibrahim-tatlisesin-kardesi-huseyin-tatlidan-olay-aciklama-kus-pisligi-yedirelim-17436805045900_1.jpg 750w\" sizes=\"(max-width: 1208px) 100vw, 1208px\" \/><\/p>\n<hr \/>\n<h3>\u201cDESTEK OLSAYDIN HER \u015eEY \u00c7OK FARKLI OLURDU\u201d<\/h3>\n<p>H\u00fcseyin Tatl\u0131, a\u00e7\u0131klamas\u0131n\u0131n devam\u0131nda, \u201cE\u011fer ger\u00e7ekten destek olmak isteseydin, yap\u0131mc\u0131n Polat Ya\u011fc\u0131\u2019ya beni \u00f6nerirdin, bu i\u015f orada biterdi\u201d s\u00f6zleriyle serzeni\u015fte bulundu. Karde\u015finin kendisini sanat d\u00fcnyas\u0131nda yaln\u0131z b\u0131rakt\u0131\u011f\u0131n\u0131 belirten Tatl\u0131, son olarak \u201c\u015eimdilik bu kadar, ama anlatacaklar\u0131m bitmedi\u201d diyerek ileride daha fazla detay a\u00e7\u0131klayabilece\u011finin sinyallerini verdi.<\/p>\n<p>\u0130brahim Tatl\u0131ses\u2019in k\u0131z\u0131 Dilan \u00c7\u0131tak ile ya\u015fad\u0131\u011f\u0131 sorunlar\u0131n ard\u0131ndan \u015fimdi de karde\u015fiyle ya\u015fad\u0131\u011f\u0131 bu \u00e7at\u0131\u015fma, sanat\u00e7\u0131n\u0131n \u00f6zel hayat\u0131ndaki \u00e7alkant\u0131l\u0131 s\u00fcrecin s\u00fcrd\u00fc\u011f\u00fcn\u00fc g\u00f6steriyor. Tatl\u0131ses cephesinden bu iddialara dair hen\u00fcz bir yan\u0131t gelmedi. Ancak a\u00e7\u0131klamalar, Tatl\u0131 ailesinde sular\u0131n kolay kolay durulmayaca\u011f\u0131n\u0131 g\u00f6zler \u00f6n\u00fcne seriyor.<\/p>\n","protected":false},"excerpt":{"rendered":"<p>\u201cKu\u015f pisli\u011fi yedirelim\u201d s\u00f6zleriyle fitili ate\u015flenen aile kavgas\u0131, \u0130brahim Tatl\u0131ses cephesinde bomba etkisi yaratt\u0131. Y\u0131llard\u0131r arka planda s\u00fcren k\u0131rg\u0131nl\u0131klar, bu kez karde\u015fi H\u00fcseyin Tatl\u0131\u2019n\u0131n kamuoyuna yapt\u0131\u011f\u0131 sert \u00e7\u0131k\u0131\u015fla g\u00fcn y\u00fcz\u00fcne \u00e7\u0131kt\u0131. Sosyal medyada yapt\u0131\u011f\u0131 payla\u015f\u0131mlarla abisine adeta ate\u015f p\u00fcsk\u00fcren H\u00fcseyin Tatl\u0131, hem ki\u015fisel hem de mesleki anlamda g\u00f6rmezden gelindi\u011fini belirterek \u0130brahim Tatl\u0131ses\u2019e bir dizi bomba su\u00e7lama y\u00f6neltti.  \u0130\u015fte detaylar&#8230;<\/p>\n","protected":false},"author":35,"featured_media":156719,"comment_status":"closed","ping_status":"closed","sticky":false,"template":"","format":"standard","meta":{"rank_math_lock_modified_date":false,"footnotes":""},"categories":[76],"tags":[16598,16597,16596,16595],"class_list":["post-156716","post","type-post","status-publish","format-standard","has-post-thumbnail","hentry","category-magazin","tag-ibrahim-tatlises-huseyin-tatli-olayi","tag-ibrahim-tatlises-kardesine-ates-puskurdu","tag-ibrahim-tatlises-ve-kardesi-huseyin-tatli","tag-ibrhim-tatlises"],"_links":{"self":[{"href":"https:\/\/www.tgrthaber.com\/mavikadin\/wp-json\/wp\/v2\/posts\/156716"}],"collection":[{"href":"https:\/\/www.tgrthaber.com\/mavikadin\/wp-json\/wp\/v2\/posts"}],"about":[{"href":"https:\/\/www.tgrthaber.com\/mavikadin\/wp-json\/wp\/v2\/types\/post"}],"author":[{"embeddable":true,"href":"https:\/\/www.tgrthaber.com\/mavikadin\/wp-json\/wp\/v2\/users\/35"}],"replies":[{"embeddable":true,"href":"https:\/\/www.tgrthaber.com\/mavikadin\/wp-json\/wp\/v2\/comments?post=156716"}],"version-history":[{"count":2,"href":"https:\/\/www.tgrthaber.com\/mavikadin\/wp-json\/wp\/v2\/posts\/156716\/revisions"}],"predecessor-version":[{"id":156731,"href":"https:\/\/www.tgrthaber.com\/mavikadin\/wp-json\/wp\/v2\/posts\/156716\/revisions\/156731"}],"wp:featuredmedia":[{"embeddable":true,"href":"https:\/\/www.tgrthaber.com\/mavikadin\/wp-json\/wp\/v2\/media\/156719"}],"wp:attachment":[{"href":"https:\/\/www.tgrthaber.com\/mavikadin\/wp-json\/wp\/v2\/media?parent=156716"}],"wp:term":[{"taxonomy":"category","embeddable":true,"href":"https:\/\/www.tgrthaber.com\/mavikadin\/wp-json\/wp\/v2\/categories?post=156716"},{"taxonomy":"post_tag","embeddable":true,"href":"https:\/\/www.tgrthaber.com\/mavikadin\/wp-json\/wp\/v2\/tags?post=156716"}],"curies":[{"name":"wp","href":"https:\/\/api.w.org\/{rel}","templated":true}]}}