{"id":156738,"date":"2025-04-03T21:31:40","date_gmt":"2025-04-03T18:31:40","guid":{"rendered":"https:\/\/www.tgrthaber.com\/mavikadin\/?p=156738"},"modified":"2025-04-03T21:41:57","modified_gmt":"2025-04-03T18:41:57","slug":"val-kilmerin-ardindan-yurek-yakan-mesaj-jim-carrey-sessizligini-bozdu","status":"publish","type":"post","link":"https:\/\/www.tgrthaber.com\/mavikadin\/val-kilmerin-ardindan-yurek-yakan-mesaj-jim-carrey-sessizligini-bozdu\/","title":{"rendered":"Val Kilmer\u2019\u0131n ard\u0131ndan y\u00fcrek yakan mesaj! Jim Carrey sessizli\u011fini bozdu"},"content":{"rendered":"<p>Val Kilmer\u2019\u0131n \u00f6l\u00fcm haberi Hollywood\u2019u yasa bo\u011farken, g\u00f6zler y\u0131llar \u00f6nce ayn\u0131 filmde rol ald\u0131\u011f\u0131 yak\u0131n dostu Jim Carrey\u2019ye \u00e7evrildi. Sessizli\u011fini g\u00fcnler sonra bozan \u00fcnl\u00fc oyuncu, sosyal medyadan yapt\u0131\u011f\u0131 y\u00fcrek burkan payla\u015f\u0131m\u0131yla adeta duygular\u0131n\u0131 sayfalara d\u00f6kt\u00fc. Carrey\u2019nin \u201conu her zaman b\u00fcy\u00fck bir hayranl\u0131kla anaca\u011f\u0131m\u201d s\u00f6zleri k\u0131sa s\u00fcrede g\u00fcndem olurken, hayranlar iki efsane ismin Batman Forever setinde ba\u015flayan dostlu\u011funu yeniden hat\u0131rlad\u0131. Val Kilmer\u2019\u0131n ard\u0131ndan gelen bu i\u00e7ten mesaj, hayranlar\u0131n\u0131n kalbine dokundu. \u0130\u015fte detaylar&#8230;<\/p>\n<h3>DOSTLUKLARI BATMAN SET\u0130NDE BA\u015eLADI<\/h3>\n<p>1995 y\u0131l\u0131nda vizyona giren Batman Daima filminde bir araya gelen Val Kilmer ve Jim Carrey, d\u00f6nemin en \u00e7ok konu\u015fulan yap\u0131mlar\u0131ndan birinde birlikte rol alm\u0131\u015ft\u0131. Kilmer, ikonik Batman karakterini oynarken, Carrey ise zeka dolu k\u00f6t\u00fcs\u00fc Riddler\u2019 oynam\u0131\u015ft\u0131. \u0130kili aras\u0131nda o d\u00f6nemde kurulan ba\u011f, y\u0131llar sonra bile dostlukla an\u0131lan bir hat\u0131raya d\u00f6n\u00fc\u015ft\u00fc.<\/p>\n<p><img loading=\"lazy\" decoding=\"async\" class=\"alignnone wp-image-156743\" src=\"https:\/\/www.tgrthaber.com\/mavikadin\/wp-content\/uploads\/hq720-3-300x169.jpg\" alt=\"\" width=\"1208\" height=\"680\" title=\"\" srcset=\"https:\/\/www.tgrthaber.com\/mavikadin\/wp-content\/uploads\/hq720-3-300x169.jpg 300w, https:\/\/www.tgrthaber.com\/mavikadin\/wp-content\/uploads\/hq720-3.jpg 686w\" sizes=\"(max-width: 1208px) 100vw, 1208px\" \/><\/p>\n<hr \/>\n<h3>&#8220;KEND\u0130M\u0130 KAYBETT\u0130M SONRA YEN\u0130DEN BULDUM&#8221;<\/h3>\n<p>Val Kilmer\u2019a 2014 y\u0131l\u0131nda g\u0131rtlak kanseri te\u015fhisi konmu\u015ftu. Uzun s\u00fcren tedavi s\u00fcrecinde iki trakeotomi operasyonu ge\u00e7iren ve sesini kaybeden oyuncu, buna ra\u011fmen sanat \u00fcretimini b\u0131rakmam\u0131\u015ft\u0131. \u00d6zellikle 2021 y\u0131l\u0131nda yay\u0131nlanan Val adl\u0131 belgesel, onun i\u00e7 d\u00fcnyas\u0131n\u0131, kariyerindeki d\u00f6n\u00fcm noktalar\u0131n\u0131 ve hastal\u0131\u011fa kar\u015f\u0131 verdi\u011fi m\u00fccadeleyi g\u00f6zler \u00f6n\u00fcne serdi. \u201cKendimi kaybettim ve sonra yeniden buldum\u201d diyen Kilmer, belgeselde hayat\u0131n\u0131 t\u00fcm \u00e7\u0131plakl\u0131\u011f\u0131yla izleyiciyle payla\u015ft\u0131.<\/p>\n<h3>\u201cYETENEKLE DOLU B\u0130R RUHTU\u201d<\/h3>\n<p>Jim Carrey, eski dostunun ard\u0131ndan sosyal medyada payla\u015ft\u0131\u011f\u0131 mesaj\u0131nda \u015fu s\u00f6zlere yer verdi: \u201cVal\u2019i her zaman b\u00fcy\u00fck bir hayranl\u0131kla anaca\u011f\u0131m. Onun sahnede ve hayat\u0131nda ta\u015f\u0131d\u0131\u011f\u0131 zarafet, nesiller boyunca unutulmayacak.\u201d<\/p>\n<p><img loading=\"lazy\" decoding=\"async\" class=\"alignnone wp-image-156746\" src=\"https:\/\/www.tgrthaber.com\/mavikadin\/wp-content\/uploads\/i-67-300x169.webp\" alt=\"\" width=\"1208\" height=\"680\" title=\"\" srcset=\"https:\/\/www.tgrthaber.com\/mavikadin\/wp-content\/uploads\/i-67-300x169.webp 300w, https:\/\/www.tgrthaber.com\/mavikadin\/wp-content\/uploads\/i-67.webp 480w\" sizes=\"(max-width: 1208px) 100vw, 1208px\" \/><\/p>\n<hr \/>\n<h3>S\u0130NEMA D\u00dcNYASINDA B\u00dcY\u00dcK B\u0130R BO\u015eLUK BIRAKTI<\/h3>\n<p>Val Kilmer yaln\u0131zca Batman Daima ile de\u011fil, The Doors filminde canland\u0131rd\u0131\u011f\u0131 Jim Morrison karakteriyle, Top Gun\u2019daki Iceman rol\u00fcyle ve daha pek \u00e7ok yap\u0131mdaki performans\u0131yla iz b\u0131rakt\u0131. Onun sanat\u0131, karaktere katt\u0131\u011f\u0131 derinlik ve ya\u015famla kurdu\u011fu ba\u011f, izleyiciler \u00fczerinde silinmez etkiler b\u0131rakt\u0131. Debi Mazar gibi rol arkada\u015flar\u0131 da Kilmer i\u00e7in \u201cger\u00e7ek bir sava\u015f\u00e7\u0131\u201d tan\u0131m\u0131n\u0131 kullanarak onun azmini ve kararl\u0131l\u0131\u011f\u0131n\u0131 vurgulad\u0131.<\/p>\n<p>Val Kilmer, zorluklara ra\u011fmen pes etmeyen bir sanat\u00e7\u0131n\u0131n sembol\u00fcyd\u00fc. Geride b\u0131rakt\u0131\u011f\u0131 filmler, s\u00f6zleri ve an\u0131larla ya\u015famaya devam ediyor. Jim Carrey ve bir\u00e7ok meslekta\u015f\u0131n\u0131n da belirtti\u011fi gibi; o, yaln\u0131zca bir akt\u00f6r de\u011fil, ayn\u0131 zamanda ya\u015fam\u0131 sanata d\u00f6n\u00fc\u015ft\u00fcren \u00f6zel bir insand\u0131.<\/p>\n<p><img loading=\"lazy\" decoding=\"async\" class=\"alignnone wp-image-156747\" src=\"https:\/\/www.tgrthaber.com\/mavikadin\/wp-content\/uploads\/0402-cmo-eye-300x169.webp\" alt=\"\" width=\"1208\" height=\"680\" title=\"\" srcset=\"https:\/\/www.tgrthaber.com\/mavikadin\/wp-content\/uploads\/0402-cmo-eye-300x169.webp 300w, https:\/\/www.tgrthaber.com\/mavikadin\/wp-content\/uploads\/0402-cmo-eye-1024x576.webp 1024w, https:\/\/www.tgrthaber.com\/mavikadin\/wp-content\/uploads\/0402-cmo-eye-768x432.webp 768w, https:\/\/www.tgrthaber.com\/mavikadin\/wp-content\/uploads\/0402-cmo-eye.webp 1280w\" sizes=\"(max-width: 1208px) 100vw, 1208px\" \/><\/p>\n<hr \/>\n<h3>KEND\u0130 HAYATINI ANLATTI\u011eI BELGESEL, KAPILARI ARALAMI\u015eTI<\/h3>\n<p>Val Kilmer, 2021 y\u0131l\u0131nda Amazon Prime Video&#8217;da yay\u0131nlanan Val isimli belgesel projesiyle, hem kariyerini hem de sa\u011fl\u0131k s\u00fcrecini kendi g\u00f6z\u00fcnden anlatma \u015fans\u0131 bulmu\u015ftu. Oyuncunun ar\u015fiv g\u00f6r\u00fcnt\u00fcleri, \u00e7ocuklu\u011fundan bug\u00fcne biriktirdi\u011fi ki\u015fisel videolar ve i\u00e7ten anlat\u0131mlarla haz\u0131rlanan bu yap\u0131m, Kilmer&#8217;\u0131n yaln\u0131zca bir oyuncu de\u011fil, ayn\u0131 zamanda derin bir ruh d\u00fcnyas\u0131na sahip bir sanat\u00e7\u0131 oldu\u011funu da g\u00f6zler \u00f6n\u00fcne serdi.<\/p>\n","protected":false},"excerpt":{"rendered":"<p>Hollywood\u2019un unutulmaz isimlerinden Val Kilmer\u2019\u0131n hayat\u0131n\u0131 kaybetmesi, sinema d\u00fcnyas\u0131nda derin bir yank\u0131 uyand\u0131rd\u0131. 1995 yap\u0131m\u0131 Batman Forever filminde birlikte rol ald\u0131\u011f\u0131 usta oyuncunun vefat\u0131n\u0131n ard\u0131ndan Jim Carrey, uzun s\u00fcren sessizli\u011fini bozarak duygusal bir mesaj payla\u015ft\u0131. Carrey\u2019nin y\u00fcrek yakan s\u00f6zleri, hayranlar\u0131 ve sevenleri taraf\u0131ndan k\u0131sa s\u00fcrede g\u00fcndem olurken, ikili aras\u0131ndaki y\u0131llara dayanan dostluk bir kez daha g\u00f6zler \u00f6n\u00fcne serildi. <\/p>\n","protected":false},"author":35,"featured_media":156742,"comment_status":"closed","ping_status":"closed","sticky":false,"template":"","format":"standard","meta":{"rank_math_lock_modified_date":false,"footnotes":""},"categories":[76],"tags":[16601,1507,4828,16381,16602],"class_list":["post-156738","post","type-post","status-publish","format-standard","has-post-thumbnail","hentry","category-magazin","tag-batman-forever","tag-hollywood","tag-jim-carrey","tag-val-kilmer","tag-val-kilmer-belgesel"],"_links":{"self":[{"href":"https:\/\/www.tgrthaber.com\/mavikadin\/wp-json\/wp\/v2\/posts\/156738"}],"collection":[{"href":"https:\/\/www.tgrthaber.com\/mavikadin\/wp-json\/wp\/v2\/posts"}],"about":[{"href":"https:\/\/www.tgrthaber.com\/mavikadin\/wp-json\/wp\/v2\/types\/post"}],"author":[{"embeddable":true,"href":"https:\/\/www.tgrthaber.com\/mavikadin\/wp-json\/wp\/v2\/users\/35"}],"replies":[{"embeddable":true,"href":"https:\/\/www.tgrthaber.com\/mavikadin\/wp-json\/wp\/v2\/comments?post=156738"}],"version-history":[{"count":2,"href":"https:\/\/www.tgrthaber.com\/mavikadin\/wp-json\/wp\/v2\/posts\/156738\/revisions"}],"predecessor-version":[{"id":156759,"href":"https:\/\/www.tgrthaber.com\/mavikadin\/wp-json\/wp\/v2\/posts\/156738\/revisions\/156759"}],"wp:featuredmedia":[{"embeddable":true,"href":"https:\/\/www.tgrthaber.com\/mavikadin\/wp-json\/wp\/v2\/media\/156742"}],"wp:attachment":[{"href":"https:\/\/www.tgrthaber.com\/mavikadin\/wp-json\/wp\/v2\/media?parent=156738"}],"wp:term":[{"taxonomy":"category","embeddable":true,"href":"https:\/\/www.tgrthaber.com\/mavikadin\/wp-json\/wp\/v2\/categories?post=156738"},{"taxonomy":"post_tag","embeddable":true,"href":"https:\/\/www.tgrthaber.com\/mavikadin\/wp-json\/wp\/v2\/tags?post=156738"}],"curies":[{"name":"wp","href":"https:\/\/api.w.org\/{rel}","templated":true}]}}