{"id":156741,"date":"2025-04-03T21:36:30","date_gmt":"2025-04-03T18:36:30","guid":{"rendered":"https:\/\/www.tgrthaber.com\/mavikadin\/?p=156741"},"modified":"2025-04-03T21:36:30","modified_gmt":"2025-04-03T18:36:30","slug":"emre-canpolat-kimdir-kac-yasinda-meslegi-ne-emre-canpolat-evli-mi","status":"publish","type":"post","link":"https:\/\/www.tgrthaber.com\/mavikadin\/emre-canpolat-kimdir-kac-yasinda-meslegi-ne-emre-canpolat-evli-mi\/","title":{"rendered":"Emre Canpolat kimdir, ka\u00e7 ya\u015f\u0131nda? Mesle\u011fi ne? Emre Canpolat evli mi?"},"content":{"rendered":"<p class=\"p1\">Tiyatro k\u00f6kenli bir oyuncu olan Emre Canpolat, sahneyle kurdu\u011fu ba\u011f\u0131n\u0131 y\u0131llar i\u00e7inde televizyon ve sinemaya da ta\u015f\u0131d\u0131. Uzun s\u00fcredir hem kamera \u00f6n\u00fcnde hem de sahne arkas\u0131nda \u00e7e\u015fitli projelerde aktif olarak yer alan Canpolat, \u00c7ok G\u00fczel Hareketler Bunlar ile geni\u015f kitlelerin dikkatini \u00e7ekmeyi ba\u015fard\u0131. Sadece oyunculu\u011fuyla de\u011fil, ayn\u0131 zamanda \u00f6zg\u00fcn s\u00fcrece katk\u0131 sunan y\u00f6n\u00fcyle de dikkat \u00e7eken Canpolat, sekt\u00f6rde \u00e7ok y\u00f6nl\u00fc isimlerden biri olarak \u00f6ne \u00e7\u0131k\u0131yor. Onu yak\u0131ndan takip eden izleyiciler, ge\u00e7mi\u015fte rol ald\u0131\u011f\u0131 yap\u0131mlar kadar, sahneye olan tutkusunu da merak ediyor. \u0130\u015fte Emre Canpolat&#8217;\u0131n hayat\u0131na dair merak edilenler&#8230;<\/p>\n<h3>EMRE CANPOLAT K\u0130MD\u0130R, KA\u00c7 YA\u015eINDA?<\/h3>\n<p class=\"p1\">22 Eyl\u00fcl 1981 tarihinde \u0130stanbul\u2019da do\u011fan Emre Canpolat, k\u00f6keni Gaziantep\u2019e uzanan bir ailenin evlad\u0131d\u0131r. Sanatla tan\u0131\u015fmas\u0131 olduk\u00e7a erken ya\u015flarda ger\u00e7ekle\u015fti; hen\u00fcz 15 ya\u015f\u0131ndayken Mersin Halkevi Tiyatrosu\u2019nda oyunculu\u011fa ad\u0131m att\u0131. \u00dcniversite e\u011fitimi i\u00e7in S\u00fcleyman Demirel \u00dcniversitesi Kamu Y\u00f6netimi b\u00f6l\u00fcm\u00fcne gitti\u011finde dahi sahneden uzak kalmad\u0131. Isparta Belediye Tiyatrosu\u2019nun kurulu\u015f s\u00fcrecinde aktif olarak yer ald\u0131; hem oyuncu olarak sahneye \u00e7\u0131kt\u0131 hem de sahne arkas\u0131nda \u00e7e\u015fitli g\u00f6revler \u00fcstlendi.<\/p>\n<p><img loading=\"lazy\" decoding=\"async\" class=\"alignnone wp-image-156749 \" src=\"https:\/\/www.tgrthaber.com\/mavikadin\/wp-content\/uploads\/Ekran-Resmi-2025-04-03-21.31.46.png\" alt=\"\" width=\"996\" height=\"657\" title=\"\" srcset=\"https:\/\/www.tgrthaber.com\/mavikadin\/wp-content\/uploads\/Ekran-Resmi-2025-04-03-21.31.46.png 922w, https:\/\/www.tgrthaber.com\/mavikadin\/wp-content\/uploads\/Ekran-Resmi-2025-04-03-21.31.46-300x198.png 300w, https:\/\/www.tgrthaber.com\/mavikadin\/wp-content\/uploads\/Ekran-Resmi-2025-04-03-21.31.46-768x506.png 768w\" sizes=\"(max-width: 996px) 100vw, 996px\" \/><\/p>\n<hr \/>\n<p class=\"p1\">2005 y\u0131l\u0131nda BASAD Tiyatro Toplulu\u011fu\u2019na kat\u0131larak sahne deneyimini derinle\u015ftiren Canpolat, 2006\u2019da BKM ekibine d\u00e2hil oldu. \u201c\u00c7ok G\u00fczel Hareketler Bunlar\u201d adl\u0131 projede hem oyunculuk yapt\u0131 hem de kamera arkas\u0131nda g\u00f6rev ald\u0131 ve 2008-2010 y\u0131llar\u0131 aras\u0131nda geni\u015f kitlelerce tan\u0131nd\u0131. Televizyon kariyerinde Cennet Mahallesi, Bir Demet Tiyatro ve F\u0131rt\u0131na gibi yap\u0131mlarda rol ald\u0131. Filinta dizisinde oynad\u0131\u011f\u0131 Gazanfer karakteriyle be\u011feni toplad\u0131. Sinemada ise Ne\u015feli Hayat, Girdap, Papatya ve \u00c7ok Filim Hareketler Bunlar gibi yap\u0131mlarda yer ald\u0131. Ayr\u0131ca Yan\u0131lg\u0131lar ve Kim adl\u0131 k\u0131sa filmlerdeki performans\u0131yla da dikkat \u00e7ekti.<\/p>\n<p><img loading=\"lazy\" decoding=\"async\" class=\"alignnone wp-image-156750 \" src=\"https:\/\/www.tgrthaber.com\/mavikadin\/wp-content\/uploads\/Ekran-Resmi-2025-04-03-21.31.53.png\" alt=\"\" width=\"991\" height=\"629\" title=\"\" srcset=\"https:\/\/www.tgrthaber.com\/mavikadin\/wp-content\/uploads\/Ekran-Resmi-2025-04-03-21.31.53.png 936w, https:\/\/www.tgrthaber.com\/mavikadin\/wp-content\/uploads\/Ekran-Resmi-2025-04-03-21.31.53-300x190.png 300w, https:\/\/www.tgrthaber.com\/mavikadin\/wp-content\/uploads\/Ekran-Resmi-2025-04-03-21.31.53-768x487.png 768w\" sizes=\"(max-width: 991px) 100vw, 991px\" \/><\/p>\n<hr \/>\n<h3>EMRE CANPOLAT EVL\u0130 M\u0130?<\/h3>\n<p>Emre Canpolat&#8217;\u0131n evli olmad\u0131\u011f\u0131 biliniyor.<\/p>\n<h3 class=\"p1\">EMRE CANPOLAT&#8217;IN YER ALDI\u011eI F\u0130LM VE D\u0130Z\u0130LER<\/h3>\n<p>2004: Cennet Mahallesi (Tankut)<\/p>\n<p>2004: T\u00fcrk\u00fc Filmi<\/p>\n<p>2006: Bir Demet Tiyatro<\/p>\n<p>2006: Ta\u015fa Yaz\u0131lan A\u015fk (Berat Y\u0131lmaz)<\/p>\n<p>2006: Yan\u0131lg\u0131lar (Can)<\/p>\n<p>2008: Girdap (S\u00fcleyman)<\/p>\n<p><img loading=\"lazy\" decoding=\"async\" class=\"alignnone wp-image-156751 \" src=\"https:\/\/www.tgrthaber.com\/mavikadin\/wp-content\/uploads\/Ekran-Resmi-2025-04-03-21.32.04.png\" alt=\"\" width=\"986\" height=\"1602\" title=\"\" srcset=\"https:\/\/www.tgrthaber.com\/mavikadin\/wp-content\/uploads\/Ekran-Resmi-2025-04-03-21.32.04.png 464w, https:\/\/www.tgrthaber.com\/mavikadin\/wp-content\/uploads\/Ekran-Resmi-2025-04-03-21.32.04-185x300.png 185w\" sizes=\"(max-width: 986px) 100vw, 986px\" \/><\/p>\n<hr \/>\n<p>2008: \u00c7ok G\u00fczel Hareketler Bunlar<\/p>\n<p>2009: Ne\u015feli Hayat<\/p>\n<p>2009: \u00c7ok Filim Hareketler Bunlar<\/p>\n<p>2013: G\u00f6l Zaman\u0131 (Refik)<\/p>\n<p>2013: Kay\u0131p \u015eehir (Taylan)<\/p>\n<p>2013: Yan Masa<\/p>\n<p>2015: Filinta (Gazanfer)<\/p>\n","protected":false},"excerpt":{"rendered":"<p>Ba\u015far\u0131l\u0131 performans\u0131yla izleyicilerin be\u011fenisini kazanan Emre Canpolat, yer ald\u0131\u011f\u0131 projelerle ad\u0131ndan s\u00f6z ettirmeye devam ediyor. Ekranda s\u0131k\u00e7a g\u00f6r\u00fclen oyuncunun hayat\u0131 da merak konusu haline geldi. Peki Emre Canpolat kimdir, ka\u00e7 ya\u015f\u0131nda ve nereli? Evli mi? \u0130\u015fte merak edilen sorular\u0131n cevaplar\u0131&#8230; <\/p>\n","protected":false},"author":16,"featured_media":156752,"comment_status":"closed","ping_status":"closed","sticky":false,"template":"","format":"standard","meta":{"rank_math_lock_modified_date":false,"footnotes":""},"categories":[491],"tags":[16605,16604,16603],"class_list":["post-156741","post","type-post","status-publish","format-standard","has-post-thumbnail","hentry","category-biyografi","tag-emre-canpolat-evli-mi","tag-emre-canpolat-kac-yasinda","tag-emre-canpolat-kimdir"],"_links":{"self":[{"href":"https:\/\/www.tgrthaber.com\/mavikadin\/wp-json\/wp\/v2\/posts\/156741"}],"collection":[{"href":"https:\/\/www.tgrthaber.com\/mavikadin\/wp-json\/wp\/v2\/posts"}],"about":[{"href":"https:\/\/www.tgrthaber.com\/mavikadin\/wp-json\/wp\/v2\/types\/post"}],"author":[{"embeddable":true,"href":"https:\/\/www.tgrthaber.com\/mavikadin\/wp-json\/wp\/v2\/users\/16"}],"replies":[{"embeddable":true,"href":"https:\/\/www.tgrthaber.com\/mavikadin\/wp-json\/wp\/v2\/comments?post=156741"}],"version-history":[{"count":1,"href":"https:\/\/www.tgrthaber.com\/mavikadin\/wp-json\/wp\/v2\/posts\/156741\/revisions"}],"predecessor-version":[{"id":156754,"href":"https:\/\/www.tgrthaber.com\/mavikadin\/wp-json\/wp\/v2\/posts\/156741\/revisions\/156754"}],"wp:featuredmedia":[{"embeddable":true,"href":"https:\/\/www.tgrthaber.com\/mavikadin\/wp-json\/wp\/v2\/media\/156752"}],"wp:attachment":[{"href":"https:\/\/www.tgrthaber.com\/mavikadin\/wp-json\/wp\/v2\/media?parent=156741"}],"wp:term":[{"taxonomy":"category","embeddable":true,"href":"https:\/\/www.tgrthaber.com\/mavikadin\/wp-json\/wp\/v2\/categories?post=156741"},{"taxonomy":"post_tag","embeddable":true,"href":"https:\/\/www.tgrthaber.com\/mavikadin\/wp-json\/wp\/v2\/tags?post=156741"}],"curies":[{"name":"wp","href":"https:\/\/api.w.org\/{rel}","templated":true}]}}