{"id":156821,"date":"2025-04-04T00:16:13","date_gmt":"2025-04-03T21:16:13","guid":{"rendered":"https:\/\/www.tgrthaber.com\/mavikadin\/?p=156821"},"modified":"2025-04-04T00:19:20","modified_gmt":"2025-04-03T21:19:20","slug":"mert-ramazan-demir-asker-tirasi-oldu-yeni-hali-sosyal-medyayi-salladi","status":"publish","type":"post","link":"https:\/\/www.tgrthaber.com\/mavikadin\/mert-ramazan-demir-asker-tirasi-oldu-yeni-hali-sosyal-medyayi-salladi\/","title":{"rendered":"Mert Ramazan Demir asker t\u0131ra\u015f\u0131 oldu! Yeni hali sosyal medyay\u0131 sallad\u0131!"},"content":{"rendered":"<p>Uzun s\u00fcredir askerli\u011fe gidece\u011fi konu\u015fulan Mert Ramazan Demir\u2019in birli\u011fine teslim zaman\u0131 yakla\u015f\u0131yor. Gen\u00e7 oyuncu Yal\u0131 \u00c7apk\u0131n\u0131 101. B\u00f6l\u00fcm final sahnelerini \u00e7ektikten sonra setten ayr\u0131lm\u0131\u015ft\u0131. 3 Nisan 2025\u2019de birli\u011fine teslim olacak olan Mert Ramazan Demir\u2019in asker t\u0131ra\u015f\u0131 hali sosyal medyada viral oldu. Kimi kullan\u0131c\u0131lar foto\u011fraf\u0131 ger\u00e7ek san\u0131rken kimileri photoshop oldu\u011funu iddia ediyor.<\/p>\n<h3>MERT RAMAZAN DEM\u0130R ASKER\u2019DE<\/h3>\n<p>Dizinin \u00e7ekimlerinin bitmesi ard\u0131ndan k\u0131sa bir s\u00fcre ailesiyle vakit ge\u00e7iren gen\u00e7 oyuncu Mert Ramazan Demir, birli\u011fine teslim oldu. 3 Nisan 2025 Per\u015fembe g\u00fcn\u00fc bedelli askerlik g\u00f6revini yerine getirece\u011fi Hatay\u2019\u0131n \u0130skenderun il\u00e7esi\u2019ndeki birli\u011fine gitti. Gen\u00e7 oyuncunun askere gitmeden \u00f6nce sa\u00e7lar\u0131n\u0131 3 numaraya vurdurdu\u011fu hallerini g\u00f6steren bir foto\u011fraf sosyal medyada viral oldu. Mert Ramazan Demir\u2019in asker t\u0131ra\u015f\u0131 halini g\u00f6ren hayranlar\u0131 gen\u00e7 oyuncunun asker imaj\u0131n\u0131 \u00e7ok be\u011fendiler. Saniyeler i\u00e7erisinde bir\u00e7ok sosyal medya kullan\u0131c\u0131s\u0131ndan gen\u00e7 oyuncu i\u00e7in hay\u0131rl\u0131 tezkereler yorumlar\u0131 geldi.<\/p>\n<p><img loading=\"lazy\" decoding=\"async\" class=\"alignnone wp-image-156831\" src=\"https:\/\/www.tgrthaber.com\/mavikadin\/wp-content\/uploads\/mert-ramazan-demir-askerde-300x169.jpg\" alt=\"mert ramazan demir askerde\" width=\"1208\" height=\"680\" title=\"\" srcset=\"https:\/\/www.tgrthaber.com\/mavikadin\/wp-content\/uploads\/mert-ramazan-demir-askerde-300x169.jpg 300w, https:\/\/www.tgrthaber.com\/mavikadin\/wp-content\/uploads\/mert-ramazan-demir-askerde-1024x576.jpg 1024w, https:\/\/www.tgrthaber.com\/mavikadin\/wp-content\/uploads\/mert-ramazan-demir-askerde-768x432.jpg 768w, https:\/\/www.tgrthaber.com\/mavikadin\/wp-content\/uploads\/mert-ramazan-demir-askerde-1536x864.jpg 1536w, https:\/\/www.tgrthaber.com\/mavikadin\/wp-content\/uploads\/mert-ramazan-demir-askerde.jpg 1920w\" sizes=\"(max-width: 1208px) 100vw, 1208px\" \/><\/p>\n<hr \/>\n<h3>HAYRANLARI ASLER TIRA\u015eI HAL\u0130N\u0130 BE\u011eENMED\u0130<\/h3>\n<p>Mert Ramazan Demir\u2019in asker t\u0131ra\u015f\u0131 oldu\u011funa dair sosyal medyada h\u0131zla yay\u0131lan foto\u011fraf\u0131 hayranlar\u0131n\u0131 ikiye b\u00f6ld\u00fc. Gen\u00e7 oyuncunun yeni halini g\u00f6ren sosyal medya kullan\u0131c\u0131lar\u0131 Mert Ramazan Demir\u2019in asker sa\u00e7 t\u0131ra\u015f\u0131 hakk\u0131nda \u015fu s\u00f6zleri kulland\u0131.<\/p>\n<p>\u201c Hay\u0131rl\u0131 tezkereler, g\u00fcle g\u00fcle git g\u00fcle g\u00fcle gel\u201d<\/p>\n<p>\u201c Ona her \u015fey yak\u0131\u015f\u0131r hay\u0131rl\u0131 tezkereler\u201d<\/p>\n<p>\u201c\u00a0 Her zaman yak\u0131\u015f\u0131kl\u0131\u201d<\/p>\n<p>\u201c Hay\u0131r yaaa yapmay\u0131n\u201d<\/p>\n<p>\u201c Sa\u00e7\u0131n \u00f6nemi b\u00fcy\u00fckm\u00fc\u015f\u201d<\/p>\n<p>\u201cyaaa benim o\u011fluma her \u015fey yak\u0131\u015f\u0131yor yaa\u201d<\/p>\n<p>\u201c Nas\u0131l k\u0131yd\u0131n sa\u00e7lar\u0131na ama yak\u0131\u015fm\u0131\u015f\u201d<\/p>\n","protected":false},"excerpt":{"rendered":"<p>Yal\u0131 \u00c7apk\u0131n\u0131 dizisinin final \u00e7ekimini yapt\u0131ktan sonra askerlik haz\u0131rl\u0131klar\u0131na ba\u015flayan Mert Ramazan Demir\u2019den beklenen foto\u011fraf geldi iddias\u0131. Bedelli askerlik g\u00f6revini Hatay\u2019\u0131n \u0130skenderun il\u00e7esinde ger\u00e7ekle\u015ftirecek olan Mert Ramazan Demir\u2019in asker t\u0131ra\u015f\u0131 olup foto\u011fraf \u00e7ekildi\u011fi halleri sosyal medyada dola\u015f\u0131yor. <\/p>\n","protected":false},"author":10,"featured_media":156832,"comment_status":"closed","ping_status":"closed","sticky":false,"template":"","format":"standard","meta":{"rank_math_lock_modified_date":false,"footnotes":""},"categories":[76],"tags":[16641,133,16351,2218,2779,16640],"class_list":["post-156821","post","type-post","status-publish","format-standard","has-post-thumbnail","hentry","category-magazin","tag-asker-tirasi","tag-magazin","tag-magazin-gundemi","tag-magazin-haberleri","tag-mert-ramazan-demir","tag-mert-ramazan-demir-asker"],"_links":{"self":[{"href":"https:\/\/www.tgrthaber.com\/mavikadin\/wp-json\/wp\/v2\/posts\/156821"}],"collection":[{"href":"https:\/\/www.tgrthaber.com\/mavikadin\/wp-json\/wp\/v2\/posts"}],"about":[{"href":"https:\/\/www.tgrthaber.com\/mavikadin\/wp-json\/wp\/v2\/types\/post"}],"author":[{"embeddable":true,"href":"https:\/\/www.tgrthaber.com\/mavikadin\/wp-json\/wp\/v2\/users\/10"}],"replies":[{"embeddable":true,"href":"https:\/\/www.tgrthaber.com\/mavikadin\/wp-json\/wp\/v2\/comments?post=156821"}],"version-history":[{"count":3,"href":"https:\/\/www.tgrthaber.com\/mavikadin\/wp-json\/wp\/v2\/posts\/156821\/revisions"}],"predecessor-version":[{"id":156835,"href":"https:\/\/www.tgrthaber.com\/mavikadin\/wp-json\/wp\/v2\/posts\/156821\/revisions\/156835"}],"wp:featuredmedia":[{"embeddable":true,"href":"https:\/\/www.tgrthaber.com\/mavikadin\/wp-json\/wp\/v2\/media\/156832"}],"wp:attachment":[{"href":"https:\/\/www.tgrthaber.com\/mavikadin\/wp-json\/wp\/v2\/media?parent=156821"}],"wp:term":[{"taxonomy":"category","embeddable":true,"href":"https:\/\/www.tgrthaber.com\/mavikadin\/wp-json\/wp\/v2\/categories?post=156821"},{"taxonomy":"post_tag","embeddable":true,"href":"https:\/\/www.tgrthaber.com\/mavikadin\/wp-json\/wp\/v2\/tags?post=156821"}],"curies":[{"name":"wp","href":"https:\/\/api.w.org\/{rel}","templated":true}]}}