{"id":156866,"date":"2025-04-04T09:46:11","date_gmt":"2025-04-04T06:46:11","guid":{"rendered":"https:\/\/www.tgrthaber.com\/mavikadin\/?p=156866"},"modified":"2025-04-04T09:46:11","modified_gmt":"2025-04-04T06:46:11","slug":"cigdem-simavi-kimdir-cigdem-simavi-meslegi-ne-kac-cogu-var","status":"publish","type":"post","link":"https:\/\/www.tgrthaber.com\/mavikadin\/cigdem-simavi-kimdir-cigdem-simavi-meslegi-ne-kac-cogu-var\/","title":{"rendered":"\u00c7i\u011fdem Simavi kimdir?  \u00c7i\u011fdem Simavi mesle\u011fi ne, ka\u00e7 \u00e7o\u011fu var?"},"content":{"rendered":"<p>Cemiyet hayat\u0131n\u0131n \u00f6nemli isimleri aras\u0131nda yer alan \u00c7i\u011fdem Simavi hem k\u00fclt\u00fcr-sanat d\u00fcnyas\u0131ndaki hem de i\u015f d\u00fcnyas\u0131ndaki katk\u0131lar\u0131yla tan\u0131n\u0131yor. \u015eimdilerde \u00c7i\u011fdem Simavi\u2019nin kim oldu\u011fu merak ediliyor. Peki, \u00c7i\u011fdem Simavi kimdir? \u00c7i\u011fdem Simavi\u2019nin mesle\u011fi ne? \u00c7i\u011fdem Simavi\u2019nin ka\u00e7 \u00e7ocu\u011fu var? \u00c7i\u011fdem Simavi hakk\u0131nda merak edilenleri sizin i\u00e7in ara\u015ft\u0131rd\u0131k. \u0130\u015fte \u00c7i\u011fdem Simavi hakk\u0131nda bilinmeyenler\u2026<\/p>\n<h3>\u00c7\u0130\u011eDEM S\u0130MAV\u0130 K\u0130MD\u0130R?<\/h3>\n<p>\u00c7i\u011fdem Simavi, cemiyet hayat\u0131n\u0131n \u00f6nde gelen isimlerinden biridir. K\u00fclt\u00fcr-sanat alan\u0131ndaki faaliyetleri, sosyal sorumluluk projelerine verdi\u011fi destekler ve hay\u0131rsever kimli\u011fiyle tan\u0131nan Simavi\u2019nin as\u0131l ad\u0131 \u00c7i\u011fdem Meseret\u00e7io\u011flu\u2019dur.<\/p>\n<p><img loading=\"lazy\" decoding=\"async\" class=\"alignnone wp-image-156868\" src=\"https:\/\/www.tgrthaber.com\/mavikadin\/wp-content\/uploads\/Cigdem-Simavi-1024x576.jpg\" alt=\"\u00c7i\u011fdem Simavi kimdir?  \u00c7i\u011fdem Simavi mesle\u011fi ne, ka\u00e7 \u00e7o\u011fu var?\" width=\"1208\" height=\"680\" title=\"\" srcset=\"https:\/\/www.tgrthaber.com\/mavikadin\/wp-content\/uploads\/Cigdem-Simavi-1024x576.jpg 1024w, https:\/\/www.tgrthaber.com\/mavikadin\/wp-content\/uploads\/Cigdem-Simavi-300x169.jpg 300w, https:\/\/www.tgrthaber.com\/mavikadin\/wp-content\/uploads\/Cigdem-Simavi-768x432.jpg 768w, https:\/\/www.tgrthaber.com\/mavikadin\/wp-content\/uploads\/Cigdem-Simavi-1536x864.jpg 1536w, https:\/\/www.tgrthaber.com\/mavikadin\/wp-content\/uploads\/Cigdem-Simavi.jpg 1600w\" sizes=\"(max-width: 1208px) 100vw, 1208px\" \/><\/p>\n<hr \/>\n<p>\u00c7i\u011fdem Semavi, \u0130zmir\u2019in k\u00f6kl\u00fc ailelerinden olan Meseret\u00e7io\u011flu ailesine mensuptur. Babas\u0131 armat\u00f6r Avni Suat Meseret\u00e7io\u011flu, \u0130zmir\u2019in tan\u0131nm\u0131\u015f i\u015f insanlar\u0131ndan biridir. Toplum taraf\u0131ndan sayg\u0131n bir konuma sahip olan Simavi, T\u00fcrkiye\u2019nin \u00f6nde gelen i\u015f insanlar\u0131ndan Rahmi Ko\u00e7\u2019un ikinci e\u015fi olarak tan\u0131nmaktad\u0131r.<\/p>\n<h3>\u00c7\u0130\u011eDEM S\u0130MAV\u0130 MESLE\u011e\u0130 NE?<\/h3>\n<p>\u00c7i\u011fdem Simavi\u2019nin mesle\u011fi hakk\u0131nda kamuoyuna a\u00e7\u0131k kesin bir bilgi bulunmamaktad\u0131r. Fakat Simavi, Ko\u00e7 ailesinin bir \u00fcyesi olarak i\u015f d\u00fcnyas\u0131nda varl\u0131\u011f\u0131 bilinen ki\u015filer aras\u0131ndad\u0131r. Bunun yan\u0131 s\u0131ra Simavi, klasik bir meslek tan\u0131m\u0131ndan ziyade, k\u00fclt\u00fcr, sanat ve toplumsal projeler kapsam\u0131nda faaliyet g\u00f6steren bir i\u015f insan\u0131 olarak \u00f6n plana \u00e7\u0131kmaktad\u0131r.<\/p>\n<p><img loading=\"lazy\" decoding=\"async\" class=\"alignnone wp-image-156869\" src=\"https:\/\/www.tgrthaber.com\/mavikadin\/wp-content\/uploads\/Cigdem-Simavi-5-1024x576.jpg\" alt=\"\u00c7i\u011fdem Simavi kimdir?  \u00c7i\u011fdem Simavi mesle\u011fi ne, ka\u00e7 \u00e7o\u011fu var?\" width=\"1208\" height=\"680\" title=\"\" srcset=\"https:\/\/www.tgrthaber.com\/mavikadin\/wp-content\/uploads\/Cigdem-Simavi-5-1024x576.jpg 1024w, https:\/\/www.tgrthaber.com\/mavikadin\/wp-content\/uploads\/Cigdem-Simavi-5-300x169.jpg 300w, https:\/\/www.tgrthaber.com\/mavikadin\/wp-content\/uploads\/Cigdem-Simavi-5-768x432.jpg 768w, https:\/\/www.tgrthaber.com\/mavikadin\/wp-content\/uploads\/Cigdem-Simavi-5-1536x864.jpg 1536w, https:\/\/www.tgrthaber.com\/mavikadin\/wp-content\/uploads\/Cigdem-Simavi-5.jpg 1600w\" sizes=\"(max-width: 1208px) 100vw, 1208px\" \/><\/p>\n<hr \/>\n<p>Ayr\u0131ca \u00c7i\u011fdem Simavi\u2019nin medya sekt\u00f6r\u00fcnde etkin rol oynayan Simavi ailesinin bir \u00fcyesi oldu\u011fu ve bu alanda da etkin bir rol oynad\u0131\u011f\u0131 biliniyor. Daha \u00e7ok k\u00fclt\u00fcr-sanat alan\u0131ndaki faaliyetleri ve sosyal sorumluluk projeleriyle tan\u0131nan Simavi\u2019nin kesin ve net mesle\u011finin ne oldu\u011fu bilinmiyor.<\/p>\n<h3>\u00c7\u0130\u011eDEM S\u0130MAV\u0130\u2019N\u0130N KA\u00c7 \u00c7OCU\u011eU VAR?<\/h3>\n<p>\u00c7i\u011fdem Simavi, T\u00fcrkiye\u2019nin \u00f6nde gelen i\u015f insanlar\u0131ndan biri olan Rahmi Ko\u00e7\u2019un ikinci e\u015fi olarak tan\u0131nmaktad\u0131r. 1957 y\u0131l\u0131nda Rahmi Ko\u00e7 ile evlenen \u00c7i\u011fdem Simavi\u2019nin, bu evlili\u011finden Mustafa, \u00d6mer ve Ali ad\u0131nda \u00fc\u00e7 \u00e7ocu\u011fu d\u00fcnyaya geldi.<\/p>\n<p><img loading=\"lazy\" decoding=\"async\" class=\"alignnone wp-image-156870\" src=\"https:\/\/www.tgrthaber.com\/mavikadin\/wp-content\/uploads\/Cigdem-Simavi-1-1024x576.jpg\" alt=\"\u00c7i\u011fdem Simavi kimdir?  \u00c7i\u011fdem Simavi mesle\u011fi ne, ka\u00e7 \u00e7o\u011fu var?\" width=\"1208\" height=\"680\" title=\"\" srcset=\"https:\/\/www.tgrthaber.com\/mavikadin\/wp-content\/uploads\/Cigdem-Simavi-1-1024x576.jpg 1024w, https:\/\/www.tgrthaber.com\/mavikadin\/wp-content\/uploads\/Cigdem-Simavi-1-300x169.jpg 300w, https:\/\/www.tgrthaber.com\/mavikadin\/wp-content\/uploads\/Cigdem-Simavi-1-768x432.jpg 768w, https:\/\/www.tgrthaber.com\/mavikadin\/wp-content\/uploads\/Cigdem-Simavi-1-1536x864.jpg 1536w, https:\/\/www.tgrthaber.com\/mavikadin\/wp-content\/uploads\/Cigdem-Simavi-1.jpg 1600w\" sizes=\"(max-width: 1208px) 100vw, 1208px\" \/><\/p>\n<hr \/>\n<p>\u00c7i\u011fdem Simavi, 1957 y\u0131l\u0131nda evlendi\u011fi Rahmi Ko\u00e7 ile birlikteli\u011finden 1960 y\u0131l\u0131nda Mustafa Ko\u00e7, 1962 y\u0131l\u0131nda \u00d6mer Ko\u00e7 ve 1967 y\u0131l\u0131nda Ali Ko\u00e7 ad\u0131nda \u00e7ocuklar\u0131n\u0131 d\u00fcnyaya getirdi. Simavi, Rahmi Ko\u00e7 ile olan evlili\u011fini 1974 y\u0131l\u0131nda bitirdi. Simavi daha sonra G\u00fcnayd\u0131n Gazetesi\u2019nin eski sahibi Haldun Simavi ile d\u00fcnyaevine girdi. \u00c7iftin evlili\u011finin hala devam etti\u011fi biliniyor.<\/p>\n","protected":false},"excerpt":{"rendered":"<p>T\u00fcrk i\u015f d\u00fcnyas\u0131n\u0131n g\u00f6zde isimlerinden biri olan \u00c7i\u011fdem Simavi\u2019nin kim oldu\u011fu merak ediliyor. Peki, \u00c7i\u011fdem Simavi kimdir? \u00c7i\u011fdem Simavi\u2019nin mesle\u011fi ne? \u00c7i\u011fdem Simavi\u2019nin ka\u00e7 \u00e7ocu\u011fu var?  \u0130\u015fte detaylar\u2026 <\/p>\n","protected":false},"author":26,"featured_media":156867,"comment_status":"closed","ping_status":"closed","sticky":false,"template":"","format":"standard","meta":{"rank_math_lock_modified_date":false,"footnotes":""},"categories":[491],"tags":[16656,16652,16653,16654,16655,3885],"class_list":["post-156866","post","type-post","status-publish","format-standard","has-post-thumbnail","hentry","category-biyografi","tag-ali-koc","tag-cigdem-simavi","tag-cigdem-simavi-kimdir","tag-cigdem-simavi-meslegi-ne","tag-haldun-simavi","tag-rahmi-koc"],"_links":{"self":[{"href":"https:\/\/www.tgrthaber.com\/mavikadin\/wp-json\/wp\/v2\/posts\/156866"}],"collection":[{"href":"https:\/\/www.tgrthaber.com\/mavikadin\/wp-json\/wp\/v2\/posts"}],"about":[{"href":"https:\/\/www.tgrthaber.com\/mavikadin\/wp-json\/wp\/v2\/types\/post"}],"author":[{"embeddable":true,"href":"https:\/\/www.tgrthaber.com\/mavikadin\/wp-json\/wp\/v2\/users\/26"}],"replies":[{"embeddable":true,"href":"https:\/\/www.tgrthaber.com\/mavikadin\/wp-json\/wp\/v2\/comments?post=156866"}],"version-history":[{"count":2,"href":"https:\/\/www.tgrthaber.com\/mavikadin\/wp-json\/wp\/v2\/posts\/156866\/revisions"}],"predecessor-version":[{"id":156872,"href":"https:\/\/www.tgrthaber.com\/mavikadin\/wp-json\/wp\/v2\/posts\/156866\/revisions\/156872"}],"wp:featuredmedia":[{"embeddable":true,"href":"https:\/\/www.tgrthaber.com\/mavikadin\/wp-json\/wp\/v2\/media\/156867"}],"wp:attachment":[{"href":"https:\/\/www.tgrthaber.com\/mavikadin\/wp-json\/wp\/v2\/media?parent=156866"}],"wp:term":[{"taxonomy":"category","embeddable":true,"href":"https:\/\/www.tgrthaber.com\/mavikadin\/wp-json\/wp\/v2\/categories?post=156866"},{"taxonomy":"post_tag","embeddable":true,"href":"https:\/\/www.tgrthaber.com\/mavikadin\/wp-json\/wp\/v2\/tags?post=156866"}],"curies":[{"name":"wp","href":"https:\/\/api.w.org\/{rel}","templated":true}]}}