{"id":156887,"date":"2025-04-04T10:15:16","date_gmt":"2025-04-04T07:15:16","guid":{"rendered":"https:\/\/www.tgrthaber.com\/mavikadin\/?p=156887"},"modified":"2025-04-04T10:15:16","modified_gmt":"2025-04-04T07:15:16","slug":"cigdem-simavi-olayi-nedir-rahmi-kocun-esi-cigdem-simavi-meslegi-ne","status":"publish","type":"post","link":"https:\/\/www.tgrthaber.com\/mavikadin\/cigdem-simavi-olayi-nedir-rahmi-kocun-esi-cigdem-simavi-meslegi-ne\/","title":{"rendered":"\u00c7i\u011fdem Simavi olay\u0131 nedir? Rahmi Ko\u00e7&#8217;un e\u015fi \u00c7i\u011fdem Simavi mesle\u011fi ne?"},"content":{"rendered":"<p>Cemiyet hayat\u0131n\u0131n \u00f6nemli isimleri aras\u0131nda yer alan \u00c7i\u011fdem Simavi, magazin d\u00fcnyas\u0131n\u0131n g\u00fcndemine bomba gibi oturdu. Simavi\u2019nin neden g\u00fcndem oldu\u011fu ise merak konusu oldu. Peki, \u00c7i\u011fdem Simavi olay\u0131 nedir? Rahmi Ko\u00e7&#8217;un e\u015fi \u00c7i\u011fdem Simavi mesle\u011fi ne? \u00c7i\u011fdem Simavi olay\u0131 hakk\u0131nda merak edilenleri sizin i\u00e7in ara\u015ft\u0131rd\u0131k. \u0130\u015fte \u00c7i\u011fdem Simavi olay\u0131 hakk\u0131nda bilinmeyenler\u2026<\/p>\n<h3>\u00c7\u0130\u011eDEM S\u0130MAV\u0130 OLAYI NED\u0130R?<\/h3>\n<p>Sara\u00e7hanede yap\u0131lan eylem ve provokasyonlarda bir dizi boykot listesi yay\u0131nlanm\u0131\u015ft\u0131. Boykot listesinin ba\u015f\u0131nda ise yerli ve milli markalar\u0131m\u0131zdan biri olan Espressolab de yer al\u0131yordu. Bu boykot \u00e7a\u011fr\u0131s\u0131 \u00fczerine bir\u00e7ok vatanda\u015f ve siyasi destek amac\u0131yla Espressolab\u2019e giderek kahvesini yudumlam\u0131\u015ft\u0131. Espressolab\u2019e deste\u011fin art\u0131\u015f g\u00f6sterdi\u011fi \u015fu d\u00f6nemde bir destek de i\u015f d\u00fcnyas\u0131n\u0131n g\u00f6zde isimlerinden biri olan \u00c7i\u011fdem Simavi\u2019den geldi.<\/p>\n<p><img loading=\"lazy\" decoding=\"async\" class=\"alignnone wp-image-156889\" src=\"https:\/\/www.tgrthaber.com\/mavikadin\/wp-content\/uploads\/Cigdem-Simavi-8-1024x576.jpg\" alt=\"\u00c7i\u011fdem Simavi olay\u0131 nedir? Rahmi Ko\u00e7&#039;un e\u015fi \u00c7i\u011fdem Simavi mesle\u011fi ne? \" width=\"1208\" height=\"680\" title=\"\" srcset=\"https:\/\/www.tgrthaber.com\/mavikadin\/wp-content\/uploads\/Cigdem-Simavi-8-1024x576.jpg 1024w, https:\/\/www.tgrthaber.com\/mavikadin\/wp-content\/uploads\/Cigdem-Simavi-8-300x169.jpg 300w, https:\/\/www.tgrthaber.com\/mavikadin\/wp-content\/uploads\/Cigdem-Simavi-8-768x432.jpg 768w, https:\/\/www.tgrthaber.com\/mavikadin\/wp-content\/uploads\/Cigdem-Simavi-8-1536x864.jpg 1536w, https:\/\/www.tgrthaber.com\/mavikadin\/wp-content\/uploads\/Cigdem-Simavi-8.jpg 1600w\" sizes=\"(max-width: 1208px) 100vw, 1208px\" \/><\/p>\n<hr \/>\n<p>Cemiyet hayat\u0131n\u0131n \u00f6nde gelen isimlerinden \u00c7i\u011fdem Simavi, Espressolab\u2019in \u0130stanbul Merter\u2019deki merkez \u015fubesine gitti. Simavi\u2019nin ziyaretine dair foto\u011fraflar\u0131 Espressolab\u2019in kurucusu Esat Kocada\u011f sosyal medya hesab\u0131ndan payla\u015ft\u0131. Kocada\u011f\u2019\u0131n payla\u015f\u0131mlar\u0131n\u0131n ard\u0131ndan Simavi, magazin d\u00fcnyas\u0131 ve sosyal medyan\u0131n g\u00fcndemine bomba gibi oturdu.<\/p>\n<p><img loading=\"lazy\" decoding=\"async\" class=\"alignnone wp-image-156891\" src=\"https:\/\/www.tgrthaber.com\/mavikadin\/wp-content\/uploads\/Cigdem-Simavi-6-1024x576.jpg\" alt=\"\u00c7i\u011fdem Simavi olay\u0131 nedir? Rahmi Ko\u00e7&#039;un e\u015fi \u00c7i\u011fdem Simavi mesle\u011fi ne? \" width=\"1208\" height=\"680\" title=\"\" srcset=\"https:\/\/www.tgrthaber.com\/mavikadin\/wp-content\/uploads\/Cigdem-Simavi-6-1024x576.jpg 1024w, https:\/\/www.tgrthaber.com\/mavikadin\/wp-content\/uploads\/Cigdem-Simavi-6-300x169.jpg 300w, https:\/\/www.tgrthaber.com\/mavikadin\/wp-content\/uploads\/Cigdem-Simavi-6-768x432.jpg 768w, https:\/\/www.tgrthaber.com\/mavikadin\/wp-content\/uploads\/Cigdem-Simavi-6-1536x864.jpg 1536w, https:\/\/www.tgrthaber.com\/mavikadin\/wp-content\/uploads\/Cigdem-Simavi-6.jpg 1600w\" sizes=\"(max-width: 1208px) 100vw, 1208px\" \/><\/p>\n<hr \/>\n<h3>ESAT KOCADA\u011e PAYLA\u015eTI!<\/h3>\n<p>Espressolab\u2019in kurucusu Esat Kocada\u011f, sosyal medya hesab\u0131ndan yapt\u0131\u011f\u0131 payla\u015f\u0131mla \u00c7i\u011fdem Simavi\u2019nin Espressolab\u2019in \u0130stanbul Merter\u2019deki merkez \u015fubesini ziyaret etti\u011fini duyurdu.<\/p>\n<p><img loading=\"lazy\" decoding=\"async\" class=\"alignnone wp-image-156890\" src=\"https:\/\/www.tgrthaber.com\/mavikadin\/wp-content\/uploads\/Cigdem-Simavi-7-1024x576.jpg\" alt=\"\u00c7i\u011fdem Simavi olay\u0131 nedir? Rahmi Ko\u00e7&#039;un e\u015fi \u00c7i\u011fdem Simavi mesle\u011fi ne? \" width=\"1208\" height=\"680\" title=\"\" srcset=\"https:\/\/www.tgrthaber.com\/mavikadin\/wp-content\/uploads\/Cigdem-Simavi-7-1024x576.jpg 1024w, https:\/\/www.tgrthaber.com\/mavikadin\/wp-content\/uploads\/Cigdem-Simavi-7-300x169.jpg 300w, https:\/\/www.tgrthaber.com\/mavikadin\/wp-content\/uploads\/Cigdem-Simavi-7-768x432.jpg 768w, https:\/\/www.tgrthaber.com\/mavikadin\/wp-content\/uploads\/Cigdem-Simavi-7-1536x864.jpg 1536w, https:\/\/www.tgrthaber.com\/mavikadin\/wp-content\/uploads\/Cigdem-Simavi-7.jpg 1600w\" sizes=\"(max-width: 1208px) 100vw, 1208px\" \/><\/p>\n<hr \/>\n<p>Esat Kocada\u011f payla\u015f\u0131m\u0131nda \u015fu ifadelere yer verdi: \u201cBug\u00fcn Espressolab\u2019de de\u011ferli b\u00fcy\u00fc\u011f\u00fcm Say\u0131n \u00c7i\u011fdem Simavi Han\u0131mefendi\u2019yi a\u011f\u0131rlamaktan b\u00fcy\u00fck mutluluk duydum\u201d Kocada\u011f, boykot \u00e7a\u011fr\u0131s\u0131ndan sonra ise \u015fu ifadeleri kullanm\u0131\u015ft\u0131: \u201cBiz siyaset de\u011fil kahve yap\u0131yoruz. Neden boykot edildi\u011fimizi anlamad\u0131k\u201d<\/p>\n<h3>RAHM\u0130 KO\u00c7&#8217;UN E\u015e\u0130 \u00c7\u0130\u011eDEM S\u0130MAV\u0130 MESLE\u011e\u0130 NE?<\/h3>\n<p>\u00c7i\u011fdem Simavi\u2019nin mesle\u011fi hakk\u0131nda kamuoyuna a\u00e7\u0131k kesin bir bilgi bulunmamaktad\u0131r. Fakat Simavi, Ko\u00e7 ailesinin bir \u00fcyesi olarak i\u015f d\u00fcnyas\u0131nda varl\u0131\u011f\u0131 bilinen ki\u015filer aras\u0131ndad\u0131r. Bunun yan\u0131 s\u0131ra Simavi, klasik bir meslek tan\u0131m\u0131ndan ziyade, k\u00fclt\u00fcr, sanat ve toplumsal projeler kapsam\u0131nda faaliyet g\u00f6steren bir i\u015f insan\u0131 olarak \u00f6n plana \u00e7\u0131kmaktad\u0131r.<\/p>\n<p><img loading=\"lazy\" decoding=\"async\" class=\"alignnone wp-image-156892\" src=\"https:\/\/www.tgrthaber.com\/mavikadin\/wp-content\/uploads\/Cigdem-Simavi-4-1-1024x576.jpg\" alt=\"\u00c7i\u011fdem Simavi olay\u0131 nedir? Rahmi Ko\u00e7&#039;un e\u015fi \u00c7i\u011fdem Simavi mesle\u011fi ne? \" width=\"1208\" height=\"680\" title=\"\" srcset=\"https:\/\/www.tgrthaber.com\/mavikadin\/wp-content\/uploads\/Cigdem-Simavi-4-1-1024x576.jpg 1024w, https:\/\/www.tgrthaber.com\/mavikadin\/wp-content\/uploads\/Cigdem-Simavi-4-1-300x169.jpg 300w, https:\/\/www.tgrthaber.com\/mavikadin\/wp-content\/uploads\/Cigdem-Simavi-4-1-768x432.jpg 768w, https:\/\/www.tgrthaber.com\/mavikadin\/wp-content\/uploads\/Cigdem-Simavi-4-1-1536x864.jpg 1536w, https:\/\/www.tgrthaber.com\/mavikadin\/wp-content\/uploads\/Cigdem-Simavi-4-1.jpg 1600w\" sizes=\"(max-width: 1208px) 100vw, 1208px\" \/><\/p>\n<hr \/>\n<p>Ayr\u0131ca \u00c7i\u011fdem Simavi\u2019nin medya sekt\u00f6r\u00fcnde etkin rol oynayan Simavi ailesinin bir \u00fcyesi oldu\u011fu ve bu alanda da etkin bir rol oynad\u0131\u011f\u0131 biliniyor. Daha \u00e7ok k\u00fclt\u00fcr-sanat alan\u0131ndaki faaliyetleri ve sosyal sorumluluk projeleriyle tan\u0131nan Simavi\u2019nin kesin ve net mesle\u011finin ne oldu\u011fu bilinmiyor.<\/p>\n","protected":false},"excerpt":{"rendered":"<p>T\u00fcrk i\u015f d\u00fcnyas\u0131n\u0131n g\u00f6zde isimleri aras\u0131nda yer alan \u00c7i\u011fdem Simavi\u2019nin neden g\u00fcndem oldu\u011fu merak ediliyor. Peki, \u00c7i\u011fdem Simavi olay\u0131 nedir? Rahmi Ko\u00e7&#8217;un e\u015fi \u00c7i\u011fdem Simavi mesle\u011fi ne? \u0130\u015fte merak edilenler\u2026 <\/p>\n","protected":false},"author":26,"featured_media":156888,"comment_status":"closed","ping_status":"closed","sticky":false,"template":"","format":"standard","meta":{"rank_math_lock_modified_date":false,"footnotes":""},"categories":[76],"tags":[16652,16654,16658,16657,3885],"class_list":["post-156887","post","type-post","status-publish","format-standard","has-post-thumbnail","hentry","category-magazin","tag-cigdem-simavi","tag-cigdem-simavi-meslegi-ne","tag-cigdem-simavi-olayi","tag-esat-kocadag","tag-rahmi-koc"],"_links":{"self":[{"href":"https:\/\/www.tgrthaber.com\/mavikadin\/wp-json\/wp\/v2\/posts\/156887"}],"collection":[{"href":"https:\/\/www.tgrthaber.com\/mavikadin\/wp-json\/wp\/v2\/posts"}],"about":[{"href":"https:\/\/www.tgrthaber.com\/mavikadin\/wp-json\/wp\/v2\/types\/post"}],"author":[{"embeddable":true,"href":"https:\/\/www.tgrthaber.com\/mavikadin\/wp-json\/wp\/v2\/users\/26"}],"replies":[{"embeddable":true,"href":"https:\/\/www.tgrthaber.com\/mavikadin\/wp-json\/wp\/v2\/comments?post=156887"}],"version-history":[{"count":2,"href":"https:\/\/www.tgrthaber.com\/mavikadin\/wp-json\/wp\/v2\/posts\/156887\/revisions"}],"predecessor-version":[{"id":156894,"href":"https:\/\/www.tgrthaber.com\/mavikadin\/wp-json\/wp\/v2\/posts\/156887\/revisions\/156894"}],"wp:featuredmedia":[{"embeddable":true,"href":"https:\/\/www.tgrthaber.com\/mavikadin\/wp-json\/wp\/v2\/media\/156888"}],"wp:attachment":[{"href":"https:\/\/www.tgrthaber.com\/mavikadin\/wp-json\/wp\/v2\/media?parent=156887"}],"wp:term":[{"taxonomy":"category","embeddable":true,"href":"https:\/\/www.tgrthaber.com\/mavikadin\/wp-json\/wp\/v2\/categories?post=156887"},{"taxonomy":"post_tag","embeddable":true,"href":"https:\/\/www.tgrthaber.com\/mavikadin\/wp-json\/wp\/v2\/tags?post=156887"}],"curies":[{"name":"wp","href":"https:\/\/api.w.org\/{rel}","templated":true}]}}