{"id":156895,"date":"2025-04-04T10:52:09","date_gmt":"2025-04-04T07:52:09","guid":{"rendered":"https:\/\/www.tgrthaber.com\/mavikadin\/?p=156895"},"modified":"2025-04-04T11:21:28","modified_gmt":"2025-04-04T08:21:28","slug":"mehmet-oz-kimdir-mehmet-oz-neden-turkiye-de-yasamiyor","status":"publish","type":"post","link":"https:\/\/www.tgrthaber.com\/mavikadin\/mehmet-oz-kimdir-mehmet-oz-neden-turkiye-de-yasamiyor\/","title":{"rendered":"Mehmet \u00d6z kimdir? Mehmet \u00d6z neden T\u00fcrkiye de ya\u015fam\u0131yor?"},"content":{"rendered":"<p>D\u00fcnyaca \u00fcnl\u00fc kalp cerrah\u0131, televizyon y\u0131ld\u0131z\u0131 ve sa\u011fl\u0131k alan\u0131nda pop\u00fcler i\u00e7erikler \u00fcreten Dr. Mehmet \u00d6z, uzun y\u0131llard\u0131r Amerika Birle\u015fik Devletleri\u2019nde ya\u015fam\u0131n\u0131 s\u00fcrd\u00fcr\u00fcyor. T\u00fcrk k\u00f6kenli bir aileden gelen \u00d6z, sa\u011fl\u0131k alan\u0131ndaki ba\u015far\u0131lar\u0131yla hem ABD\u2019de hem de T\u00fcrkiye\u2019de geni\u015f bir hayran kitlesine sahip oluyor. Peki, Mehmet \u00d6z kimdir? Mehmet \u00d6z neden T\u00fcrkiye de ya\u015fam\u0131yor? sorular\u0131n\u0131 sizler i\u00e7in ara\u015ft\u0131rd\u0131k. Merak edilen ve daha fazlas\u0131 haberimizde\u2026<\/p>\n<h3>MEHMET \u00d6Z K\u0130MD\u0130R?<\/h3>\n<p>Ba\u015far\u0131l\u0131 Doktor Mehmet \u00d6z, 11 Haziran 1960\u2019 y\u0131l\u0131nda ABD\u2019nin Cleveland kentinde do\u011fdu. Ailesi ise T\u00fcrkiye\u2019den Amerika\u2019ya g\u00f6\u00e7 etmi\u015ftir. Babas\u0131 Prof. Dr. Mustafa \u00d6z, T\u00fcrkiye\u2019de ba\u015far\u0131l\u0131 bir cerraht\u0131 ve ABD\u2019de de t\u0131p kariyerine devam etti. Mehmet \u00d6z, t\u0131p e\u011fitimine Harvard \u00dcniversitesi\u2019nde ba\u015flad\u0131 ve ard\u0131ndan Pennsylvania \u00dcniversitesi\u2019nde hem t\u0131p hem de i\u015fletme alan\u0131nda y\u00fcksek \u00f6\u011frenimini tamamlad\u0131.<\/p>\n<p><img loading=\"lazy\" decoding=\"async\" class=\"alignnone wp-image-156911\" src=\"https:\/\/www.tgrthaber.com\/mavikadin\/wp-content\/uploads\/haber-gorselleri-fotoshop-102-1024x576.jpg\" alt=\"Mehmet \u00d6z kimdir? Mehmet \u00d6z neden T\u00fcrkiye de ya\u015fam\u0131yor?\" width=\"1208\" height=\"680\" title=\"\" srcset=\"https:\/\/www.tgrthaber.com\/mavikadin\/wp-content\/uploads\/haber-gorselleri-fotoshop-102-1024x576.jpg 1024w, https:\/\/www.tgrthaber.com\/mavikadin\/wp-content\/uploads\/haber-gorselleri-fotoshop-102-300x169.jpg 300w, https:\/\/www.tgrthaber.com\/mavikadin\/wp-content\/uploads\/haber-gorselleri-fotoshop-102-768x432.jpg 768w, https:\/\/www.tgrthaber.com\/mavikadin\/wp-content\/uploads\/haber-gorselleri-fotoshop-102-1536x864.jpg 1536w, https:\/\/www.tgrthaber.com\/mavikadin\/wp-content\/uploads\/haber-gorselleri-fotoshop-102.jpg 1600w\" sizes=\"(max-width: 1208px) 100vw, 1208px\" \/><\/p>\n<hr \/>\n<p>Kalp cerrahisi alan\u0131nda uzmanla\u015ft\u0131 ve k\u0131sa s\u00fcrede t\u0131p d\u00fcnyas\u0131nda \u00f6nemli bir isim haline geldi. \u00d6z\u2019\u00fcn ABD\u2019de tan\u0131nmas\u0131n\u0131n en b\u00fcy\u00fck sebeplerinden biri, sa\u011fl\u0131k konular\u0131n\u0131 geni\u015f kitlelere anlatabilmesiydi. Televizyon d\u00fcnyas\u0131na giri\u015f yaparak \u00f6nce Oprah Winfrey\u2019in programlar\u0131nda sa\u011fl\u0131k konular\u0131n\u0131 ele ald\u0131.<\/p>\n<p><img loading=\"lazy\" decoding=\"async\" class=\"alignnone wp-image-156910\" src=\"https:\/\/www.tgrthaber.com\/mavikadin\/wp-content\/uploads\/haber-gorselleri-fotoshop-1-5-1024x576.jpg\" alt=\"Mehmet \u00d6z kimdir? Mehmet \u00d6z neden T\u00fcrkiye de ya\u015fam\u0131yor?\" width=\"1208\" height=\"680\" title=\"\" srcset=\"https:\/\/www.tgrthaber.com\/mavikadin\/wp-content\/uploads\/haber-gorselleri-fotoshop-1-5-1024x576.jpg 1024w, https:\/\/www.tgrthaber.com\/mavikadin\/wp-content\/uploads\/haber-gorselleri-fotoshop-1-5-300x169.jpg 300w, https:\/\/www.tgrthaber.com\/mavikadin\/wp-content\/uploads\/haber-gorselleri-fotoshop-1-5-768x432.jpg 768w, https:\/\/www.tgrthaber.com\/mavikadin\/wp-content\/uploads\/haber-gorselleri-fotoshop-1-5-1536x864.jpg 1536w, https:\/\/www.tgrthaber.com\/mavikadin\/wp-content\/uploads\/haber-gorselleri-fotoshop-1-5.jpg 1600w\" sizes=\"(max-width: 1208px) 100vw, 1208px\" \/><\/p>\n<hr \/>\n<p>K\u0131sa s\u00fcrede b\u00fcy\u00fck ilgi g\u00f6ren \u00d6z, 2009 y\u0131l\u0131nda kendi televizyon program\u0131 olan The Dr. Oz Show\u2019u ba\u015flatt\u0131. Bu program, sa\u011fl\u0131k, beslenme ve ya\u015fam tarz\u0131 \u00fczerine yapt\u0131\u011f\u0131 \u00f6nerilerle milyonlarca insan taraf\u0131ndan izlendi. T\u0131p d\u00fcnyas\u0131ndaki ba\u015far\u0131l\u0131 kariyerinin yan\u0131 s\u0131ra \u00d6z, yazd\u0131\u011f\u0131 sa\u011fl\u0131k kitaplar\u0131yla da b\u00fcy\u00fck yank\u0131 uyand\u0131rd\u0131.<\/p>\n<h3><img loading=\"lazy\" decoding=\"async\" class=\"alignnone wp-image-156908\" src=\"https:\/\/www.tgrthaber.com\/mavikadin\/wp-content\/uploads\/haber-gorselleri-fotoshop-3-5-1024x576.jpg\" alt=\"Mehmet \u00d6z kimdir? Mehmet \u00d6z neden T\u00fcrkiye de ya\u015fam\u0131yor?\" width=\"1208\" height=\"680\" title=\"\" srcset=\"https:\/\/www.tgrthaber.com\/mavikadin\/wp-content\/uploads\/haber-gorselleri-fotoshop-3-5-1024x576.jpg 1024w, https:\/\/www.tgrthaber.com\/mavikadin\/wp-content\/uploads\/haber-gorselleri-fotoshop-3-5-300x169.jpg 300w, https:\/\/www.tgrthaber.com\/mavikadin\/wp-content\/uploads\/haber-gorselleri-fotoshop-3-5-768x432.jpg 768w, https:\/\/www.tgrthaber.com\/mavikadin\/wp-content\/uploads\/haber-gorselleri-fotoshop-3-5-1536x864.jpg 1536w, https:\/\/www.tgrthaber.com\/mavikadin\/wp-content\/uploads\/haber-gorselleri-fotoshop-3-5.jpg 1600w\" sizes=\"(max-width: 1208px) 100vw, 1208px\" \/><\/h3>\n<hr \/>\n<h3>MEHMET \u00d6Z NEDEN T\u00dcRK\u0130YE DE YA\u015eAMIYOR?<\/h3>\n<p>Mehmet \u00d6z\u2019\u00fcn T\u00fcrkiye\u2019de ya\u015famamas\u0131n\u0131n en temel sebebi, ABD\u2019de do\u011fup b\u00fcy\u00fcmesi ve t\u00fcm kariyerini orada kurmu\u015f olmas\u0131d\u0131r. ABD\u2019deki t\u0131p e\u011fitimi ve akademik kariyeri, onu Amerika\u2019da ya\u015famaya y\u00f6nlendirdi.<\/p>\n<p><img loading=\"lazy\" decoding=\"async\" class=\"alignnone wp-image-156907\" src=\"https:\/\/www.tgrthaber.com\/mavikadin\/wp-content\/uploads\/haber-gorselleri-fotoshop-4-5-1024x576.jpg\" alt=\"Mehmet \u00d6z kimdir? Mehmet \u00d6z neden T\u00fcrkiye de ya\u015fam\u0131yor?\" width=\"1208\" height=\"680\" title=\"\" srcset=\"https:\/\/www.tgrthaber.com\/mavikadin\/wp-content\/uploads\/haber-gorselleri-fotoshop-4-5-1024x576.jpg 1024w, https:\/\/www.tgrthaber.com\/mavikadin\/wp-content\/uploads\/haber-gorselleri-fotoshop-4-5-300x169.jpg 300w, https:\/\/www.tgrthaber.com\/mavikadin\/wp-content\/uploads\/haber-gorselleri-fotoshop-4-5-768x432.jpg 768w, https:\/\/www.tgrthaber.com\/mavikadin\/wp-content\/uploads\/haber-gorselleri-fotoshop-4-5-1536x864.jpg 1536w, https:\/\/www.tgrthaber.com\/mavikadin\/wp-content\/uploads\/haber-gorselleri-fotoshop-4-5.jpg 1600w\" sizes=\"(max-width: 1208px) 100vw, 1208px\" \/><\/p>\n<hr \/>\n<p>Columbia \u00dcniversitesi\u2019nde profes\u00f6r olarak uzun y\u0131llar ders verdi ve kalp cerrahisi alan\u0131nda \u00f6nemli operasyonlar ger\u00e7ekle\u015ftirdi. \u00d6z, Amerikan vatanda\u015fl\u0131\u011f\u0131na sahip olmas\u0131na ra\u011fmen, T\u00fcrkiye ile ba\u011flar\u0131n\u0131 hi\u00e7bir zaman koparmad\u0131.<\/p>\n<p><img loading=\"lazy\" decoding=\"async\" class=\"alignnone wp-image-156906\" src=\"https:\/\/www.tgrthaber.com\/mavikadin\/wp-content\/uploads\/haber-gorselleri-fotoshop-5-4-1024x576.jpg\" alt=\"Mehmet \u00d6z kimdir? Mehmet \u00d6z neden T\u00fcrkiye de ya\u015fam\u0131yor?\" width=\"1208\" height=\"680\" title=\"\" srcset=\"https:\/\/www.tgrthaber.com\/mavikadin\/wp-content\/uploads\/haber-gorselleri-fotoshop-5-4-1024x576.jpg 1024w, https:\/\/www.tgrthaber.com\/mavikadin\/wp-content\/uploads\/haber-gorselleri-fotoshop-5-4-300x169.jpg 300w, https:\/\/www.tgrthaber.com\/mavikadin\/wp-content\/uploads\/haber-gorselleri-fotoshop-5-4-768x432.jpg 768w, https:\/\/www.tgrthaber.com\/mavikadin\/wp-content\/uploads\/haber-gorselleri-fotoshop-5-4-1536x864.jpg 1536w, https:\/\/www.tgrthaber.com\/mavikadin\/wp-content\/uploads\/haber-gorselleri-fotoshop-5-4.jpg 1600w\" sizes=\"(max-width: 1208px) 100vw, 1208px\" \/><\/p>\n<hr \/>\n<p>Zaman zaman T\u00fcrkiye\u2019yi ziyaret etti, sa\u011fl\u0131k alan\u0131ndaki geli\u015fmeler hakk\u0131nda konu\u015fmalar yapt\u0131 ve T\u00fcrk halk\u0131na hitap eden projelerde yer ald\u0131. \u00a0G\u00fcn\u00fcm\u00fczde ise sa\u011fl\u0131k alan\u0131ndaki \u00e7al\u0131\u015fmalar\u0131na devam ediyor. TV program\u0131 sona ermi\u015f olsa da sosyal medya \u00fczerinden sa\u011fl\u0131kla ilgili payla\u015f\u0131mlar yapmay\u0131 s\u00fcrd\u00fcr\u00fcyor.<\/p>\n","protected":false},"excerpt":{"rendered":"<p>Mehmet \u00d6z hem ABD\u2019de hem de T\u00fcrkiye\u2019de tan\u0131nan bir isim olmaya devam ediyor. T\u00fcrkiye\u2019de ya\u015famamas\u0131 baz\u0131 hayranlar\u0131n\u0131 \u00fcz\u00fcyor olsa da k\u00f6klerine olan ba\u011fl\u0131l\u0131\u011f\u0131 ve sa\u011fl\u0131k alan\u0131ndaki \u00e7al\u0131\u015fmalar\u0131 sayesinde her iki \u00fclke taraf\u0131ndan da ilgiyle takip ediliyor. Ancak bir\u00e7ok ki\u015fi, onun neden T\u00fcrkiye\u2019de ya\u015famad\u0131\u011f\u0131n\u0131 ve kariyerini neden ABD\u2019de s\u00fcrd\u00fcrd\u00fc\u011f\u00fcn\u00fc merak ediyor. Sizin i\u00e7in bu sorular\u0131n cevaplar\u0131n\u0131 ara\u015ft\u0131rd\u0131k. <\/p>\n","protected":false},"author":34,"featured_media":156909,"comment_status":"closed","ping_status":"closed","sticky":false,"template":"","format":"standard","meta":{"rank_math_lock_modified_date":false,"footnotes":""},"categories":[491],"tags":[16521,16660,16659,16662,16661,16663],"class_list":["post-156895","post","type-post","status-publish","format-standard","has-post-thumbnail","hentry","category-biyografi","tag-biyografi-haberleri","tag-doktor-mehmet-oz","tag-mehmet-oz","tag-mehmet-oz-abd","tag-mehmet-oz-biyografi","tag-mehmet-oz-turkiye"],"_links":{"self":[{"href":"https:\/\/www.tgrthaber.com\/mavikadin\/wp-json\/wp\/v2\/posts\/156895"}],"collection":[{"href":"https:\/\/www.tgrthaber.com\/mavikadin\/wp-json\/wp\/v2\/posts"}],"about":[{"href":"https:\/\/www.tgrthaber.com\/mavikadin\/wp-json\/wp\/v2\/types\/post"}],"author":[{"embeddable":true,"href":"https:\/\/www.tgrthaber.com\/mavikadin\/wp-json\/wp\/v2\/users\/34"}],"replies":[{"embeddable":true,"href":"https:\/\/www.tgrthaber.com\/mavikadin\/wp-json\/wp\/v2\/comments?post=156895"}],"version-history":[{"count":2,"href":"https:\/\/www.tgrthaber.com\/mavikadin\/wp-json\/wp\/v2\/posts\/156895\/revisions"}],"predecessor-version":[{"id":156913,"href":"https:\/\/www.tgrthaber.com\/mavikadin\/wp-json\/wp\/v2\/posts\/156895\/revisions\/156913"}],"wp:featuredmedia":[{"embeddable":true,"href":"https:\/\/www.tgrthaber.com\/mavikadin\/wp-json\/wp\/v2\/media\/156909"}],"wp:attachment":[{"href":"https:\/\/www.tgrthaber.com\/mavikadin\/wp-json\/wp\/v2\/media?parent=156895"}],"wp:term":[{"taxonomy":"category","embeddable":true,"href":"https:\/\/www.tgrthaber.com\/mavikadin\/wp-json\/wp\/v2\/categories?post=156895"},{"taxonomy":"post_tag","embeddable":true,"href":"https:\/\/www.tgrthaber.com\/mavikadin\/wp-json\/wp\/v2\/tags?post=156895"}],"curies":[{"name":"wp","href":"https:\/\/api.w.org\/{rel}","templated":true}]}}