{"id":156896,"date":"2025-04-04T10:33:34","date_gmt":"2025-04-04T07:33:34","guid":{"rendered":"https:\/\/www.tgrthaber.com\/mavikadin\/?p=156896"},"modified":"2025-04-04T10:36:08","modified_gmt":"2025-04-04T07:36:08","slug":"kismetse-olur-aycan-varis-ve-onur-yuksel-ayrildi-aycan-acti-agzini-yumdu-gozunu","status":"publish","type":"post","link":"https:\/\/www.tgrthaber.com\/mavikadin\/kismetse-olur-aycan-varis-ve-onur-yuksel-ayrildi-aycan-acti-agzini-yumdu-gozunu\/","title":{"rendered":"K\u0131smetse Olur Aycan Var\u0131\u015f ve Onur Y\u00fcksel ayr\u0131ld\u0131! Aycan a\u00e7t\u0131 a\u011fz\u0131n\u0131 yumdu g\u00f6z\u00fcn\u00fc"},"content":{"rendered":"<p>K\u0131smetse Olur&#8217;un pop\u00fcler yar\u0131\u015fmac\u0131lar\u0131 Aycan Var\u0131\u015f ve Onur Y\u00fcksel y\u0131llar sonra bir araya gelerek ni\u015fanlanm\u0131\u015ft\u0131. Ancak \u00e7iftin mutlulu\u011fu \u00e7ok k\u0131sa s\u00fcrd\u00fc ve Aycan Var\u0131\u015f&#8217;tan ayr\u0131l\u0131k haberi geldi. Bu olay sosyal medyada da ilgi uyand\u0131rd\u0131.<\/p>\n<h3>KISMETSE OLUR AYCAN VARI\u015e VE ONUR Y\u00dcKSEL AYRILDI!<\/h3>\n<p>Kanal D&#8217;de bir d\u00f6neme damgas\u0131n\u0131 vuran K\u0131smetse Olur yar\u0131\u015fmas\u0131ndaki pop\u00fcler \u00e7ift Aycan Var\u0131\u015f ile Onur Y\u00fcksel y\u0131llar sonra ni\u015fanlanm\u0131\u015ft\u0131. Mutluluklar\u0131 k\u0131sa s\u00fcren \u00e7iftten ayr\u0131l\u0131k haberi geldi. Aycan Var\u0131\u015f g\u00f6zya\u015flar\u0131yla k\u00f6t\u00fc haberi takip\u00e7ileriyle payla\u015ft\u0131.<\/p>\n<div style=\"width: 640px;\" class=\"wp-video\"><!--[if lt IE 9]><script>document.createElement('video');<\/script><![endif]-->\n<video class=\"wp-video-shortcode\" id=\"video-156896-1\" width=\"640\" height=\"1138\" preload=\"metadata\" controls=\"controls\"><source type=\"video\/mp4\" src=\"https:\/\/www.tgrthaber.com\/mavikadin\/wp-content\/uploads\/Aycan-Varis.mp4?_=1\" \/><a href=\"https:\/\/www.tgrthaber.com\/mavikadin\/wp-content\/uploads\/Aycan-Varis.mp4\">https:\/\/www.tgrthaber.com\/mavikadin\/wp-content\/uploads\/Aycan-Varis.mp4<\/a><\/video><\/div>\n<hr \/>\n<p>2015-2017 y\u0131llar\u0131 aras\u0131nda yay\u0131nlanan izdiva\u00e7 program\u0131 &#8216;K\u0131smetse Olur&#8217;un yar\u0131\u015fmac\u0131lar\u0131 Aycan Var\u0131\u015f ve Onur Y\u00fcksel&#8217;in bir darg\u0131n bir bar\u0131\u015f\u0131k ili\u015fkisi dikkatle takip ediliyordu.<\/p>\n<p>Y\u0131llar sonra bir araya gelen \u00e7ift k\u0131sa s\u00fcre \u00f6nce ni\u015fan yapm\u0131\u015ft\u0131.<\/p>\n<h3>AYCAN VARI\u015e BAMBA\u015eKA B\u0130R\u0130 OLDU<\/h3>\n<p>Sosyal medyada fenomen olan Aycan Var\u0131\u015f ge\u00e7irdi\u011fi operasyonlarla adeta bamba\u015fka biri oldu.<\/p>\n<p><img loading=\"lazy\" decoding=\"async\" class=\"alignnone size-full wp-image-156898\" src=\"https:\/\/www.tgrthaber.com\/mavikadin\/wp-content\/uploads\/Aycan-Varis-2.png\" alt=\"\" width=\"1208\" height=\"680\" title=\"\" srcset=\"https:\/\/www.tgrthaber.com\/mavikadin\/wp-content\/uploads\/Aycan-Varis-2.png 1208w, https:\/\/www.tgrthaber.com\/mavikadin\/wp-content\/uploads\/Aycan-Varis-2-300x169.png 300w, https:\/\/www.tgrthaber.com\/mavikadin\/wp-content\/uploads\/Aycan-Varis-2-1024x576.png 1024w, https:\/\/www.tgrthaber.com\/mavikadin\/wp-content\/uploads\/Aycan-Varis-2-768x432.png 768w\" sizes=\"(max-width: 1208px) 100vw, 1208px\" \/><\/p>\n<hr \/>\n<h3>YILLAR SONRA N\u0130\u015eAN YAPTILAR<\/h3>\n<p>Program\u0131n sevilen yar\u0131\u015fmac\u0131lar\u0131 y\u0131llar sonra yeniden bir araya gelerek evlenme yolunda ilk ad\u0131m\u0131 att\u0131. Aycan Var\u0131\u015f ile Onur Y\u00fcksel, y\u0131llar sonra bir araya gelerek ni\u015fanland\u0131.<\/p>\n<p><img loading=\"lazy\" decoding=\"async\" class=\"alignnone size-full wp-image-156899\" src=\"https:\/\/www.tgrthaber.com\/mavikadin\/wp-content\/uploads\/Aycan-Varis-6.png\" alt=\"\" width=\"1208\" height=\"680\" title=\"\" srcset=\"https:\/\/www.tgrthaber.com\/mavikadin\/wp-content\/uploads\/Aycan-Varis-6.png 1208w, https:\/\/www.tgrthaber.com\/mavikadin\/wp-content\/uploads\/Aycan-Varis-6-300x169.png 300w, https:\/\/www.tgrthaber.com\/mavikadin\/wp-content\/uploads\/Aycan-Varis-6-1024x576.png 1024w, https:\/\/www.tgrthaber.com\/mavikadin\/wp-content\/uploads\/Aycan-Varis-6-768x432.png 768w\" sizes=\"(max-width: 1208px) 100vw, 1208px\" \/><\/p>\n<hr \/>\n<h3>AYRILIK HABER\u0130N\u0130 AYCAN DUYURDU<\/h3>\n<p>Mutlulu\u011fu k\u0131sa s\u00fcren \u00e7iftten Aycan Var\u0131\u015f sosyal medya hesab\u0131ndan yay\u0131nlad\u0131\u011f\u0131 videoda g\u00f6zya\u015flar\u0131 i\u00e7inde ayr\u0131ld\u0131\u011f\u0131n\u0131 duyurdu.<\/p>\n<p><img loading=\"lazy\" decoding=\"async\" class=\"alignnone size-full wp-image-156900\" src=\"https:\/\/www.tgrthaber.com\/mavikadin\/wp-content\/uploads\/Aycan-Varis-5.png\" alt=\"\" width=\"1208\" height=\"680\" title=\"\" srcset=\"https:\/\/www.tgrthaber.com\/mavikadin\/wp-content\/uploads\/Aycan-Varis-5.png 1208w, https:\/\/www.tgrthaber.com\/mavikadin\/wp-content\/uploads\/Aycan-Varis-5-300x169.png 300w, https:\/\/www.tgrthaber.com\/mavikadin\/wp-content\/uploads\/Aycan-Varis-5-1024x576.png 1024w, https:\/\/www.tgrthaber.com\/mavikadin\/wp-content\/uploads\/Aycan-Varis-5-768x432.png 768w\" sizes=\"(max-width: 1208px) 100vw, 1208px\" \/><\/p>\n<hr \/>\n<p>Var\u0131\u015f, \u015fu ifadeleri kulland\u0131: &#8220;Herkesin bir sab\u0131r e\u015fi\u011fi vard\u0131r. Benimki bitti. \u00c7\u00fcnk\u00fc ben b\u00f6yle bir kad\u0131n de\u011filim. Ben enerjik, mutlu bir kad\u0131n\u0131m. Bu kez neler oldu\u011funu ben anlatmayaca\u011f\u0131m Onur anlats\u0131n. Anlatabilirse&#8230; Ben art\u0131k ger\u00e7ekten toparlay\u0131c\u0131 olmaktan, bir \u015feyleri d\u00fczenlemekten, gelece\u011fi in\u015fa etmeye \u00e7al\u0131\u015fmaktan yorgunum. Birka\u00e7 g\u00fcn story atmak istemiyorum. Biraz psikolojimi toplamak istiyorum. Ben toparlan\u0131r\u0131m merak etmeyin. Bunu y\u0131kmaya da niyetim yok ama sadece kendisi anlats\u0131n. Bana biraz dokunmay\u0131n olur mu?&#8221;<\/p>\n<p><img loading=\"lazy\" decoding=\"async\" class=\"alignnone size-full wp-image-156901\" src=\"https:\/\/www.tgrthaber.com\/mavikadin\/wp-content\/uploads\/Aycan-Varis-3.png\" alt=\"\" width=\"1208\" height=\"680\" title=\"\" srcset=\"https:\/\/www.tgrthaber.com\/mavikadin\/wp-content\/uploads\/Aycan-Varis-3.png 1208w, https:\/\/www.tgrthaber.com\/mavikadin\/wp-content\/uploads\/Aycan-Varis-3-300x169.png 300w, https:\/\/www.tgrthaber.com\/mavikadin\/wp-content\/uploads\/Aycan-Varis-3-1024x576.png 1024w, https:\/\/www.tgrthaber.com\/mavikadin\/wp-content\/uploads\/Aycan-Varis-3-768x432.png 768w\" sizes=\"(max-width: 1208px) 100vw, 1208px\" \/><\/p>\n<hr \/>\n<p>Fenomen isim Aycan Var\u0131\u015f sonras\u0131 g\u00f6zler Onur Y\u00fcksel\u2019e \u00e7evrildi. Y\u00fcksel hi\u00e7bir a\u00e7\u0131klama yapmadan Aycan ile olan karelerini sosyal medya hesab\u0131ndan kald\u0131rd\u0131.<\/p>\n","protected":false},"excerpt":{"rendered":"<p>K\u0131smetse Olur Aycan Var\u0131\u015f ve Onur Y\u00fcksel ili\u015fkisinde mutluluk k\u0131sa s\u00fcrd\u00fc. Bir d\u00f6neme damga vuran K\u0131smetse Olur\u2019un pop\u00fcler yar\u0131\u015fmac\u0131lar\u0131ndan evlilik haberi bekleniyordu.<\/p>\n","protected":false},"author":5,"featured_media":156902,"comment_status":"closed","ping_status":"closed","sticky":false,"template":"","format":"standard","meta":{"rank_math_lock_modified_date":false,"footnotes":""},"categories":[76],"tags":[12201,2814,133,12200],"class_list":["post-156896","post","type-post","status-publish","format-standard","has-post-thumbnail","hentry","category-magazin","tag-aycan-varis","tag-kismetse-olur","tag-magazin","tag-onur-yuksel"],"_links":{"self":[{"href":"https:\/\/www.tgrthaber.com\/mavikadin\/wp-json\/wp\/v2\/posts\/156896"}],"collection":[{"href":"https:\/\/www.tgrthaber.com\/mavikadin\/wp-json\/wp\/v2\/posts"}],"about":[{"href":"https:\/\/www.tgrthaber.com\/mavikadin\/wp-json\/wp\/v2\/types\/post"}],"author":[{"embeddable":true,"href":"https:\/\/www.tgrthaber.com\/mavikadin\/wp-json\/wp\/v2\/users\/5"}],"replies":[{"embeddable":true,"href":"https:\/\/www.tgrthaber.com\/mavikadin\/wp-json\/wp\/v2\/comments?post=156896"}],"version-history":[{"count":2,"href":"https:\/\/www.tgrthaber.com\/mavikadin\/wp-json\/wp\/v2\/posts\/156896\/revisions"}],"predecessor-version":[{"id":156904,"href":"https:\/\/www.tgrthaber.com\/mavikadin\/wp-json\/wp\/v2\/posts\/156896\/revisions\/156904"}],"wp:featuredmedia":[{"embeddable":true,"href":"https:\/\/www.tgrthaber.com\/mavikadin\/wp-json\/wp\/v2\/media\/156902"}],"wp:attachment":[{"href":"https:\/\/www.tgrthaber.com\/mavikadin\/wp-json\/wp\/v2\/media?parent=156896"}],"wp:term":[{"taxonomy":"category","embeddable":true,"href":"https:\/\/www.tgrthaber.com\/mavikadin\/wp-json\/wp\/v2\/categories?post=156896"},{"taxonomy":"post_tag","embeddable":true,"href":"https:\/\/www.tgrthaber.com\/mavikadin\/wp-json\/wp\/v2\/tags?post=156896"}],"curies":[{"name":"wp","href":"https:\/\/api.w.org\/{rel}","templated":true}]}}