{"id":157011,"date":"2025-04-04T14:24:05","date_gmt":"2025-04-04T11:24:05","guid":{"rendered":"https:\/\/www.tgrthaber.com\/mavikadin\/?p=157011"},"modified":"2025-04-04T14:24:05","modified_gmt":"2025-04-04T11:24:05","slug":"gokhan-kirdarin-esi-aylin-beyazli-kirdar-kimdir-aylin-beyazli-kirdar-meslegi-ne-kac-yasinda","status":"publish","type":"post","link":"https:\/\/www.tgrthaber.com\/mavikadin\/gokhan-kirdarin-esi-aylin-beyazli-kirdar-kimdir-aylin-beyazli-kirdar-meslegi-ne-kac-yasinda\/","title":{"rendered":"G\u00f6khan K\u0131rdar&#8217;\u0131n e\u015fi Aylin Beyazl\u0131 K\u0131rdar kimdir? Aylin Beyazl\u0131 K\u0131rdar mesle\u011fi ne ka\u00e7 ya\u015f\u0131nda?"},"content":{"rendered":"<p>M\u00fczi\u011fin ba\u015far\u0131l\u0131 isimlerinden G\u00f6khan K\u0131rdar, kariyeri boyunca bir\u00e7ok hit \u015fark\u0131ya ve dizi m\u00fczi\u011fine imza atarak geni\u015f bir hayran kitlesine ula\u015ft\u0131. Ancak sanat\u00e7\u0131n\u0131n \u00f6zel hayat\u0131 da en az m\u00fczi\u011fi kadar merak ediliyor. \u00d6zellikle de uzun y\u0131llard\u0131r hayat\u0131n\u0131 payla\u015ft\u0131\u011f\u0131 e\u015fi Aylin Beyazl\u0131 K\u0131rdar merak edilen isimlerden biri oluyor. Peki, G\u00f6khan K\u0131rdar&#8217;\u0131n e\u015fi Aylin Beyazl\u0131 K\u0131rdar kimdir? Aylin Beyazl\u0131 K\u0131rdar mesle\u011fi ne ka\u00e7 ya\u015f\u0131nda? sorular\u0131n\u0131 sizler i\u00e7in ara\u015ft\u0131rd\u0131k. Detaylar haberimizde&#8230;<\/p>\n<h3>G\u00d6KHAN KIRDAR&#8217;IN E\u015e\u0130 AYL\u0130N BEYAZLI KIRDAR K\u0130MD\u0130R?<\/h3>\n<p>Aylin Beyazl\u0131 K\u0131rdar, \u0130zmir\u2019in Kar\u015f\u0131yaka il\u00e7esinde d\u00fcnyaya geldi. E\u011fitim hayat\u0131n\u0131 Dokuz Eyl\u00fcl \u00dcniversitesi\u2019nde tamamlad\u0131. \u00dcniversite y\u0131llar\u0131nda sanata ve sinemaya b\u00fcy\u00fck bir ilgi duymaya ba\u015flad\u0131. Bu s\u00fcre\u00e7te \u00e7e\u015fitli projelerde yer ald\u0131 ve yeteneklerini ke\u015ffetme f\u0131rsat\u0131 buldu. 2000 y\u0131l\u0131nda, \u201cVe Yolculuk Daha Bitmedi\u201d adl\u0131 k\u0131sa filmiyle \u0130zmir K\u0131sa Film G\u00fcnleri\u2019ne kat\u0131larak sanat d\u00fcnyas\u0131na ilk ad\u0131m\u0131n\u0131 att\u0131.<\/p>\n<p><img loading=\"lazy\" decoding=\"async\" class=\"alignnone wp-image-157032\" src=\"https:\/\/www.tgrthaber.com\/mavikadin\/wp-content\/uploads\/haber-gorselleri-fotoshop-22-4-1024x576.jpg\" alt=\"G\u00f6khan K\u0131rdar&#039;\u0131n e\u015fi Aylin Beyazl\u0131 K\u0131rdar kimdir? Aylin Beyazl\u0131 K\u0131rdar mesle\u011fi ne ka\u00e7 ya\u015f\u0131nda?\" width=\"1208\" height=\"680\" title=\"\" srcset=\"https:\/\/www.tgrthaber.com\/mavikadin\/wp-content\/uploads\/haber-gorselleri-fotoshop-22-4-1024x576.jpg 1024w, https:\/\/www.tgrthaber.com\/mavikadin\/wp-content\/uploads\/haber-gorselleri-fotoshop-22-4-300x169.jpg 300w, https:\/\/www.tgrthaber.com\/mavikadin\/wp-content\/uploads\/haber-gorselleri-fotoshop-22-4-768x432.jpg 768w, https:\/\/www.tgrthaber.com\/mavikadin\/wp-content\/uploads\/haber-gorselleri-fotoshop-22-4-1536x864.jpg 1536w, https:\/\/www.tgrthaber.com\/mavikadin\/wp-content\/uploads\/haber-gorselleri-fotoshop-22-4.jpg 1600w\" sizes=\"(max-width: 1208px) 100vw, 1208px\" \/><\/p>\n<hr \/>\n<p>G\u00f6khan K\u0131rdar ve Aylin Beyazl\u0131 K\u0131rdar, 2005 y\u0131l\u0131nda d\u00fcnyaevine girdi. Uzun y\u0131llard\u0131r mutlu bir evlilik s\u00fcrd\u00fcren \u00e7ift, sanat ve m\u00fczikle i\u00e7 i\u00e7e bir ya\u015fam kurdu. 2006 y\u0131l\u0131nda ise k\u0131zlar\u0131 Nisan d\u00fcnyaya geldi. Aile hayat\u0131n\u0131 g\u00f6zlerden uzak tutmay\u0131 tercih eden \u00e7ift, \u00f6zel ya\u015famlar\u0131n\u0131 medyan\u0131n ilgisinden uzak bir \u015fekilde s\u00fcrd\u00fcr\u00fcyor.<\/p>\n<h3><img loading=\"lazy\" decoding=\"async\" class=\"alignnone wp-image-157031\" src=\"https:\/\/www.tgrthaber.com\/mavikadin\/wp-content\/uploads\/haber-gorselleri-fotoshop-23-4-1024x576.jpg\" alt=\"G\u00f6khan K\u0131rdar&#039;\u0131n e\u015fi Aylin Beyazl\u0131 K\u0131rdar kimdir? Aylin Beyazl\u0131 K\u0131rdar mesle\u011fi ne ka\u00e7 ya\u015f\u0131nda?\" width=\"1208\" height=\"680\" title=\"\" srcset=\"https:\/\/www.tgrthaber.com\/mavikadin\/wp-content\/uploads\/haber-gorselleri-fotoshop-23-4-1024x576.jpg 1024w, https:\/\/www.tgrthaber.com\/mavikadin\/wp-content\/uploads\/haber-gorselleri-fotoshop-23-4-300x169.jpg 300w, https:\/\/www.tgrthaber.com\/mavikadin\/wp-content\/uploads\/haber-gorselleri-fotoshop-23-4-768x432.jpg 768w, https:\/\/www.tgrthaber.com\/mavikadin\/wp-content\/uploads\/haber-gorselleri-fotoshop-23-4-1536x864.jpg 1536w, https:\/\/www.tgrthaber.com\/mavikadin\/wp-content\/uploads\/haber-gorselleri-fotoshop-23-4.jpg 1600w\" sizes=\"(max-width: 1208px) 100vw, 1208px\" \/><\/h3>\n<hr \/>\n<h3>AYL\u0130N BEYAZLI KIRDAR MESLE\u011e\u0130 NE?<\/h3>\n<p>Aylin Beyazl\u0131 K\u0131rdar, sanat\u0131n farkl\u0131 dallar\u0131yla ilgilenen bir isim. \u00d6zellikle sinema alan\u0131nda \u00e7al\u0131\u015fmalar yapm\u0131\u015f ve k\u0131sa film projeleri \u00fcretmi\u015ftir. \u00dcniversite y\u0131llar\u0131nda kat\u0131ld\u0131\u011f\u0131 k\u0131sa film festivaliyle ba\u015flayan bu ser\u00fcven, ilerleyen y\u0131llarda da \u00e7e\u015fitli projelerle devam etti.<\/p>\n<p><img loading=\"lazy\" decoding=\"async\" class=\"alignnone wp-image-157030\" src=\"https:\/\/www.tgrthaber.com\/mavikadin\/wp-content\/uploads\/haber-gorselleri-fotoshop-24-4-1024x576.jpg\" alt=\"G\u00f6khan K\u0131rdar&#039;\u0131n e\u015fi Aylin Beyazl\u0131 K\u0131rdar kimdir? Aylin Beyazl\u0131 K\u0131rdar mesle\u011fi ne ka\u00e7 ya\u015f\u0131nda?\" width=\"1208\" height=\"680\" title=\"\" srcset=\"https:\/\/www.tgrthaber.com\/mavikadin\/wp-content\/uploads\/haber-gorselleri-fotoshop-24-4-1024x576.jpg 1024w, https:\/\/www.tgrthaber.com\/mavikadin\/wp-content\/uploads\/haber-gorselleri-fotoshop-24-4-300x169.jpg 300w, https:\/\/www.tgrthaber.com\/mavikadin\/wp-content\/uploads\/haber-gorselleri-fotoshop-24-4-768x432.jpg 768w, https:\/\/www.tgrthaber.com\/mavikadin\/wp-content\/uploads\/haber-gorselleri-fotoshop-24-4-1536x864.jpg 1536w, https:\/\/www.tgrthaber.com\/mavikadin\/wp-content\/uploads\/haber-gorselleri-fotoshop-24-4.jpg 1600w\" sizes=\"(max-width: 1208px) 100vw, 1208px\" \/><\/p>\n<hr \/>\n<p>Ayn\u0131 zamanda G\u00f6khan K\u0131rdar\u2019\u0131n sanatsal projelerinde de etkin bir rol oynayan Aylin Beyazl\u0131 K\u0131rdar, zaman zaman organizasyon ve proje y\u00f6netimi alanlar\u0131nda da \u00e7al\u0131\u015ft\u0131. Ancak kendisi, \u00f6zel hayat\u0131n\u0131 ve mesleki projelerini bas\u0131ndan uzak tutmay\u0131 tercih eden bir isim olarak biliniyor.<\/p>\n<h3><img loading=\"lazy\" decoding=\"async\" class=\"alignnone wp-image-157033\" src=\"https:\/\/www.tgrthaber.com\/mavikadin\/wp-content\/uploads\/haber-gorselleri-fotoshop-21-4-1024x576.jpg\" alt=\"G\u00f6khan K\u0131rdar&#039;\u0131n e\u015fi Aylin Beyazl\u0131 K\u0131rdar kimdir? Aylin Beyazl\u0131 K\u0131rdar mesle\u011fi ne ka\u00e7 ya\u015f\u0131nda?\" width=\"1208\" height=\"680\" title=\"\" srcset=\"https:\/\/www.tgrthaber.com\/mavikadin\/wp-content\/uploads\/haber-gorselleri-fotoshop-21-4-1024x576.jpg 1024w, https:\/\/www.tgrthaber.com\/mavikadin\/wp-content\/uploads\/haber-gorselleri-fotoshop-21-4-300x169.jpg 300w, https:\/\/www.tgrthaber.com\/mavikadin\/wp-content\/uploads\/haber-gorselleri-fotoshop-21-4-768x432.jpg 768w, https:\/\/www.tgrthaber.com\/mavikadin\/wp-content\/uploads\/haber-gorselleri-fotoshop-21-4-1536x864.jpg 1536w, https:\/\/www.tgrthaber.com\/mavikadin\/wp-content\/uploads\/haber-gorselleri-fotoshop-21-4.jpg 1600w\" sizes=\"(max-width: 1208px) 100vw, 1208px\" \/><\/h3>\n<hr \/>\n<h3>AYL\u0130N BEYAZLI KIRDAR KA\u00c7 YA\u015eINDA?<\/h3>\n<p>Aylin Beyazl\u0131 K\u0131rdar\u2019\u0131n do\u011fum tarihi ve ya\u015f\u0131 hakk\u0131nda kamuya a\u00e7\u0131k bir bilgi bulunmamaktad\u0131r. Medyada yer alan bilgilere g\u00f6re, uzun y\u0131llard\u0131r sanat ve medya sekt\u00f6r\u00fcne yak\u0131n bir isim olan K\u0131rdar, ya\u015f\u0131n\u0131 ve \u00f6zel bilgilerini payla\u015fmamay\u0131 tercih eden isimlerden biri oluyor.<\/p>\n","protected":false},"excerpt":{"rendered":"<p>Aylin Beyazl\u0131 K\u0131rdar, sadece G\u00f6khan K\u0131rdar\u2019\u0131n e\u015fi olarak de\u011fil, ayn\u0131 zamanda sanat ve sinema d\u00fcnyas\u0131na ilgisi olan bir isim olarak da dikkat \u00e7ekiyor. Sanatla i\u00e7 i\u00e7e bir ya\u015fam s\u00fcren K\u0131rdar, m\u00fczi\u011fe ve sinemaya olan ilgisini e\u015fiyle birlikte s\u00fcrd\u00fcrmeye devam ediyor. <\/p>\n","protected":false},"author":34,"featured_media":157033,"comment_status":"closed","ping_status":"closed","sticky":false,"template":"","format":"standard","meta":{"rank_math_lock_modified_date":false,"footnotes":""},"categories":[491],"tags":[16685,16686,16687,16521,2978],"class_list":["post-157011","post","type-post","status-publish","format-standard","has-post-thumbnail","hentry","category-biyografi","tag-aylin-beyazli-kirdar","tag-aylin-beyazli-kirdar-kimdir","tag-aylin-beyazli-kirdar-meslegi","tag-biyografi-haberleri","tag-gokhan-kirdar"],"_links":{"self":[{"href":"https:\/\/www.tgrthaber.com\/mavikadin\/wp-json\/wp\/v2\/posts\/157011"}],"collection":[{"href":"https:\/\/www.tgrthaber.com\/mavikadin\/wp-json\/wp\/v2\/posts"}],"about":[{"href":"https:\/\/www.tgrthaber.com\/mavikadin\/wp-json\/wp\/v2\/types\/post"}],"author":[{"embeddable":true,"href":"https:\/\/www.tgrthaber.com\/mavikadin\/wp-json\/wp\/v2\/users\/34"}],"replies":[{"embeddable":true,"href":"https:\/\/www.tgrthaber.com\/mavikadin\/wp-json\/wp\/v2\/comments?post=157011"}],"version-history":[{"count":1,"href":"https:\/\/www.tgrthaber.com\/mavikadin\/wp-json\/wp\/v2\/posts\/157011\/revisions"}],"predecessor-version":[{"id":157034,"href":"https:\/\/www.tgrthaber.com\/mavikadin\/wp-json\/wp\/v2\/posts\/157011\/revisions\/157034"}],"wp:featuredmedia":[{"embeddable":true,"href":"https:\/\/www.tgrthaber.com\/mavikadin\/wp-json\/wp\/v2\/media\/157033"}],"wp:attachment":[{"href":"https:\/\/www.tgrthaber.com\/mavikadin\/wp-json\/wp\/v2\/media?parent=157011"}],"wp:term":[{"taxonomy":"category","embeddable":true,"href":"https:\/\/www.tgrthaber.com\/mavikadin\/wp-json\/wp\/v2\/categories?post=157011"},{"taxonomy":"post_tag","embeddable":true,"href":"https:\/\/www.tgrthaber.com\/mavikadin\/wp-json\/wp\/v2\/tags?post=157011"}],"curies":[{"name":"wp","href":"https:\/\/api.w.org\/{rel}","templated":true}]}}