{"id":157066,"date":"2025-04-04T15:23:37","date_gmt":"2025-04-04T12:23:37","guid":{"rendered":"https:\/\/www.tgrthaber.com\/mavikadin\/?p=157066"},"modified":"2025-04-04T15:23:36","modified_gmt":"2025-04-04T12:23:36","slug":"taylan-meydan-kimdir-kac-yasinda-taylan-meydan-kiminle-evli","status":"publish","type":"post","link":"https:\/\/www.tgrthaber.com\/mavikadin\/taylan-meydan-kimdir-kac-yasinda-taylan-meydan-kiminle-evli\/","title":{"rendered":"Taylan Meydan kimdir, ka\u00e7 ya\u015f\u0131nda? Taylan Meydan kiminle evli?"},"content":{"rendered":"<p>Taylan Meydan, 1997 do\u011fumlu ve \u0130stanbul \u00dcniversitesi Devlet Konservatuvar\u0131 Tiyatro B\u00f6l\u00fcm\u00fc mezunu olan gen\u00e7 ve yetenekli bir oyuncudur. Kariyerine tiyatro sahnelerinde ba\u015flayan Meydan, k\u0131sa s\u00fcrede televizyon projelerinde de kendine yer bulmu\u015f ve ad\u0131n\u0131 geni\u015f bir izleyici kitlesine duyurmu\u015ftur. Meydan, sahne deneyimi ve do\u011fal oyunculu\u011fuyla dikkatleri \u00fczerine \u00e7ekiyor.<\/p>\n<h3>TAYLEN MEYDAN K\u0130MD\u0130R?<\/h3>\n<p>Taylan Meydan, televizyon d\u00fcnyas\u0131nda ilk kez 2019 y\u0131l\u0131nda Canevim dizisiyle g\u00f6r\u00fcnmeye ba\u015flad\u0131. Bu projedeki performans\u0131, oyunculuk yetene\u011fini sergileyen ilk \u00f6nemli \u00e7\u0131k\u0131\u015f\u0131yd\u0131. Ard\u0131ndan, Hi\u00e7 (2021) ve Kazara A\u015fk (2021) gibi projelerde de ba\u015far\u0131l\u0131 performanslar sergileyen Meydan, her ge\u00e7en y\u0131l kendini daha da geli\u015ftirdi. 2022 y\u0131l\u0131nda Kara Tahta adl\u0131 dizideki rol\u00fcyle b\u00fcy\u00fck bir \u00e7\u0131k\u0131\u015f yakalad\u0131. Bu diziyle izleyicilerin g\u00f6zdesi haline geldi ve yetene\u011fiyle pek \u00e7ok ele\u015ftirmen taraf\u0131ndan \u00f6vg\u00fc ald\u0131. 2023 yap\u0131m\u0131 Dokuz O\u011fuz adl\u0131 projede de yer ald\u0131.<\/p>\n<p>Meydan, televizyon projelerinin yan\u0131 s\u0131ra, 2024 yap\u0131m\u0131 Zaferin Rengi filminde de rol alarak sinema d\u00fcnyas\u0131nda da ad\u0131n\u0131 duyurmay\u0131 ba\u015fard\u0131.<\/p>\n<p><img loading=\"lazy\" decoding=\"async\" class=\"alignnone wp-image-157058\" src=\"https:\/\/www.tgrthaber.com\/mavikadin\/wp-content\/uploads\/4-515.png\" alt=\"\" width=\"1208\" height=\"680\" title=\"\" srcset=\"https:\/\/www.tgrthaber.com\/mavikadin\/wp-content\/uploads\/4-515.png 1280w, https:\/\/www.tgrthaber.com\/mavikadin\/wp-content\/uploads\/4-515-300x169.png 300w, https:\/\/www.tgrthaber.com\/mavikadin\/wp-content\/uploads\/4-515-1024x576.png 1024w, https:\/\/www.tgrthaber.com\/mavikadin\/wp-content\/uploads\/4-515-768x432.png 768w\" sizes=\"(max-width: 1208px) 100vw, 1208px\" \/><\/p>\n<hr \/>\n<h3>TAYLEN MEYDAN \u0130NC\u0130 TANELER\u0130&#8217;NDE<\/h3>\n<p>Taylan Meydan, son olarak Kanal D\u2019nin sevilen dizisi \u0130nci Taneleri kadrosuna kat\u0131ld\u0131. Y\u0131lmaz Erdo\u011fan ve Simge Sel\u00e7uk\u2019un karakterleri Azem ve Candan\u2019\u0131n evlilik d\u0131\u015f\u0131 \u00e7ocu\u011fu olan Ferda karakteriyle diziye dahil olan Taylan Meydan, bu karakterle \u00f6nemli bir rol \u00fcstlenecek. Ferda, dizinin hikayesinde \u00f6nemli bir yere sahip ve Taylan Meydan\u2019\u0131n performans\u0131, izleyiciler taraf\u0131ndan merakla bekleniyor. Taylan Meydan\u2019\u0131n Ferda karakteriyle \u0130nci Taneleri\u2019nin heyecan dolu final b\u00f6l\u00fcmlerine katk\u0131 sa\u011flamas\u0131 bekleniyor.<\/p>\n<p><img loading=\"lazy\" decoding=\"async\" class=\"alignnone wp-image-157074\" src=\"https:\/\/www.tgrthaber.com\/mavikadin\/wp-content\/uploads\/4-516.png\" alt=\"\" width=\"1208\" height=\"680\" title=\"\" srcset=\"https:\/\/www.tgrthaber.com\/mavikadin\/wp-content\/uploads\/4-516.png 1280w, https:\/\/www.tgrthaber.com\/mavikadin\/wp-content\/uploads\/4-516-300x169.png 300w, https:\/\/www.tgrthaber.com\/mavikadin\/wp-content\/uploads\/4-516-1024x576.png 1024w, https:\/\/www.tgrthaber.com\/mavikadin\/wp-content\/uploads\/4-516-768x432.png 768w\" sizes=\"(max-width: 1208px) 100vw, 1208px\" \/><\/p>\n<hr \/>\n<h3>TAYLAN MEYDAN K\u0130M\u0130NLE EVL\u0130?<\/h3>\n<p>Taylan Meydan\u2019\u0131n \u00f6zel hayat\u0131 hakk\u0131nda \u00e7ok fazla bilgi bulunmamakla birlikte, sosyal medya payla\u015f\u0131mlar\u0131 ve r\u00f6portajlar\u0131yla ki\u015fisel hayat\u0131n\u0131 olduk\u00e7a gizli tutmay\u0131 tercih etti\u011fi g\u00f6r\u00fcl\u00fcyor. Evlilik durumu ile ilgili herhangi bir resmi a\u00e7\u0131klama veya do\u011frulama bulunmamaktad\u0131r. Oyuncunun ba\u015fta kariyeri olmak \u00fczere daha \u00e7ok profesyonel ya\u015fant\u0131s\u0131na odakland\u0131\u011f\u0131 d\u00fc\u015f\u00fcn\u00fclmektedir.<\/p>\n","protected":false},"excerpt":{"rendered":"<p>Taylan Meydan, gen\u00e7 ya\u015fta televizyon ve sinema d\u00fcnyas\u0131nda dikkat \u00e7eken bir oyuncudur. Son olarak \u0130nci Taneleri dizisinde Ferda karakteriyle izleyici kar\u015f\u0131s\u0131na \u00e7\u0131kacak. Peki, Taylan Meydan kimdir, kiminle evli? \u0130\u015fte detaylar&#8230;<\/p>\n","protected":false},"author":28,"featured_media":157059,"comment_status":"closed","ping_status":"closed","sticky":false,"template":"","format":"standard","meta":{"rank_math_lock_modified_date":true,"footnotes":""},"categories":[491],"tags":[16692,16694,16693],"class_list":["post-157066","post","type-post","status-publish","format-standard","has-post-thumbnail","hentry","category-biyografi","tag-taylan-meydan","tag-taylan-meydan-kac-yasinda","tag-taylan-meydan-kimdir"],"_links":{"self":[{"href":"https:\/\/www.tgrthaber.com\/mavikadin\/wp-json\/wp\/v2\/posts\/157066"}],"collection":[{"href":"https:\/\/www.tgrthaber.com\/mavikadin\/wp-json\/wp\/v2\/posts"}],"about":[{"href":"https:\/\/www.tgrthaber.com\/mavikadin\/wp-json\/wp\/v2\/types\/post"}],"author":[{"embeddable":true,"href":"https:\/\/www.tgrthaber.com\/mavikadin\/wp-json\/wp\/v2\/users\/28"}],"replies":[{"embeddable":true,"href":"https:\/\/www.tgrthaber.com\/mavikadin\/wp-json\/wp\/v2\/comments?post=157066"}],"version-history":[{"count":2,"href":"https:\/\/www.tgrthaber.com\/mavikadin\/wp-json\/wp\/v2\/posts\/157066\/revisions"}],"predecessor-version":[{"id":157076,"href":"https:\/\/www.tgrthaber.com\/mavikadin\/wp-json\/wp\/v2\/posts\/157066\/revisions\/157076"}],"wp:featuredmedia":[{"embeddable":true,"href":"https:\/\/www.tgrthaber.com\/mavikadin\/wp-json\/wp\/v2\/media\/157059"}],"wp:attachment":[{"href":"https:\/\/www.tgrthaber.com\/mavikadin\/wp-json\/wp\/v2\/media?parent=157066"}],"wp:term":[{"taxonomy":"category","embeddable":true,"href":"https:\/\/www.tgrthaber.com\/mavikadin\/wp-json\/wp\/v2\/categories?post=157066"},{"taxonomy":"post_tag","embeddable":true,"href":"https:\/\/www.tgrthaber.com\/mavikadin\/wp-json\/wp\/v2\/tags?post=157066"}],"curies":[{"name":"wp","href":"https:\/\/api.w.org\/{rel}","templated":true}]}}