{"id":157199,"date":"2025-04-04T18:48:19","date_gmt":"2025-04-04T15:48:19","guid":{"rendered":"https:\/\/www.tgrthaber.com\/mavikadin\/?p=157199"},"modified":"2025-04-11T15:52:46","modified_gmt":"2025-04-11T12:52:46","slug":"survivor-2025-volkan-bilincini-kaybetti-oyun-alaninda-fenalasti-ambulansla-hastaneye-yetistirdiler","status":"publish","type":"post","link":"https:\/\/www.tgrthaber.com\/mavikadin\/survivor-2025-volkan-bilincini-kaybetti-oyun-alaninda-fenalasti-ambulansla-hastaneye-yetistirdiler\/","title":{"rendered":"Survivor 2025 Volkan bilincini kaybetti, oyun alan\u0131nda fenala\u015ft\u0131! Ambulansla hastaneye yeti\u015ftirdiler"},"content":{"rendered":"<p class=\"p1\">Survivor All Star\u2019da bu ak\u015fam izleyiciyi endi\u015felendiren anlar ya\u015fanacak. Yay\u0131nlanan son fragmanda, G\u00f6n\u00fcll\u00fcler tak\u0131m\u0131n\u0131n dikkat \u00e7eken yar\u0131\u015fmac\u0131lar\u0131ndan Volkan \u00c7etinkaya parkurda bir anda yere d\u00fc\u015f\u00fcyor. Ne oldu\u011funu anlayamayan tak\u0131m arkada\u015flar\u0131 panikle yan\u0131na ko\u015farken, sa\u011fl\u0131k ekibi h\u0131zla m\u00fcdahale ediyor. Durumu ciddiye al\u0131nan Volkan, ilk kontrollerin ard\u0131ndan ambulansa al\u0131narak hastaneye sevk ediliyor. Ya\u015fanan bu ani sa\u011fl\u0131k problemi herkesi korkuturken, Volkan\u2019\u0131n sa\u011fl\u0131k durumu hakk\u0131nda hen\u00fcz net bir a\u00e7\u0131klama yap\u0131lm\u0131\u015f de\u011fil. Yeni b\u00f6l\u00fcmde, bu kritik geli\u015fmenin detaylar\u0131 netlik kazanacak.<\/p>\n<h3>SURV\u0130VOR 2025 VOLKAN OYUN ALANINDA FENALA\u015eTI, AMBULANSLA HASTANEYE KALDIRILDI<\/h3>\n<p class=\"p1\">Survivor All Star 2025\u2019in yeni b\u00f6l\u00fcm\u00fc, heyecan dolu parkurda ya\u015fanan sa\u011fl\u0131k kriziyle izleyiciyi ekran ba\u015f\u0131na kilitleyecek. G\u00f6n\u00fcll\u00fcler tak\u0131m\u0131n\u0131n m\u00fccadeleci isimlerinden Volkan \u00c7etinkaya, \u00f6d\u00fcl oyunu s\u0131ras\u0131nda kendini k\u00f6t\u00fc hissedip bir anda yere y\u0131\u011f\u0131ld\u0131. &#8216;Ba\u015f\u0131m d\u00f6n\u00fcyor&#8217; s\u00f6zlerinin ard\u0131ndan bilincini kaybetti\u011fi belirtilen Volkan\u2019a, sa\u011fl\u0131k ekibi an\u0131nda m\u00fcdahalede bulundu.<\/p>\n<p><img loading=\"lazy\" decoding=\"async\" class=\"alignnone wp-image-157201 size-large\" src=\"https:\/\/www.tgrthaber.com\/mavikadin\/wp-content\/uploads\/Ekran-Resmi-2025-04-04-18.36.41-1024x565.png\" alt=\"\" width=\"1024\" height=\"565\" title=\"\" srcset=\"https:\/\/www.tgrthaber.com\/mavikadin\/wp-content\/uploads\/Ekran-Resmi-2025-04-04-18.36.41-1024x565.png 1024w, https:\/\/www.tgrthaber.com\/mavikadin\/wp-content\/uploads\/Ekran-Resmi-2025-04-04-18.36.41-300x166.png 300w, https:\/\/www.tgrthaber.com\/mavikadin\/wp-content\/uploads\/Ekran-Resmi-2025-04-04-18.36.41-768x424.png 768w, https:\/\/www.tgrthaber.com\/mavikadin\/wp-content\/uploads\/Ekran-Resmi-2025-04-04-18.36.41.png 1420w\" sizes=\"(max-width: 1024px) 100vw, 1024px\" \/><\/p>\n<hr \/>\n<p class=\"p1\">Yar\u0131\u015fmac\u0131n\u0131n durumu ciddi g\u00f6r\u00fcl\u00fcnce, ambulansla en yak\u0131n hastaneye sevk edildi. T\u00fcm tak\u0131m endi\u015fe i\u00e7indeyken, Volkan\u2019\u0131n son durumu hen\u00fcz a\u00e7\u0131klanmad\u0131. Volkan hayran\u0131 izleyiciler, bu ak\u015fam yay\u0131nlanacak b\u00f6l\u00fcmde, sa\u011fl\u0131k raporunun ve detaylar\u0131n netlik kazanmas\u0131yla rahat bir nefes alacak.<\/p>\n<p><img loading=\"lazy\" decoding=\"async\" class=\"alignnone wp-image-157202 size-large\" src=\"https:\/\/www.tgrthaber.com\/mavikadin\/wp-content\/uploads\/Ekran-Resmi-2025-04-04-18.36.47-1024x625.png\" alt=\"\" width=\"1024\" height=\"625\" title=\"\" srcset=\"https:\/\/www.tgrthaber.com\/mavikadin\/wp-content\/uploads\/Ekran-Resmi-2025-04-04-18.36.47-1024x625.png 1024w, https:\/\/www.tgrthaber.com\/mavikadin\/wp-content\/uploads\/Ekran-Resmi-2025-04-04-18.36.47-300x183.png 300w, https:\/\/www.tgrthaber.com\/mavikadin\/wp-content\/uploads\/Ekran-Resmi-2025-04-04-18.36.47-768x469.png 768w, https:\/\/www.tgrthaber.com\/mavikadin\/wp-content\/uploads\/Ekran-Resmi-2025-04-04-18.36.47.png 1422w\" sizes=\"(max-width: 1024px) 100vw, 1024px\" \/><\/p>\n<hr \/>\n<h3>SURV\u0130VOR 2025 VOLKAN \u00c7ET\u0130NKAYA K\u0130MD\u0130R?<\/h3>\n<p class=\"p2\">Survivor 2025\u2019e yedeklerden dahil olan Volkan \u00c7etinkaya, 1983\u2019te Ankara\u2019n\u0131n \u015eerefliko\u00e7hisar il\u00e7esinde do\u011fdu. E\u011fitim hayat\u0131n\u0131 ba\u015far\u0131yla tamamlayan \u00c7etinkaya, meslek ya\u015fam\u0131na beden e\u011fitimi \u00f6\u011fretmeni olarak ad\u0131m att\u0131. Sporla i\u00e7 i\u00e7e bir hayat s\u00fcren yar\u0131\u015fmac\u0131, T\u00fcrk Silahl\u0131 Kuvvetleri b\u00fcnyesinde hem futbolcu hem de antren\u00f6r olarak g\u00f6rev yapt\u0131.<\/p>\n<p><img loading=\"lazy\" decoding=\"async\" class=\"alignnone wp-image-157207 size-large\" src=\"https:\/\/www.tgrthaber.com\/mavikadin\/wp-content\/uploads\/Ekran-Resmi-2025-04-04-18.36.59-1024x585.png\" alt=\"\" width=\"1024\" height=\"585\" title=\"\" srcset=\"https:\/\/www.tgrthaber.com\/mavikadin\/wp-content\/uploads\/Ekran-Resmi-2025-04-04-18.36.59-1024x585.png 1024w, https:\/\/www.tgrthaber.com\/mavikadin\/wp-content\/uploads\/Ekran-Resmi-2025-04-04-18.36.59-300x171.png 300w, https:\/\/www.tgrthaber.com\/mavikadin\/wp-content\/uploads\/Ekran-Resmi-2025-04-04-18.36.59-768x439.png 768w, https:\/\/www.tgrthaber.com\/mavikadin\/wp-content\/uploads\/Ekran-Resmi-2025-04-04-18.36.59-1536x878.png 1536w, https:\/\/www.tgrthaber.com\/mavikadin\/wp-content\/uploads\/Ekran-Resmi-2025-04-04-18.36.59.png 1984w\" sizes=\"(max-width: 1024px) 100vw, 1024px\" \/><\/p>\n<hr \/>\n<p class=\"p2\">Atletizm ve y\u00fczme bran\u015flar\u0131nda da tecr\u00fcbeye sahip olan Volkan, disipliniyle \u00f6n plana \u00e7\u0131k\u0131yor. \u0130lk olarak 2017\u2019de Survivor\u2019da yar\u0131\u015fan ve &#8216;Goril&#8217; lakab\u0131yla tan\u0131nan \u00c7etinkaya, fiziksel g\u00fcc\u00fcyle iz b\u0131rakm\u0131\u015ft\u0131. Bu sezon G\u00f6n\u00fcll\u00fcler tak\u0131m\u0131nda m\u00fccadele eden Volkan, yeniden dikkatleri \u00fczerine \u00e7ekmeyi ba\u015fard\u0131.<\/p>\n","protected":false},"excerpt":{"rendered":"<p>Survivor All Star\u2019da tansiyon bu ak\u015fam bamba\u015fka bir sebeple y\u00fckselecek. Son fragmanda Volkan \u00c7etinkaya\u2019n\u0131n parkurda fenala\u015f\u0131p yere y\u0131\u011f\u0131ld\u0131\u011f\u0131 anlar dikkat \u00e7ekti. Tak\u0131m arkada\u015flar\u0131 neye u\u011frad\u0131\u011f\u0131n\u0131 \u015fa\u015f\u0131r\u0131rken, sa\u011fl\u0131k ekibi acil m\u00fcdahalede bulundu. Survivor Volkan&#8217;\u0131n sa\u011fl\u0131k durumu merak ediliyor. <\/p>\n","protected":false},"author":16,"featured_media":157209,"comment_status":"closed","ping_status":"closed","sticky":false,"template":"","format":"standard","meta":{"rank_math_lock_modified_date":false,"footnotes":""},"categories":[76],"tags":[16719,16718,10693],"class_list":["post-157199","post","type-post","status-publish","format-standard","has-post-thumbnail","hentry","category-magazin","tag-survivor-2025-volkan-fenalasti","tag-survivor-2025-volkana-ne-oldu","tag-survivor-all-star-2025"],"_links":{"self":[{"href":"https:\/\/www.tgrthaber.com\/mavikadin\/wp-json\/wp\/v2\/posts\/157199"}],"collection":[{"href":"https:\/\/www.tgrthaber.com\/mavikadin\/wp-json\/wp\/v2\/posts"}],"about":[{"href":"https:\/\/www.tgrthaber.com\/mavikadin\/wp-json\/wp\/v2\/types\/post"}],"author":[{"embeddable":true,"href":"https:\/\/www.tgrthaber.com\/mavikadin\/wp-json\/wp\/v2\/users\/16"}],"replies":[{"embeddable":true,"href":"https:\/\/www.tgrthaber.com\/mavikadin\/wp-json\/wp\/v2\/comments?post=157199"}],"version-history":[{"count":1,"href":"https:\/\/www.tgrthaber.com\/mavikadin\/wp-json\/wp\/v2\/posts\/157199\/revisions"}],"predecessor-version":[{"id":157210,"href":"https:\/\/www.tgrthaber.com\/mavikadin\/wp-json\/wp\/v2\/posts\/157199\/revisions\/157210"}],"wp:featuredmedia":[{"embeddable":true,"href":"https:\/\/www.tgrthaber.com\/mavikadin\/wp-json\/wp\/v2\/media\/157209"}],"wp:attachment":[{"href":"https:\/\/www.tgrthaber.com\/mavikadin\/wp-json\/wp\/v2\/media?parent=157199"}],"wp:term":[{"taxonomy":"category","embeddable":true,"href":"https:\/\/www.tgrthaber.com\/mavikadin\/wp-json\/wp\/v2\/categories?post=157199"},{"taxonomy":"post_tag","embeddable":true,"href":"https:\/\/www.tgrthaber.com\/mavikadin\/wp-json\/wp\/v2\/tags?post=157199"}],"curies":[{"name":"wp","href":"https:\/\/api.w.org\/{rel}","templated":true}]}}