{"id":157248,"date":"2025-04-04T20:21:41","date_gmt":"2025-04-04T17:21:41","guid":{"rendered":"https:\/\/www.tgrthaber.com\/mavikadin\/?p=157248"},"modified":"2025-04-04T20:21:41","modified_gmt":"2025-04-04T17:21:41","slug":"kardelenler-dizisi-final-tarihi-belli-oldu-10-bolumuyle-ekrana-veda-edecek","status":"publish","type":"post","link":"https:\/\/www.tgrthaber.com\/mavikadin\/kardelenler-dizisi-final-tarihi-belli-oldu-10-bolumuyle-ekrana-veda-edecek\/","title":{"rendered":"Kardelenler dizisi final tarihi belli oldu! 10. b\u00f6l\u00fcm\u00fcyle ekrana veda edecek"},"content":{"rendered":"<p class=\"p1\">ATV ekranlar\u0131nda Pazar ak\u015famlar\u0131 yay\u0131nlanan ve NGM imzas\u0131 ta\u015f\u0131yan &#8216;Kardelenler&#8217; dizisi i\u00e7in yolun sonu g\u00f6r\u00fcnd\u00fc. Ba\u015flad\u0131\u011f\u0131 g\u00fcnden bu yana sad\u0131k bir izleyici kitlesine ula\u015fan dizi, 10. b\u00f6l\u00fcm\u00fcyle ekran maceras\u0131n\u0131 noktalayacak. \u00d6nceki haftalarda, 9. b\u00f6l\u00fcm sonras\u0131 al\u0131nacak kararla final yap\u0131p yapmayaca\u011f\u0131 merakla bekleniyordu. Yap\u0131m ekibinden gelen son a\u00e7\u0131klamaya g\u00f6re, &#8216;Kardelenler&#8217; kesin olarak 10. b\u00f6l\u00fcmde veda edecek. K\u0131sa s\u00fcrede ad\u0131ndan s\u00f6z ettiren proje, hik\u00e2yesine erken veda eden diziler aras\u0131nda yerini alm\u0131\u015f oldu.<\/p>\n<h3>KARDELENLER D\u0130Z\u0130S\u0130 F\u0130NAL TAR\u0130H\u0130 BELL\u0130 OLDU<\/h3>\n<p class=\"p1\">Birsen Altunta\u015f&#8217;\u0131n haberine g\u00f6re, NGM\u2019nin yap\u0131mc\u0131l\u0131\u011f\u0131n\u0131 \u00fcstlendi\u011fi ve ATV ekranlar\u0131nda Pazar ak\u015famlar\u0131 seyirciyle bulu\u015fan &#8216;Kardelenler&#8217; dizisi i\u00e7in final karar\u0131 al\u0131nd\u0131. Yay\u0131n hayat\u0131na umut vadeden bir ba\u015flang\u0131\u00e7la ad\u0131m atan dizi, 10. b\u00f6l\u00fcmde izleyicisine veda edecek. Ge\u00e7ti\u011fimiz haftalarda 9. b\u00f6l\u00fcm sonras\u0131 gelece\u011fi hakk\u0131nda net bir karar verilece\u011fi konu\u015fuluyordu. Beklenen a\u00e7\u0131klama geldi ve dizinin final yapaca\u011f\u0131 kesinle\u015fti. Duygusal \u00f6yk\u00fcs\u00fc ve g\u00fc\u00e7l\u00fc oyuncu kadrosuyla dikkat \u00e7eken &#8216;Kardelenler&#8217;, ekranlara erken veda eden yap\u0131mlar aras\u0131na kat\u0131ld\u0131. Son b\u00f6l\u00fcmde neler olaca\u011f\u0131 ise \u015fimdiden merak konusu oldu.<\/p>\n<p><img loading=\"lazy\" decoding=\"async\" class=\"alignnone wp-image-157263 \" src=\"https:\/\/www.tgrthaber.com\/mavikadin\/wp-content\/uploads\/Ekran-Resmi-2025-04-04-20.14.35.png\" alt=\"\" width=\"970\" height=\"791\" title=\"\" srcset=\"https:\/\/www.tgrthaber.com\/mavikadin\/wp-content\/uploads\/Ekran-Resmi-2025-04-04-20.14.35.png 836w, https:\/\/www.tgrthaber.com\/mavikadin\/wp-content\/uploads\/Ekran-Resmi-2025-04-04-20.14.35-300x245.png 300w, https:\/\/www.tgrthaber.com\/mavikadin\/wp-content\/uploads\/Ekran-Resmi-2025-04-04-20.14.35-768x627.png 768w\" sizes=\"(max-width: 970px) 100vw, 970px\" \/><\/p>\n<hr \/>\n<h3>KARDELENLER D\u0130Z\u0130S\u0130 KONUSU NE?<\/h3>\n<p class=\"p1\">&#8216;Kardelenler&#8217; adl\u0131 dizi, izleyiciyi derin aile dramlar\u0131n\u0131n g\u00f6lgesinde duygusal bir yolculu\u011fa \u00e7\u0131kar\u0131yor. Serkan Birinci\u2019nin y\u00f6netmenli\u011fini \u00fcstlendi\u011fi, G\u00fcl Abus Semerci\u2019nin kaleme ald\u0131\u011f\u0131 bu yap\u0131mda, y\u0131llar \u00f6nce trajik bir olayla ayr\u0131 d\u00fc\u015fen karde\u015flerin yeniden kesi\u015fen hayatlar\u0131na tan\u0131kl\u0131k edilecek. \u00c7ocukluklar\u0131n\u0131 yetimhanede ge\u00e7iren bu gen\u00e7ler, y\u0131llar sonra ayn\u0131 sofrada oturduklar\u0131nda kaderlerini de\u011fi\u015ftirecek yeni bir ba\u015flang\u0131c\u0131n e\u015fi\u011fine gelirler. Fakat ihti\u015faml\u0131 bir ya\u015fam\u0131n ortas\u0131nda yeniden kayna\u015fmak ve yitirdikleri aile ba\u011flar\u0131n\u0131 in\u015fa etmek, tahmin ettiklerinden \u00e7ok daha \u00e7etin olacakt\u0131r.<\/p>\n<p><img loading=\"lazy\" decoding=\"async\" class=\"alignnone wp-image-157264 size-full\" src=\"https:\/\/www.tgrthaber.com\/mavikadin\/wp-content\/uploads\/Ekran-Resmi-2025-04-04-20.14.42.png\" alt=\"\" width=\"976\" height=\"584\" title=\"\" srcset=\"https:\/\/www.tgrthaber.com\/mavikadin\/wp-content\/uploads\/Ekran-Resmi-2025-04-04-20.14.42.png 976w, https:\/\/www.tgrthaber.com\/mavikadin\/wp-content\/uploads\/Ekran-Resmi-2025-04-04-20.14.42-300x180.png 300w, https:\/\/www.tgrthaber.com\/mavikadin\/wp-content\/uploads\/Ekran-Resmi-2025-04-04-20.14.42-768x460.png 768w\" sizes=\"(max-width: 976px) 100vw, 976px\" \/><\/p>\n<hr \/>\n<h3>KARDELENLER D\u0130Z\u0130S\u0130 OYUNCU KADROSUNDA K\u0130MLER VAR?<\/h3>\n<p class=\"p1\">Ayda Aksel-Hicran Korkmaz<\/p>\n<p class=\"p1\">Bar\u0131\u015f Falay-Koray G\u00fcndo\u011fan<\/p>\n<p class=\"p1\">Serhat K\u0131l\u0131\u00e7-Raci Korkmaz<\/p>\n<p class=\"p1\">Ahu Ya\u011ftu-Menek\u015fe G\u00fcndo\u011fan<\/p>\n<p class=\"p1\">Edip tepeli-Kahraman Korkmaz<\/p>\n<p class=\"p1\">U\u011fur Uzunel-\u00c7\u0131nar Korkmaz<\/p>\n<p class=\"p1\">Nur Yazar-G\u00fclcan Korkmaz<\/p>\n<p><img loading=\"lazy\" decoding=\"async\" class=\"alignnone wp-image-157265 \" src=\"https:\/\/www.tgrthaber.com\/mavikadin\/wp-content\/uploads\/Ekran-Resmi-2025-04-04-20.14.55.png\" alt=\"\" width=\"968\" height=\"569\" title=\"\" srcset=\"https:\/\/www.tgrthaber.com\/mavikadin\/wp-content\/uploads\/Ekran-Resmi-2025-04-04-20.14.55.png 936w, https:\/\/www.tgrthaber.com\/mavikadin\/wp-content\/uploads\/Ekran-Resmi-2025-04-04-20.14.55-300x176.png 300w, https:\/\/www.tgrthaber.com\/mavikadin\/wp-content\/uploads\/Ekran-Resmi-2025-04-04-20.14.55-768x451.png 768w\" sizes=\"(max-width: 968px) 100vw, 968px\" \/><\/p>\n<hr \/>\n<p class=\"p1\">Ece Ya\u015far-Fato\u015f Korkmaz<\/p>\n<p class=\"p1\">Hakan Zavlak-Yank\u0131<\/p>\n<p class=\"p1\">Zeynep At\u0131lgan-Aysel Korkmaz<\/p>\n<p class=\"p1\">Hakan Sal\u0131nm\u0131\u015f<\/p>\n<p class=\"p1\">Mehmet Fatih Obuz<\/p>\n","protected":false},"excerpt":{"rendered":"<p>NGM taraf\u0131ndan haz\u0131rlanan ve her Pazar ATV\u2019de yay\u0131nlanan &#8216;Kardelenler&#8217; dizisi i\u00e7in final karar\u0131 al\u0131nd\u0131. Yay\u0131n hayat\u0131na h\u0131zl\u0131 bir giri\u015f yapan yap\u0131m, 10. b\u00f6l\u00fcm\u00fcyle ekrana veda edecek.<\/p>\n","protected":false},"author":16,"featured_media":157269,"comment_status":"closed","ping_status":"closed","sticky":false,"template":"","format":"standard","meta":{"rank_math_lock_modified_date":false,"footnotes":""},"categories":[602],"tags":[16731,16730,8729],"class_list":["post-157248","post","type-post","status-publish","format-standard","has-post-thumbnail","hentry","category-diziler","tag-kardelenler-dizisi-10-bolum-final","tag-kardelenler-dizisi-final-tarihi","tag-kardelenler-dizisi-konusu"],"_links":{"self":[{"href":"https:\/\/www.tgrthaber.com\/mavikadin\/wp-json\/wp\/v2\/posts\/157248"}],"collection":[{"href":"https:\/\/www.tgrthaber.com\/mavikadin\/wp-json\/wp\/v2\/posts"}],"about":[{"href":"https:\/\/www.tgrthaber.com\/mavikadin\/wp-json\/wp\/v2\/types\/post"}],"author":[{"embeddable":true,"href":"https:\/\/www.tgrthaber.com\/mavikadin\/wp-json\/wp\/v2\/users\/16"}],"replies":[{"embeddable":true,"href":"https:\/\/www.tgrthaber.com\/mavikadin\/wp-json\/wp\/v2\/comments?post=157248"}],"version-history":[{"count":2,"href":"https:\/\/www.tgrthaber.com\/mavikadin\/wp-json\/wp\/v2\/posts\/157248\/revisions"}],"predecessor-version":[{"id":157271,"href":"https:\/\/www.tgrthaber.com\/mavikadin\/wp-json\/wp\/v2\/posts\/157248\/revisions\/157271"}],"wp:featuredmedia":[{"embeddable":true,"href":"https:\/\/www.tgrthaber.com\/mavikadin\/wp-json\/wp\/v2\/media\/157269"}],"wp:attachment":[{"href":"https:\/\/www.tgrthaber.com\/mavikadin\/wp-json\/wp\/v2\/media?parent=157248"}],"wp:term":[{"taxonomy":"category","embeddable":true,"href":"https:\/\/www.tgrthaber.com\/mavikadin\/wp-json\/wp\/v2\/categories?post=157248"},{"taxonomy":"post_tag","embeddable":true,"href":"https:\/\/www.tgrthaber.com\/mavikadin\/wp-json\/wp\/v2\/tags?post=157248"}],"curies":[{"name":"wp","href":"https:\/\/api.w.org\/{rel}","templated":true}]}}