{"id":157257,"date":"2025-04-04T20:24:46","date_gmt":"2025-04-04T17:24:46","guid":{"rendered":"https:\/\/www.tgrthaber.com\/mavikadin\/?p=157257"},"modified":"2025-04-04T20:24:46","modified_gmt":"2025-04-04T17:24:46","slug":"ortadoguda-burak-ozcivit-firtinasi-erbil-bu-geceyi-konusacak","status":"publish","type":"post","link":"https:\/\/www.tgrthaber.com\/mavikadin\/ortadoguda-burak-ozcivit-firtinasi-erbil-bu-geceyi-konusacak\/","title":{"rendered":"Ortado\u011fu\u2019da Burak \u00d6z\u00e7ivit f\u0131rt\u0131nas\u0131! Erbil bu geceyi konu\u015facak"},"content":{"rendered":"<p>T\u00fcrk televizyonlar\u0131n\u0131n sevilen y\u00fcz\u00fc Burak \u00d6z\u00e7ivit, bu kez ekranlardan de\u011fil, uluslararas\u0131 bir etkinlik vesilesiyle g\u00fcndemde. Ba\u015far\u0131l\u0131 oyuncu, Ortado\u011fu\u2019nun y\u00fckselen \u015fehirlerinden Erbil\u2019de d\u00fczenlenecek prestijli bir lansmana kat\u0131lmak \u00fczere haz\u0131rl\u0131klara ba\u015flad\u0131. Etkinli\u011fin merkezinde ise b\u00fcy\u00fck bir i\u015f birli\u011fi ve k\u00fclt\u00fcrel bir \u015f\u00f6len yer al\u0131yor. \u0130\u015fte konuya dair merak edilen t\u00fcm detaylar&#8230;<\/p>\n<h3>ORTADO\u011eU&#8217;DA BURAK \u00d6Z\u00c7\u0130V\u0130T FIRTINASI<\/h3>\n<p>Son d\u00f6nemde hem oyunculu\u011fu hem de reklam i\u015f birlikleriyle dikkat \u00e7eken Burak \u00d6z\u00e7ivit, T\u00fcrkiye merkezli RAMS Global firmas\u0131yla yeni bir projede bulu\u015ftu. Irak\u2019\u0131n Erbil \u015fehrinde ve Kazakistan\u2019\u0131n Almati kentinde hayata ge\u00e7irilecek b\u00fcy\u00fck in\u015faat projelerinin reklam y\u00fcz\u00fc olan oyuncu, kampanya kapsam\u0131nda T\u00fcrk\u00e7e, Arap\u00e7a ve \u0130ngilizce dillerinde haz\u0131rlanan tan\u0131t\u0131m filmleriyle dikkat \u00e7ekti.<\/p>\n<p><img loading=\"lazy\" decoding=\"async\" class=\"alignnone wp-image-157260\" src=\"https:\/\/www.tgrthaber.com\/mavikadin\/wp-content\/uploads\/burak-ozcivit-iki-dev-projenin_1743780254_z4a9J8-300x169.webp\" alt=\"\" width=\"1208\" height=\"680\" title=\"\" srcset=\"https:\/\/www.tgrthaber.com\/mavikadin\/wp-content\/uploads\/burak-ozcivit-iki-dev-projenin_1743780254_z4a9J8-300x169.webp 300w, https:\/\/www.tgrthaber.com\/mavikadin\/wp-content\/uploads\/burak-ozcivit-iki-dev-projenin_1743780254_z4a9J8-1024x576.webp 1024w, https:\/\/www.tgrthaber.com\/mavikadin\/wp-content\/uploads\/burak-ozcivit-iki-dev-projenin_1743780254_z4a9J8-768x432.webp 768w, https:\/\/www.tgrthaber.com\/mavikadin\/wp-content\/uploads\/burak-ozcivit-iki-dev-projenin_1743780254_z4a9J8.webp 1280w\" sizes=\"(max-width: 1208px) 100vw, 1208px\" \/><\/p>\n<hr \/>\n<p>Bu reklam i\u00e7erikleri, \u00d6z\u00e7ivit&#8217;in kendi sosyal medya hesaplar\u0131nda da geni\u015f kitlelerle bulu\u015ftu.<\/p>\n<h3>ERB\u0130L BU GECEY\u0130 KONU\u015eACAK<\/h3>\n<p>17 Nisan tarihinde Erbil&#8217;de ger\u00e7ekle\u015fecek lansman gecesi, sadece ticari de\u011fil ayn\u0131 zamanda k\u00fclt\u00fcrel bir bulu\u015fma olarak da \u00f6nem ta\u015f\u0131yor. Geceye kat\u0131lacak olan Burak \u00d6z\u00e7ivit, burada hayranlar\u0131yla bir araya gelecek. Etkinlikte Anadolu Ate\u015fi dans grubu sahne al\u0131rken, Arap d\u00fcnyas\u0131n\u0131n pop\u00fcler ismi Nancy Ajram da canl\u0131 konser verecek. B\u00f6ylece Erbil, hem T\u00fcrk hem de Arap k\u00fclt\u00fcr\u00fcn\u00fcn bir araya geldi\u011fi b\u00fcy\u00fck bir etkinli\u011fe ev sahipli\u011fi yapacak.<\/p>\n<h3>BURAK \u00d6Z\u00c7\u0130V\u0130T&#8217;\u0130N K\u00dcRESEL Y\u00dcKSEL\u0130\u015e\u0130 S\u00dcR\u00dcYOR<\/h3>\n<p>Modellikten oyunculu\u011fa uzanan kariyerinde bir\u00e7ok unutulmaz projeye imza atan Burak \u00d6z\u00e7ivit, art\u0131k yaln\u0131zca T\u00fcrkiye\u2019de de\u011fil, d\u00fcnya \u00e7ap\u0131nda da \u00f6nemli bir \u00fcne sahip. \u201cMuhte\u015fem Y\u00fczy\u0131l\u201d, \u201cKara Sevda\u201d ve halen devam eden \u201cKurulu\u015f Osman\u201d dizileriyle milyonlara ula\u015fan oyuncu, bu projelerdeki performans\u0131yla \u00e7ok say\u0131da \u00f6d\u00fcl kazand\u0131. 50\u2019den fazla \u00fclkede yay\u0131nlanan yap\u0131mlarda yer almas\u0131, onu global bir y\u00fcz haline getirdi.<\/p>\n<p><img loading=\"lazy\" decoding=\"async\" class=\"alignnone wp-image-157268\" src=\"https:\/\/www.tgrthaber.com\/mavikadin\/wp-content\/uploads\/maxresdefault-1-1-300x169.jpg\" alt=\"\" width=\"1208\" height=\"680\" title=\"\" srcset=\"https:\/\/www.tgrthaber.com\/mavikadin\/wp-content\/uploads\/maxresdefault-1-1-300x169.jpg 300w, https:\/\/www.tgrthaber.com\/mavikadin\/wp-content\/uploads\/maxresdefault-1-1-1024x576.jpg 1024w, https:\/\/www.tgrthaber.com\/mavikadin\/wp-content\/uploads\/maxresdefault-1-1-768x432.jpg 768w, https:\/\/www.tgrthaber.com\/mavikadin\/wp-content\/uploads\/maxresdefault-1-1.jpg 1280w\" sizes=\"(max-width: 1208px) 100vw, 1208px\" \/><\/p>\n<hr \/>\n<h3>ORTADO\u011eU\u2019DA BURAK \u00d6Z\u00c7\u0130V\u0130T R\u00dcZGARI<\/h3>\n<p>Erbil&#8217;de ger\u00e7ekle\u015fecek bu etkinlik, sadece Burak \u00d6z\u00e7ivit\u2019in de\u011fil, T\u00fcrk yap\u0131mlar\u0131n\u0131n ve markalar\u0131n\u0131n b\u00f6lgedeki etkisinin de bir g\u00f6stergesi niteli\u011finde. T\u00fcrk dizilerinin b\u00fcy\u00fck ilgi g\u00f6rd\u00fc\u011f\u00fc Ortado\u011fu co\u011frafyas\u0131nda, \u00d6z\u00e7ivit gibi g\u00fc\u00e7l\u00fc y\u00fczlerin bu projelerde yer almas\u0131, hem ekonomik hem de k\u00fclt\u00fcrel ba\u011flar\u0131n geli\u015fmesine katk\u0131 sunuyor.<\/p>\n<h3>BURAK \u00d6Z\u00c7\u0130V\u0130T NASIL \u00dcNL\u00dc OLDU?<\/h3>\n<p>Televizyon d\u00fcnyas\u0131nda ad\u0131ndan s\u0131k\u00e7a s\u00f6z ettiren Burak \u00d6z\u00e7ivit\u2019in parlayan kariyeri, tesad\u00fcflerden de\u011fil, y\u0131llar s\u00fcren emek ve istikrardan do\u011fdu. Gen\u00e7 ya\u015fta ba\u015flad\u0131\u011f\u0131 modellik kariyeri, onu zamanla T\u00fcrkiye\u2019nin en \u00e7ok konu\u015fulan oyuncular\u0131ndan biri haline getirdi.<\/p>\n<p>Burak \u00d6z\u00e7ivit\u2019in ilk dikkat \u00e7ekti\u011fi yer, 2003 y\u0131l\u0131nda kat\u0131ld\u0131\u011f\u0131 \u201cBest Model of Turkey\u201d yar\u0131\u015fmas\u0131 oldu. Hen\u00fcz 19 ya\u015f\u0131ndayken \u201cgelecek vaat eden manken\u201d olarak an\u0131lmaya ba\u015flayan \u00d6z\u00e7ivit, iki y\u0131l sonra yeniden kat\u0131ld\u0131\u011f\u0131 yar\u0131\u015fmada bu kez birinci oldu ve T\u00fcrkiye\u2019yi uluslararas\u0131 arenada temsil etti. \u201cBest Model of the World\u201d yar\u0131\u015fmas\u0131nda ikinci olmas\u0131, yurt d\u0131\u015f\u0131nda da tan\u0131nmas\u0131n\u0131 sa\u011flad\u0131.<\/p>\n<p>Modellik kariyerinin ard\u0131ndan oyunculu\u011fa y\u00f6nelen \u00d6z\u00e7ivit, 2006 y\u0131l\u0131nda yay\u0131nlanan Eksi 18 dizisiyle ilk kez televizyon izleyicisiyle bulu\u015ftu. Ard\u0131ndan Zoraki Koca ve Baba Oca\u011f\u0131 dizilerinde \u00fcstlendi\u011fi roller, izleyiciler taraf\u0131ndan sevilmeye ba\u015flamas\u0131n\u0131 sa\u011flad\u0131. As\u0131l \u00e7\u0131k\u0131\u015f\u0131n\u0131 ise 2011 y\u0131l\u0131nda ekranlara gelen Muhte\u015fem Y\u00fczy\u0131l dizisindeki Malko\u00e7o\u011flu karakteriyle yapt\u0131. Dizi hem yurt i\u00e7inde hem yurt d\u0131\u015f\u0131nda b\u00fcy\u00fck ilgi g\u00f6rd\u00fc. \u00d6z\u00e7ivit, bu yap\u0131mla birlikte adeta uluslararas\u0131 bir oyuncuya d\u00f6n\u00fc\u015ft\u00fc.<\/p>\n<p><img loading=\"lazy\" decoding=\"async\" class=\"alignnone wp-image-157266\" src=\"https:\/\/www.tgrthaber.com\/mavikadin\/wp-content\/uploads\/1200x627-burak-ozcivit-oy-kullanmaya-gitti-engin-altan-duzyatani-gormezden-geldi-1554118054088-300x157.webp\" alt=\"\" width=\"3120800\" height=\"1630618\" title=\"\" srcset=\"https:\/\/www.tgrthaber.com\/mavikadin\/wp-content\/uploads\/1200x627-burak-ozcivit-oy-kullanmaya-gitti-engin-altan-duzyatani-gormezden-geldi-1554118054088-300x157.webp 300w, https:\/\/www.tgrthaber.com\/mavikadin\/wp-content\/uploads\/1200x627-burak-ozcivit-oy-kullanmaya-gitti-engin-altan-duzyatani-gormezden-geldi-1554118054088-1024x535.webp 1024w, https:\/\/www.tgrthaber.com\/mavikadin\/wp-content\/uploads\/1200x627-burak-ozcivit-oy-kullanmaya-gitti-engin-altan-duzyatani-gormezden-geldi-1554118054088-768x401.webp 768w, https:\/\/www.tgrthaber.com\/mavikadin\/wp-content\/uploads\/1200x627-burak-ozcivit-oy-kullanmaya-gitti-engin-altan-duzyatani-gormezden-geldi-1554118054088.webp 1200w\" sizes=\"(max-width: 3120800px) 100vw, 3120800px\" \/><\/p>\n<hr \/>\n<h3>\u00c7ALIKU\u015eU D\u0130Z\u0130S\u0130NDE A\u015eKI BULDU<\/h3>\n<p>2013 y\u0131l\u0131nda, Re\u015fat Nuri G\u00fcntekin\u2019in klasikle\u015fmi\u015f eserinden uyarlanan \u00c7al\u0131ku\u015fu dizisinde ba\u015frol oynamas\u0131, ona geni\u015f bir izleyici kitlesi kazand\u0131rd\u0131. Dizideki partneri Fahriye Evcen ile ger\u00e7ek hayatta da bir ili\u015fki ya\u015famaya ba\u015flamas\u0131, medyan\u0131n da yo\u011fun ilgisine neden oldu. Ayn\u0131 y\u0131l A\u015fk Sana Benzer filmiyle sinema d\u00fcnyas\u0131nda ba\u015frolde boy g\u00f6sterdi.<\/p>\n<h3>KARA SEVDA HAFIZALARA KAZANDI<\/h3>\n<p>2015-2017 y\u0131llar\u0131 aras\u0131nda yay\u0131nlanan Kara Sevda, Burak \u00d6z\u00e7ivit\u2019in kariyerinde d\u00f6n\u00fcm noktalar\u0131ndan biri oldu. 110 \u00fclkede yay\u0131nlanan ve Emmy \u00f6d\u00fcl\u00fc kazanan dizi, oyuncuya d\u00fcnya \u00e7ap\u0131nda bir \u00fcn kazand\u0131rd\u0131. Dizide Kemal Soydere karakterine hayat veren \u00d6z\u00e7ivit, \u00f6zellikle Ortado\u011fu, Balkanlar ve G\u00fcney Amerika\u2019da b\u00fcy\u00fck bir hayran kitlesi edindi.<\/p>\n<h3>KURULU\u015e OSMAN \u0130LE TAR\u0130H\u0130 ROLDE UZUN SOLUKLU BA\u015eARI YAKALADI<\/h3>\n<p>2019\u2019da ekranlara gelen ve halen devam eden Kurulu\u015f Osman dizisi, Burak \u00d6z\u00e7ivit\u2019in tarih\u00ee karakterleri ba\u015far\u0131yla canland\u0131rmadaki yetene\u011fini bir kez daha g\u00f6zler \u00f6n\u00fcne serdi. Osman Gazi rol\u00fcndeki performans\u0131 ile T\u00fcrkiye\u2019de oldu\u011fu kadar yurt d\u0131\u015f\u0131nda da b\u00fcy\u00fck be\u011feni toplad\u0131. Dizi \u015fu anda 35\u2019ten fazla \u00fclkede yay\u0131nlan\u0131yor.<\/p>\n<p><img loading=\"lazy\" decoding=\"async\" class=\"alignnone wp-image-157272\" src=\"https:\/\/www.tgrthaber.com\/mavikadin\/wp-content\/uploads\/rams-globalin-yeni-marka-yuzu-burak-ozcivit-oldu-1742289907-300x164.jpg\" alt=\"\" width=\"1208\" height=\"661\" title=\"\" srcset=\"https:\/\/www.tgrthaber.com\/mavikadin\/wp-content\/uploads\/rams-globalin-yeni-marka-yuzu-burak-ozcivit-oldu-1742289907-300x164.jpg 300w, https:\/\/www.tgrthaber.com\/mavikadin\/wp-content\/uploads\/rams-globalin-yeni-marka-yuzu-burak-ozcivit-oldu-1742289907-1024x560.jpg 1024w, https:\/\/www.tgrthaber.com\/mavikadin\/wp-content\/uploads\/rams-globalin-yeni-marka-yuzu-burak-ozcivit-oldu-1742289907-768x420.jpg 768w, https:\/\/www.tgrthaber.com\/mavikadin\/wp-content\/uploads\/rams-globalin-yeni-marka-yuzu-burak-ozcivit-oldu-1742289907.jpg 1280w\" sizes=\"(max-width: 1208px) 100vw, 1208px\" \/><\/p>\n<hr \/>\n<p>Televizyon dizilerinin yan\u0131 s\u0131ra Karde\u015fim Benim, Can Feda gibi sinema filmleriyle de izleyici kar\u015f\u0131s\u0131na \u00e7\u0131kan oyuncu, ayn\u0131 zamanda pek \u00e7ok uluslararas\u0131 markan\u0131n reklam y\u00fcz\u00fc oldu. Son olarak RAMS Global ile yapt\u0131\u011f\u0131 i\u015f birli\u011fi, onun sadece oyuncu de\u011fil,\u00a0k\u00fcresel bir marka y\u00fcz\u00fc haline geldi\u011fini de kan\u0131tlad\u0131.<\/p>\n","protected":false},"excerpt":{"rendered":"<p>Ortado\u011fu sahnesi Burak \u00d6z\u00e7ivit\u2019le sars\u0131lacak! Yak\u0131\u015f\u0131kl\u0131l\u0131\u011f\u0131yla s\u0131n\u0131r \u00f6tesi hayran kitlesini b\u00fcy\u00fcleyen Burak \u00d6z\u00e7ivit, bu kez Erbil&#8217;de adeta f\u0131rt\u0131na gibi esecek. Milyonlar\u0131n g\u00f6zdesi oyuncu, dev bir lansman gecesiyle hayranlar\u0131yla bulu\u015fmaya haz\u0131rlan\u0131yor. \u0130\u015fte detaylar&#8230;<\/p>\n","protected":false},"author":35,"featured_media":157262,"comment_status":"closed","ping_status":"closed","sticky":false,"template":"","format":"standard","meta":{"rank_math_lock_modified_date":false,"footnotes":""},"categories":[76],"tags":[16732,16734,16733,16735,16737,16736,16738],"class_list":["post-157257","post","type-post","status-publish","format-standard","has-post-thumbnail","hentry","category-magazin","tag-burak-ozcivit-erbilde","tag-burak-ozcivit-nasil-unlu-oldu","tag-burak-ozcivit-ortadogu","tag-burak-ozcivit-reklam-filmi","tag-erbil-gecesi","tag-ortadogu-lansmani","tag-rams-global"],"_links":{"self":[{"href":"https:\/\/www.tgrthaber.com\/mavikadin\/wp-json\/wp\/v2\/posts\/157257"}],"collection":[{"href":"https:\/\/www.tgrthaber.com\/mavikadin\/wp-json\/wp\/v2\/posts"}],"about":[{"href":"https:\/\/www.tgrthaber.com\/mavikadin\/wp-json\/wp\/v2\/types\/post"}],"author":[{"embeddable":true,"href":"https:\/\/www.tgrthaber.com\/mavikadin\/wp-json\/wp\/v2\/users\/35"}],"replies":[{"embeddable":true,"href":"https:\/\/www.tgrthaber.com\/mavikadin\/wp-json\/wp\/v2\/comments?post=157257"}],"version-history":[{"count":2,"href":"https:\/\/www.tgrthaber.com\/mavikadin\/wp-json\/wp\/v2\/posts\/157257\/revisions"}],"predecessor-version":[{"id":157274,"href":"https:\/\/www.tgrthaber.com\/mavikadin\/wp-json\/wp\/v2\/posts\/157257\/revisions\/157274"}],"wp:featuredmedia":[{"embeddable":true,"href":"https:\/\/www.tgrthaber.com\/mavikadin\/wp-json\/wp\/v2\/media\/157262"}],"wp:attachment":[{"href":"https:\/\/www.tgrthaber.com\/mavikadin\/wp-json\/wp\/v2\/media?parent=157257"}],"wp:term":[{"taxonomy":"category","embeddable":true,"href":"https:\/\/www.tgrthaber.com\/mavikadin\/wp-json\/wp\/v2\/categories?post=157257"},{"taxonomy":"post_tag","embeddable":true,"href":"https:\/\/www.tgrthaber.com\/mavikadin\/wp-json\/wp\/v2\/tags?post=157257"}],"curies":[{"name":"wp","href":"https:\/\/api.w.org\/{rel}","templated":true}]}}