{"id":157275,"date":"2025-04-04T20:54:22","date_gmt":"2025-04-04T17:54:22","guid":{"rendered":"https:\/\/www.tgrthaber.com\/mavikadin\/?p=157275"},"modified":"2025-04-04T20:54:22","modified_gmt":"2025-04-04T17:54:22","slug":"survivor-2025-ismail-balaban-esinin-videosunu-gorunce-gozyaslarina-hakim-olamadi","status":"publish","type":"post","link":"https:\/\/www.tgrthaber.com\/mavikadin\/survivor-2025-ismail-balaban-esinin-videosunu-gorunce-gozyaslarina-hakim-olamadi\/","title":{"rendered":"Survivor 2025 \u0130smail Balaban e\u015finin videosunu g\u00f6r\u00fcnce g\u00f6zya\u015flar\u0131na hakim olamad\u0131!"},"content":{"rendered":"<p class=\"p1\">Survivor 2025\u2019te duygular\u0131n tavan yapt\u0131\u011f\u0131 ileti\u015fim \u00f6d\u00fcl\u00fc oyunu nefes kesen bir rekabete sahne oldu. K\u0131rm\u0131z\u0131 tak\u0131m, zorlu parkurda g\u00f6sterdi\u011fi \u00fcst\u00fcn performansla \u00f6d\u00fcle ula\u015fmay\u0131 ba\u015fard\u0131. Ailelerinden gelen videolar\u0131 izleyen yar\u0131\u015fmac\u0131lar g\u00f6zya\u015flar\u0131n\u0131 tutmakta zorland\u0131. \u00d6zellikle \u0130smail Balaban, e\u015fi \u0130layda \u015eeker\u2019in g\u00f6nderdi\u011fi g\u00f6r\u00fcnt\u00fcler kar\u015f\u0131s\u0131nda olduk\u00e7a duyguland\u0131. Yar\u0131\u015fman\u0131n stresinden bir an olsun uzakla\u015fan isimler, sevdiklerinin mesajlar\u0131yla moral bulurken ekran ba\u015f\u0131ndaki izleyicilere de dokunakl\u0131 anlar ya\u015fatt\u0131.\u00a0 Balaban, hamile e\u015finin g\u00f6nderdi\u011fi video kar\u015f\u0131s\u0131nda duygusal anlar ya\u015fayarak g\u00f6zya\u015flar\u0131na hakim olamad\u0131.<\/p>\n<h3>SURV\u0130VOR 2025 \u0130SMA\u0130L BALABAN G\u00d6ZYA\u015eLARINA HAK\u0130M OLAMADI<\/h3>\n<p class=\"p1\">Survivor All Star 2025\u2019te rekabet kadar duygu y\u00fckl\u00fc anlar da izleyiciyi ekran ba\u015f\u0131na kilitliyor. Son ileti\u015fim \u00f6d\u00fcl\u00fcnde parkur m\u00fccadelesini ba\u015far\u0131yla tamamlayan K\u0131rm\u0131z\u0131 tak\u0131m, sevdiklerinden gelen g\u00f6r\u00fcnt\u00fclerle b\u00fcy\u00fck bir moral kazand\u0131. Yar\u0131\u015fmac\u0131lar, ekran kar\u015f\u0131s\u0131nda yak\u0131nlar\u0131n\u0131n mesajlar\u0131n\u0131 izlerken zaman zaman g\u00f6zya\u015flar\u0131n\u0131 tutamad\u0131. Bu duygusal anlar\u0131n en dikkat \u00e7ekeni, eski \u015fampiyon \u0130smail Balaban\u2019a aitti. E\u015fi \u0130layda \u015eeker\u2019in g\u00f6nderdi\u011fi video kar\u015f\u0131s\u0131nda olduk\u00e7a duygulanan \u0130smail, g\u00f6zya\u015flar\u0131na engel olamad\u0131.<\/p>\n<p><img loading=\"lazy\" decoding=\"async\" class=\"alignnone wp-image-157277 size-large\" src=\"https:\/\/www.tgrthaber.com\/mavikadin\/wp-content\/uploads\/Ekran-Resmi-2025-04-04-20.38.58-1024x615.png\" alt=\"\" width=\"1024\" height=\"615\" title=\"\" srcset=\"https:\/\/www.tgrthaber.com\/mavikadin\/wp-content\/uploads\/Ekran-Resmi-2025-04-04-20.38.58-1024x615.png 1024w, https:\/\/www.tgrthaber.com\/mavikadin\/wp-content\/uploads\/Ekran-Resmi-2025-04-04-20.38.58-300x180.png 300w, https:\/\/www.tgrthaber.com\/mavikadin\/wp-content\/uploads\/Ekran-Resmi-2025-04-04-20.38.58-768x461.png 768w, https:\/\/www.tgrthaber.com\/mavikadin\/wp-content\/uploads\/Ekran-Resmi-2025-04-04-20.38.58.png 1318w\" sizes=\"(max-width: 1024px) 100vw, 1024px\" \/><\/p>\n<hr \/>\n<p class=\"p1\">Balaban ile \u0130layda\u2019n\u0131n hik\u00e2yesi de Survivor\u2019da ba\u015flam\u0131\u015ft\u0131. Yar\u0131\u015fma sonras\u0131 aralar\u0131nda geli\u015fen duygusal ba\u011f, evlili\u011fe kadar uzand\u0131. \u00c7ift, 19 Kas\u0131m 2022\u2019de hayatlar\u0131n\u0131 birle\u015ftirdi. Ayr\u0131ca \u0130smail Balaban, bu sezonun ilk b\u00f6l\u00fcm\u00fcnde baba olaca\u011f\u0131 haberini payla\u015farak duygusal bir ba\u015flang\u0131ca imza atm\u0131\u015ft\u0131.<\/p>\n<p><img loading=\"lazy\" decoding=\"async\" class=\"alignnone wp-image-157278 size-large\" src=\"https:\/\/www.tgrthaber.com\/mavikadin\/wp-content\/uploads\/Ekran-Resmi-2025-04-04-20.39.06-1024x642.png\" alt=\"\" width=\"1024\" height=\"642\" title=\"\" srcset=\"https:\/\/www.tgrthaber.com\/mavikadin\/wp-content\/uploads\/Ekran-Resmi-2025-04-04-20.39.06-1024x642.png 1024w, https:\/\/www.tgrthaber.com\/mavikadin\/wp-content\/uploads\/Ekran-Resmi-2025-04-04-20.39.06-300x188.png 300w, https:\/\/www.tgrthaber.com\/mavikadin\/wp-content\/uploads\/Ekran-Resmi-2025-04-04-20.39.06-768x481.png 768w, https:\/\/www.tgrthaber.com\/mavikadin\/wp-content\/uploads\/Ekran-Resmi-2025-04-04-20.39.06.png 1280w\" sizes=\"(max-width: 1024px) 100vw, 1024px\" \/><\/p>\n<hr \/>\n<p class=\"p1\"><strong>\u0130smail Balaban, \u015fu a\u00e7\u0131klamalar\u0131 yapm\u0131\u015ft\u0131:<\/strong><\/p>\n<p class=\"p1\">&#8216;2021&#8217;den sonra Survivor&#8217;da olmak heyecan verici. 2021&#8217;deki heyecan\u0131m\u0131z hala devam ediyor. Umar\u0131m hepimiz i\u00e7in g\u00fczel bir sezon olur. Sevenlerim ad\u0131na burada m\u00fccadelemi verece\u011fim. Yar\u0131\u015fmada anla\u015ft\u0131\u011f\u0131m\u0131zda hen\u00fcz haberini almam\u0131\u015ft\u0131k. Daha sonra e\u015fimin hamile oldu\u011funu \u00f6\u011frendim. Buraya da a\u00e7\u0131k\u00e7as\u0131 gelip gelmemekle karars\u0131z kald\u0131m. O da beni destekledi. 11. haftan\u0131n i\u00e7erisindeyiz. Bir iki haftaya cinsiyet belli olacak.&#8217;<\/p>\n<p><img loading=\"lazy\" decoding=\"async\" class=\"alignnone wp-image-157279 size-large\" src=\"https:\/\/www.tgrthaber.com\/mavikadin\/wp-content\/uploads\/Ekran-Resmi-2025-04-04-20.39.19-1024x640.png\" alt=\"\" width=\"1024\" height=\"640\" title=\"\" srcset=\"https:\/\/www.tgrthaber.com\/mavikadin\/wp-content\/uploads\/Ekran-Resmi-2025-04-04-20.39.19-1024x640.png 1024w, https:\/\/www.tgrthaber.com\/mavikadin\/wp-content\/uploads\/Ekran-Resmi-2025-04-04-20.39.19-300x187.png 300w, https:\/\/www.tgrthaber.com\/mavikadin\/wp-content\/uploads\/Ekran-Resmi-2025-04-04-20.39.19-768x480.png 768w, https:\/\/www.tgrthaber.com\/mavikadin\/wp-content\/uploads\/Ekran-Resmi-2025-04-04-20.39.19.png 1274w\" sizes=\"(max-width: 1024px) 100vw, 1024px\" \/><\/p>\n<hr \/>\n<h3 class=\"p1\">\u0130SMA\u0130L BALABAN K\u0130MD\u0130R?<\/h3>\n<p class=\"p1\">\u0130smail Balaban, 3 Eyl\u00fcl 1987 tarihinde Antalya\u2019n\u0131n Elmal\u0131 il\u00e7esine ba\u011fl\u0131 Ak\u00e7ay k\u00f6y\u00fcnde d\u00fcnyaya geldi. Geleneksel T\u00fcrk g\u00fcre\u015finin \u00f6nemli isimlerinden biri olan Balaban, K\u0131rkp\u0131nar Ya\u011fl\u0131 G\u00fcre\u015fleri\u2019nde 652. ve 655. organizasyonlarda ba\u015fpehlivanl\u0131k unvan\u0131n\u0131 elde etti. 2013 senesinde ise, rakibi Ali G\u00fcrb\u00fcz\u2019\u00fcn doping cezas\u0131 almas\u0131n\u0131n ard\u0131ndan, daha \u00f6nce kaybetti\u011fi final m\u00fcsabakas\u0131n\u0131n galibi ilan edildi. 2020\u2019de D\u00fcnya \u015ealvar G\u00fcre\u015fi\u2019nde \u015fampiyonluk kazand\u0131.<\/p>\n<p><img loading=\"lazy\" decoding=\"async\" class=\"alignnone wp-image-157280 \" src=\"https:\/\/www.tgrthaber.com\/mavikadin\/wp-content\/uploads\/Ekran-Resmi-2025-04-04-20.42.56.png\" alt=\"\" width=\"973\" height=\"683\" title=\"\" srcset=\"https:\/\/www.tgrthaber.com\/mavikadin\/wp-content\/uploads\/Ekran-Resmi-2025-04-04-20.42.56.png 852w, https:\/\/www.tgrthaber.com\/mavikadin\/wp-content\/uploads\/Ekran-Resmi-2025-04-04-20.42.56-300x211.png 300w, https:\/\/www.tgrthaber.com\/mavikadin\/wp-content\/uploads\/Ekran-Resmi-2025-04-04-20.42.56-768x539.png 768w\" sizes=\"(max-width: 973px) 100vw, 973px\" \/><\/p>\n<hr \/>\n<p class=\"p1\">Spordaki ba\u015far\u0131lar\u0131n\u0131n ard\u0131ndan 2021 y\u0131l\u0131nda Survivor yar\u0131\u015fmas\u0131nda da m\u00fccadele etti ve sezonu birincilikle tamamlad\u0131. \u00d6zel hayat\u0131nda ise \u00f6nce Gamze Atakan ile ni\u015fanland\u0131 ancak bu ili\u015fki evlili\u011fe ula\u015fmadan sona erdi. Ard\u0131ndan ayn\u0131 yar\u0131\u015fmadan tan\u0131d\u0131\u011f\u0131 \u0130layda \u015eeker ile yollar\u0131 kesi\u015fti ve Kas\u0131m 2022\u2019de evlenerek d\u00fcnyaevine girdi.<\/p>\n","protected":false},"excerpt":{"rendered":"<p>Survivor 2025\u2019te ileti\u015fim oyunu, yar\u0131\u015fmac\u0131lara duygu y\u00fckl\u00fc anlar ya\u015fatt\u0131. K\u0131rm\u0131z\u0131 tak\u0131m\u0131n galibiyetiyle sonu\u00e7lanan m\u00fccadele sonras\u0131, ailelerinden gelen g\u00f6r\u00fcnt\u00fcler yar\u0131\u015fmac\u0131lar\u0131 duygusal olarak etkiledi. \u0130smail Balaban, hamile e\u015finden gelen mesajla g\u00f6zya\u015flar\u0131n\u0131 tutamad\u0131. Bu anlar Survivor&#8217;a damga vurarak, sosyal medyada da en \u00e7ok konu\u015fulan anlar aras\u0131nda yerini ald\u0131. <\/p>\n","protected":false},"author":16,"featured_media":157281,"comment_status":"closed","ping_status":"closed","sticky":false,"template":"","format":"standard","meta":{"rank_math_lock_modified_date":false,"footnotes":""},"categories":[101],"tags":[16739,16740,10693],"class_list":["post-157275","post","type-post","status-publish","format-standard","has-post-thumbnail","hentry","category-kesfet","tag-ismail-balaban-kimdir","tag-survivor-2025-ismail-balaban-aglama","tag-survivor-all-star-2025"],"_links":{"self":[{"href":"https:\/\/www.tgrthaber.com\/mavikadin\/wp-json\/wp\/v2\/posts\/157275"}],"collection":[{"href":"https:\/\/www.tgrthaber.com\/mavikadin\/wp-json\/wp\/v2\/posts"}],"about":[{"href":"https:\/\/www.tgrthaber.com\/mavikadin\/wp-json\/wp\/v2\/types\/post"}],"author":[{"embeddable":true,"href":"https:\/\/www.tgrthaber.com\/mavikadin\/wp-json\/wp\/v2\/users\/16"}],"replies":[{"embeddable":true,"href":"https:\/\/www.tgrthaber.com\/mavikadin\/wp-json\/wp\/v2\/comments?post=157275"}],"version-history":[{"count":1,"href":"https:\/\/www.tgrthaber.com\/mavikadin\/wp-json\/wp\/v2\/posts\/157275\/revisions"}],"predecessor-version":[{"id":157282,"href":"https:\/\/www.tgrthaber.com\/mavikadin\/wp-json\/wp\/v2\/posts\/157275\/revisions\/157282"}],"wp:featuredmedia":[{"embeddable":true,"href":"https:\/\/www.tgrthaber.com\/mavikadin\/wp-json\/wp\/v2\/media\/157281"}],"wp:attachment":[{"href":"https:\/\/www.tgrthaber.com\/mavikadin\/wp-json\/wp\/v2\/media?parent=157275"}],"wp:term":[{"taxonomy":"category","embeddable":true,"href":"https:\/\/www.tgrthaber.com\/mavikadin\/wp-json\/wp\/v2\/categories?post=157275"},{"taxonomy":"post_tag","embeddable":true,"href":"https:\/\/www.tgrthaber.com\/mavikadin\/wp-json\/wp\/v2\/tags?post=157275"}],"curies":[{"name":"wp","href":"https:\/\/api.w.org\/{rel}","templated":true}]}}