{"id":157361,"date":"2025-04-04T23:16:04","date_gmt":"2025-04-04T20:16:04","guid":{"rendered":"https:\/\/www.tgrthaber.com\/mavikadin\/?p=157361"},"modified":"2025-04-04T23:17:47","modified_gmt":"2025-04-04T20:17:47","slug":"13-yillik-evliligini-bitiren-gokhan-ozoguzdan-ask-itirafi-iddialara-son-nokta","status":"publish","type":"post","link":"https:\/\/www.tgrthaber.com\/mavikadin\/13-yillik-evliligini-bitiren-gokhan-ozoguzdan-ask-itirafi-iddialara-son-nokta\/","title":{"rendered":"13 y\u0131ll\u0131k evlili\u011fini bitiren G\u00f6khan \u00d6zo\u011fuz\u2019dan a\u015fk itiraf\u0131! \u0130ddialara son nokta"},"content":{"rendered":"<p>Athena grubunun ba\u015f solisti G\u00f6khan \u00d6zo\u011fuz, 13 y\u0131ll\u0131k evlili\u011fini ge\u00e7ti\u011fimiz Melis \u00dclken ile sonland\u0131rm\u0131\u015ft\u0131. Magazin bas\u0131n\u0131nda \u015fok etkisi olu\u015fturan bu olay\u0131n ard\u0131ndan G\u00f6khan \u00d6zo\u011fuz\u2019un ad\u0131 ba\u015fka \u00fcnl\u00fc isimlerle an\u0131lmaya ba\u015flanm\u0131\u015ft\u0131. \u00d6zo\u011fuz, bas\u0131nda yap\u0131lan bu haberlere ald\u0131r\u0131\u015f etmedi\u011fi dile getirdi. \u00dcnl\u00fc \u015fark\u0131c\u0131 bir mekan \u00e7\u0131k\u0131\u015f\u0131nda gazetecilerin sorular\u0131n\u0131 yan\u0131tlad\u0131.<\/p>\n<h3>\u201c D\u00dcZELMES\u0130N\u0130 BEKLED\u0130\u011e\u0130M\u0130 DURUMLAR VAR\u201d<\/h3>\n<p>\u00dcnl\u00fc \u015fark\u0131c\u0131 G\u00f6khan \u00d6zo\u011fuz, bo\u015fand\u0131ktan sonra ad\u0131 \u00fcnl\u00fc oyuncu Farah Zeynep Abdullah ile an\u0131ld\u0131. \u0130kilinin aras\u0131nda a\u015fk iddialar\u0131 dola\u015ft\u0131. \u00d6zo\u011fuz, yap\u0131lan bu haberlere kar\u015f\u0131l\u0131k bas\u0131n mensubunun \u201cSon bir a\u015fk iddialar\u0131 ortaya at\u0131ld\u0131. Do\u011fru mudur? sorusuna net bir a\u00e7\u0131kl\u0131k getirdi. \u00dcnl\u00fc \u015fark\u0131c\u0131 G\u00f6khan \u00d6zo\u011fuz, \u201c Konu\u015fmaya bile gerek yok yani. \u00c7ok fazla \u015fey \u00e7\u0131k\u0131yor biliyorsunuz. Tamamen as\u0131ls\u0131z durumlar, yaz\u0131lanlar\u2026 B\u00f6yle hatta hep beraber bakt\u0131k, bir espri yapmak zorunda kald\u0131m konuyla alakal\u0131. Biliyorsunuz, uzun zamand\u0131r zor bir d\u00f6nem ge\u00e7mi\u015fti. Onun nihai karar\u0131yla beraber daha farkl\u0131 bir forma ge\u00e7ildi. Onun d\u0131\u015f\u0131nda d\u00fczelmesini bekledi\u011fim durumlar var. Her \u015fey g\u00fczel olacak diyorum. Onun d\u0131\u015f\u0131nda ba\u015fka bir \u015fey gelmiyor akl\u0131ma.\u201d diyerek a\u015fk hayat\u0131ndaki durumla ilgili net bir a\u00e7\u0131klama yapt\u0131.\u00a0 Ayr\u0131ca s\u00f6ylemleriyle de hayat\u0131nda bir olmad\u0131\u011f\u0131n\u0131 ifade etti.<\/p>\n<p><img loading=\"lazy\" decoding=\"async\" class=\"alignnone wp-image-157313\" src=\"https:\/\/www.tgrthaber.com\/mavikadin\/wp-content\/uploads\/athena-gokhan-ozoguz-300x169.jpg\" alt=\"athena g\u00f6khan \u00f6zo\u011fuz\" width=\"1208\" height=\"680\" title=\"\" srcset=\"https:\/\/www.tgrthaber.com\/mavikadin\/wp-content\/uploads\/athena-gokhan-ozoguz-300x169.jpg 300w, https:\/\/www.tgrthaber.com\/mavikadin\/wp-content\/uploads\/athena-gokhan-ozoguz-1024x576.jpg 1024w, https:\/\/www.tgrthaber.com\/mavikadin\/wp-content\/uploads\/athena-gokhan-ozoguz-768x432.jpg 768w, https:\/\/www.tgrthaber.com\/mavikadin\/wp-content\/uploads\/athena-gokhan-ozoguz-1536x864.jpg 1536w, https:\/\/www.tgrthaber.com\/mavikadin\/wp-content\/uploads\/athena-gokhan-ozoguz.jpg 1920w\" sizes=\"(max-width: 1208px) 100vw, 1208px\" \/><\/p>\n<hr \/>\n<h3>G\u00d6KHAN \u00d6ZO\u011eUZ NEDEN BO\u015eANDI?<\/h3>\n<p>2012 y\u0131l\u0131nda Melis \u00dclken ile mutlu bir \u015fekilde d\u00fcnya evine girmi\u015flerdi. 13 y\u0131ll\u0131k evlilikleri boyunca 3 \u00e7ocuklar\u0131 d\u00fcnyaya geldi. Magazin bas\u0131n\u0131ndan uzak bir aile ya\u015fant\u0131s\u0131 s\u00fcren G\u00f6khan \u00d6zo\u011fuz ve eski e\u015fi Melis \u00dclken, 2025 y\u0131l\u0131nda bo\u015fanma karar alarak evliliklerini sonland\u0131rd\u0131lar. G\u00f6khan \u00d6zo\u011fuz\u2019un evlili\u011fini neden bitirdi\u011fine dair herhangi bir a\u00e7\u0131klama kendisi taraf\u0131ndan yap\u0131lmad\u0131. \u0130kilinin neden bo\u015fanma nedeni olarak bir \u00e7ok spek\u00fclasyon haber yap\u0131lsa da taraflardan net bir a\u00e7\u0131klama gelmedi.<\/p>\n","protected":false},"excerpt":{"rendered":"<p>G\u00f6khan \u00d6zo\u011fuz, eski e\u015finden bo\u015fand\u0131ktan sonra ad\u0131 birka\u00e7 \u00fcnl\u00fc isimle an\u0131ld\u0131. \u00d6zo\u011fuz, hakk\u0131nda \u00e7\u0131kan a\u015fk iddialar\u0131n\u0131 yalanlam\u0131\u015ft\u0131. G\u00f6khan \u00d6zo\u011fuz, a\u015fk hayat\u0131yla ilgili net bir a\u00e7\u0131klama yapt\u0131. <\/p>\n","protected":false},"author":10,"featured_media":157366,"comment_status":"closed","ping_status":"closed","sticky":false,"template":"","format":"standard","meta":{"rank_math_lock_modified_date":false,"footnotes":""},"categories":[76],"tags":[3968,16768,133,16351,2218],"class_list":["post-157361","post","type-post","status-publish","format-standard","has-post-thumbnail","hentry","category-magazin","tag-gokhan-ozoguz","tag-gokhan-ozoguz-ask","tag-magazin","tag-magazin-gundemi","tag-magazin-haberleri"],"_links":{"self":[{"href":"https:\/\/www.tgrthaber.com\/mavikadin\/wp-json\/wp\/v2\/posts\/157361"}],"collection":[{"href":"https:\/\/www.tgrthaber.com\/mavikadin\/wp-json\/wp\/v2\/posts"}],"about":[{"href":"https:\/\/www.tgrthaber.com\/mavikadin\/wp-json\/wp\/v2\/types\/post"}],"author":[{"embeddable":true,"href":"https:\/\/www.tgrthaber.com\/mavikadin\/wp-json\/wp\/v2\/users\/10"}],"replies":[{"embeddable":true,"href":"https:\/\/www.tgrthaber.com\/mavikadin\/wp-json\/wp\/v2\/comments?post=157361"}],"version-history":[{"count":1,"href":"https:\/\/www.tgrthaber.com\/mavikadin\/wp-json\/wp\/v2\/posts\/157361\/revisions"}],"predecessor-version":[{"id":157365,"href":"https:\/\/www.tgrthaber.com\/mavikadin\/wp-json\/wp\/v2\/posts\/157361\/revisions\/157365"}],"wp:featuredmedia":[{"embeddable":true,"href":"https:\/\/www.tgrthaber.com\/mavikadin\/wp-json\/wp\/v2\/media\/157366"}],"wp:attachment":[{"href":"https:\/\/www.tgrthaber.com\/mavikadin\/wp-json\/wp\/v2\/media?parent=157361"}],"wp:term":[{"taxonomy":"category","embeddable":true,"href":"https:\/\/www.tgrthaber.com\/mavikadin\/wp-json\/wp\/v2\/categories?post=157361"},{"taxonomy":"post_tag","embeddable":true,"href":"https:\/\/www.tgrthaber.com\/mavikadin\/wp-json\/wp\/v2\/tags?post=157361"}],"curies":[{"name":"wp","href":"https:\/\/api.w.org\/{rel}","templated":true}]}}